{"id":1029,"date":"2020-06-18T15:14:56","date_gmt":"2020-06-18T15:14:56","guid":{"rendered":"http:\/\/esildealba.com\/blog\/?p=1029"},"modified":"2020-06-18T15:14:56","modified_gmt":"2020-06-18T15:14:56","slug":"gresporcelanicoparaexterior-patios-jardines-terrazas-llenos-estilo","status":"publish","type":"post","link":"https:\/\/esildealba.com\/blog\/gresporcelanicoparaexterior-patios-jardines-terrazas-llenos-estilo\/","title":{"rendered":"Gres porcel\u00e1nico para exterior: patios, jardines y terrazas llenos de estilo."},"content":{"rendered":"<p>Inspiraci\u00f3n y estilo con nuestras colecciones de gres porcel\u00e1nico para exterior.<\/p>\n<p>En el post de hoy os traemos inspiraci\u00f3n con nuestras colecciones de gres porcel\u00e1nico para exterior. Ya hemos hablado en varias ocasiones de este material, tanto para interior como para esterior. Como sabemos, no se trata s\u00f3lo de sus innumerables ventajas est\u00e9ticas y versatilidad de estilos.\u00a0 Si no que tambien, es una magnifica opci\u00f3n para pavimentar espacios al aire libre. Esto se debe en gran medida a la alta durabilidad de este material, su gran resistencia al rallado y su dureza. Adem\u00e1s, de su alta capacidad de resistencia frente a las inclemencias del tiempo. Y en muchos casos su capacidad antideslizante desarrollada para estar al aire libre.<\/p>\n<h3 class=\"second_font m_bottom_3 f_left product_title\"><a class=\"sc_hover\" href=\"https:\/\/www.esildealba.com\/categorias\/azulejos-y-pavimentos_1\/exterior_10\/aitana-beige-33x33_100\">Terrazas y jardines con c\u00e1lido sabor mediterr\u00e1neo<\/a><\/h3>\n<p>Crear un ambiente c\u00e1lido y acogedor en tu terraza o jard\u00edn se reforzar\u00e1 utilizando un pvimento color arena. Como por ejemplo nuestro modelo de gres porcel\u00e1nico Aitana beige 33&#215;33. Este pavimento es una magn\u00edfica opci\u00f3n para exterior. Ya que es especial antideslizante, antihielo, de gran resitencia y de f\u00e1cil mantenimiento. Adem\u00e1s est\u00e1 disponible en cuatro colores y con cenefas y piezas especiales para formar escaleras.<\/p>\n<div id=\"attachment_1032\" style=\"width: 810px\" class=\"wp-caption alignnone\"><img loading=\"lazy\" decoding=\"async\" aria-describedby=\"caption-attachment-1032\" class=\"size-full wp-image-1032\" src=\"https:\/\/esildealba.com\/blog\/wp-content\/uploads\/2020\/06\/AZULIBERAITANA.jpg\" alt=\"cer\u00e1mica las rozas, cer\u00e1mica majadahonda, cer\u00e1mica madrid, cer\u00e1mica pozuelo, cer\u00e1mica el escorial, cer\u00e1mica villalba\" width=\"800\" height=\"393\" \/><p id=\"caption-attachment-1032\" class=\"wp-caption-text\">Gres porcel\u00e1nico modelo Aitana beige 33&#215;33<\/p><\/div>\n<h3 class=\"second_font m_bottom_3 f_left product_title\"><a class=\"sc_hover\" href=\"https:\/\/www.esildealba.com\/categorias\/azulejos-y-pavimentos_1\/exterior_10\/ares-33x33_94\"> Gres porcel\u00e1nico para exterior y tambi\u00e9n para interior<\/a><\/h3>\n<p class=\"second_font m_bottom_3 f_left product_title\">Un material ambivalente tanto para exterior como para interior. As\u00ed es nuestro modelo de gres porcel\u00e1nico pasta roja Ares 33&#215;33. Con un espesorado de 11mm, antideslizante y antihielo es un material perfecto para el exterior. Pero gracias a su acabado destonificado imitaci\u00f3n barro es tambi\u00e9n una muy buena opci\u00f3n para interior. Coloc\u00e1ndolo como pavimento en ambos espacios se lograr\u00e1 su continuidad. Por supuesto es un material de f\u00e1cil mantenimiento y tiene piezas especiales para la formaci\u00f3n de escaleras.<\/p>\n<div id=\"attachment_1030\" style=\"width: 810px\" class=\"wp-caption alignnone\"><img loading=\"lazy\" decoding=\"async\" aria-describedby=\"caption-attachment-1030\" class=\"size-full wp-image-1030\" src=\"https:\/\/esildealba.com\/blog\/wp-content\/uploads\/2020\/06\/ares.jpg\" alt=\"comprar gres porcel\u00e1nico madrid\" width=\"800\" height=\"569\" \/><p id=\"caption-attachment-1030\" class=\"wp-caption-text\">Gres porcel\u00e1nico con acabado destonificado imitaci\u00f3n barro Ares 33&#215;33.<\/p><\/div>\n<div class=\"wrapper\">\n<h3 class=\"second_font m_bottom_3 f_left product_title\"><a class=\"sc_hover\" href=\"https:\/\/www.esildealba.com\/categorias\/azulejos-y-pavimentos_1\/exterior_10\/brooklyn-75x150_98\"> Cer\u00e1mica de gran formato para un estilo minimalista<\/a><\/h3>\n<p>Descubre nuestro modelo de gres porcel\u00e1nico para exterior en gran formato modelo Brooklig 75&#215;150. Perfecto para crear un ambiente sobrio y minimalista en tu jard\u00edn. Este modelo es una fusi\u00f3n de piedra y cemento con un aspecto muy natural y textura muy suave. Adem\u00e1s. est\u00e1 disponible en varios tonos y en formatos con acabado antideslizante para zonas h\u00famedas. Perfecto paracrea ambientes sobrios y modernos.<\/p>\n<\/div>\n<div class=\"wrapper\">\n<div id=\"attachment_1031\" style=\"width: 810px\" class=\"wp-caption alignnone\"><img loading=\"lazy\" decoding=\"async\" aria-describedby=\"caption-attachment-1031\" class=\"size-full wp-image-1031\" src=\"https:\/\/esildealba.com\/blog\/wp-content\/uploads\/2020\/06\/AZULEVBROOKLYN.jpg\" alt=\"azulejos y pavimentos\" width=\"800\" height=\"572\" \/><p id=\"caption-attachment-1031\" class=\"wp-caption-text\">Gres porcel\u00e1nico de gran formato modelo Brookling 75&#215;150.<\/p><\/div>\n<p>En <a href=\"https:\/\/www.esildealba.com\/\"><strong>Esil de Alba<\/strong> <\/a>somos expertos en la venta de cer\u00e1mica en Madrid. Nuestros profesionales te asesorar\u00e1n en todo lo que necesites.<\/p>\n<\/div>\n","protected":false},"excerpt":{"rendered":"<p>Inspiraci\u00f3n y estilo con nuestras colecciones de gres porcel\u00e1nico para exterior.<\/p>\n<p>En el post de hoy os traemos inspiraci\u00f3n con nuestras colecciones de gres porcel\u00e1nico para exterior. Ya hemos hablado en varias ocasiones de este material, tanto para interior como para esterior. Como sabemos, no se trata s\u00f3lo de sus innumerables ventajas est\u00e9ticas y versatilidad de estilo.  Si no que tambien, es una magnifica opci\u00f3n para pavimentar espacios al aire libre. Esto se debe en gran medida a la alta durabilidad de este material, su gran resistencia al rallado y su dureza. Adem\u00e1s, de su alta capacidad de resistencia frente a las inclemencias del tiempo. Y en muchos casos su capacidad antideslizante desarrollada para estar al aire libre.<\/p>\n","protected":false},"author":1,"featured_media":1033,"comment_status":"open","ping_status":"open","sticky":false,"template":"","format":"standard","meta":{"footnotes":""},"categories":[4,133,18,3,67],"tags":[13,154,213,12,155,134,197,142],"class_list":["post-1029","post","type-post","status-publish","format-standard","has-post-thumbnail","hentry","category-azulejos-pavimentos-madrid","category-ceramica-para-exterior","category-decoracion","category-noticias","category-reformas","tag-azulejos-y-pavimentos","tag-azulejos-y-pavimentos-madrid","tag-ceramica-para-exterior-madrid","tag-gres-porcelanico","tag-gres-porcelanico-madrid","tag-gres-porcelanico-para-exterior","tag-pavimento-ceramico-madrid","tag-revestimiento-ceramico"],"yoast_head":"<!-- This site is optimized with the Yoast SEO plugin v27.0 - https:\/\/yoast.com\/product\/yoast-seo-wordpress\/ -->\n<title>Gres porcel\u00e1nico para exterior: patios, jardines y terrazas llenos de estilo.<\/title>\n<meta name=\"description\" content=\"Inspiraci\u00f3n y estilo con nuestras colecciones de gres porcel\u00e1nico para exterior. Un material con innumerables ventajas est\u00e9ticas y versatilidad de estilos.\" \/>\n<meta name=\"robots\" content=\"index, follow, max-snippet:-1, max-image-preview:large, max-video-preview:-1\" \/>\n<link rel=\"canonical\" href=\"https:\/\/esildealba.com\/blog\/gresporcelanicoparaexterior-patios-jardines-terrazas-llenos-estilo\/\" \/>\n<meta property=\"og:locale\" content=\"es_ES\" \/>\n<meta property=\"og:type\" content=\"article\" \/>\n<meta property=\"og:title\" content=\"Gres porcel\u00e1nico para exterior: patios, jardines y terrazas llenos de estilo.\" \/>\n<meta property=\"og:description\" content=\"Inspiraci\u00f3n y estilo con nuestras colecciones de gres porcel\u00e1nico para exterior. Un material con innumerables ventajas est\u00e9ticas y versatilidad de estilos.\" \/>\n<meta property=\"og:url\" content=\"https:\/\/esildealba.com\/blog\/gresporcelanicoparaexterior-patios-jardines-terrazas-llenos-estilo\/\" \/>\n<meta property=\"og:site_name\" content=\"El blog de Esil de Alba\" \/>\n<meta property=\"article:published_time\" content=\"2020-06-18T15:14:56+00:00\" \/>\n<meta property=\"og:image\" content=\"https:\/\/esildealba.com\/blog\/wp-content\/uploads\/2020\/06\/SistemaCreta01.jpg\" \/>\n\t<meta property=\"og:image:width\" content=\"800\" \/>\n\t<meta property=\"og:image:height\" content=\"567\" \/>\n\t<meta property=\"og:image:type\" content=\"image\/jpeg\" \/>\n<meta name=\"author\" content=\"adminesil\" \/>\n<meta name=\"twitter:card\" content=\"summary_large_image\" \/>\n<meta name=\"twitter:label1\" content=\"Escrito por\" \/>\n\t<meta name=\"twitter:data1\" content=\"adminesil\" \/>\n\t<meta name=\"twitter:label2\" content=\"Tiempo de lectura\" \/>\n\t<meta name=\"twitter:data2\" content=\"2 minutos\" \/>\n<script type=\"application\/ld+json\" class=\"yoast-schema-graph\">{\"@context\":\"https:\/\/schema.org\",\"@graph\":[{\"@type\":\"Article\",\"@id\":\"https:\/\/esildealba.com\/blog\/gresporcelanicoparaexterior-patios-jardines-terrazas-llenos-estilo\/#article\",\"isPartOf\":{\"@id\":\"https:\/\/esildealba.com\/blog\/gresporcelanicoparaexterior-patios-jardines-terrazas-llenos-estilo\/\"},\"author\":{\"name\":\"adminesil\",\"@id\":\"https:\/\/esildealba.com\/blog\/#\/schema\/person\/6119b6b1a205fafb9d8f78934e629201\"},\"headline\":\"Gres porcel\u00e1nico para exterior: patios, jardines y terrazas llenos de estilo.\",\"datePublished\":\"2020-06-18T15:14:56+00:00\",\"mainEntityOfPage\":{\"@id\":\"https:\/\/esildealba.com\/blog\/gresporcelanicoparaexterior-patios-jardines-terrazas-llenos-estilo\/\"},\"wordCount\":464,\"commentCount\":0,\"image\":{\"@id\":\"https:\/\/esildealba.com\/blog\/gresporcelanicoparaexterior-patios-jardines-terrazas-llenos-estilo\/#primaryimage\"},\"thumbnailUrl\":\"https:\/\/esildealba.com\/blog\/wp-content\/uploads\/2020\/06\/SistemaCreta01.jpg\",\"keywords\":[\"azulejos y pavimentos\",\"azulejos y pavimentos madrid\",\"cer\u00e1mica para exterior madrid\",\"gres porcel\u00e1nico\",\"gres porcel\u00e1nico madrid\",\"gres porcel\u00e1nico para exterior\",\"pavimento cer\u00e1mico madrid\",\"revestimiento cer\u00e1mico\"],\"articleSection\":[\"Azulejos y pavimentos\",\"Cer\u00e1mica para exterior\",\"Decoraci\u00f3n\",\"Noticias\",\"Reformas\"],\"inLanguage\":\"es\",\"potentialAction\":[{\"@type\":\"CommentAction\",\"name\":\"Comment\",\"target\":[\"https:\/\/esildealba.com\/blog\/gresporcelanicoparaexterior-patios-jardines-terrazas-llenos-estilo\/#respond\"]}]},{\"@type\":\"WebPage\",\"@id\":\"https:\/\/esildealba.com\/blog\/gresporcelanicoparaexterior-patios-jardines-terrazas-llenos-estilo\/\",\"url\":\"https:\/\/esildealba.com\/blog\/gresporcelanicoparaexterior-patios-jardines-terrazas-llenos-estilo\/\",\"name\":\"Gres porcel\u00e1nico para exterior: patios, jardines y terrazas llenos de estilo.\",\"isPartOf\":{\"@id\":\"https:\/\/esildealba.com\/blog\/#website\"},\"primaryImageOfPage\":{\"@id\":\"https:\/\/esildealba.com\/blog\/gresporcelanicoparaexterior-patios-jardines-terrazas-llenos-estilo\/#primaryimage\"},\"image\":{\"@id\":\"https:\/\/esildealba.com\/blog\/gresporcelanicoparaexterior-patios-jardines-terrazas-llenos-estilo\/#primaryimage\"},\"thumbnailUrl\":\"https:\/\/esildealba.com\/blog\/wp-content\/uploads\/2020\/06\/SistemaCreta01.jpg\",\"datePublished\":\"2020-06-18T15:14:56+00:00\",\"author\":{\"@id\":\"https:\/\/esildealba.com\/blog\/#\/schema\/person\/6119b6b1a205fafb9d8f78934e629201\"},\"description\":\"Inspiraci\u00f3n y estilo con nuestras colecciones de gres porcel\u00e1nico para exterior. Un material con innumerables ventajas est\u00e9ticas y versatilidad de estilos.\",\"breadcrumb\":{\"@id\":\"https:\/\/esildealba.com\/blog\/gresporcelanicoparaexterior-patios-jardines-terrazas-llenos-estilo\/#breadcrumb\"},\"inLanguage\":\"es\",\"potentialAction\":[{\"@type\":\"ReadAction\",\"target\":[\"https:\/\/esildealba.com\/blog\/gresporcelanicoparaexterior-patios-jardines-terrazas-llenos-estilo\/\"]}]},{\"@type\":\"ImageObject\",\"inLanguage\":\"es\",\"@id\":\"https:\/\/esildealba.com\/blog\/gresporcelanicoparaexterior-patios-jardines-terrazas-llenos-estilo\/#primaryimage\",\"url\":\"https:\/\/esildealba.com\/blog\/wp-content\/uploads\/2020\/06\/SistemaCreta01.jpg\",\"contentUrl\":\"https:\/\/esildealba.com\/blog\/wp-content\/uploads\/2020\/06\/SistemaCreta01.jpg\",\"width\":800,\"height\":567,\"caption\":\"gres porcel\u00e1nico para exterior\"},{\"@type\":\"BreadcrumbList\",\"@id\":\"https:\/\/esildealba.com\/blog\/gresporcelanicoparaexterior-patios-jardines-terrazas-llenos-estilo\/#breadcrumb\",\"itemListElement\":[{\"@type\":\"ListItem\",\"position\":1,\"name\":\"Portada\",\"item\":\"https:\/\/esildealba.com\/blog\/\"},{\"@type\":\"ListItem\",\"position\":2,\"name\":\"Gres porcel\u00e1nico para exterior: patios, jardines y terrazas llenos de estilo.\"}]},{\"@type\":\"WebSite\",\"@id\":\"https:\/\/esildealba.com\/blog\/#website\",\"url\":\"https:\/\/esildealba.com\/blog\/\",\"name\":\"El blog de Esil de Alba\",\"description\":\"Pavimentos, gres, azulejos y mobiliario del hogar en Madrid\",\"potentialAction\":[{\"@type\":\"SearchAction\",\"target\":{\"@type\":\"EntryPoint\",\"urlTemplate\":\"https:\/\/esildealba.com\/blog\/?s={search_term_string}\"},\"query-input\":{\"@type\":\"PropertyValueSpecification\",\"valueRequired\":true,\"valueName\":\"search_term_string\"}}],\"inLanguage\":\"es\"},{\"@type\":\"Person\",\"@id\":\"https:\/\/esildealba.com\/blog\/#\/schema\/person\/6119b6b1a205fafb9d8f78934e629201\",\"name\":\"adminesil\",\"image\":{\"@type\":\"ImageObject\",\"inLanguage\":\"es\",\"@id\":\"https:\/\/esildealba.com\/blog\/#\/schema\/person\/image\/\",\"url\":\"https:\/\/secure.gravatar.com\/avatar\/8485c6d1488deb63c7cedfd6362bb58533258598131f893c5efc794326c616e2?s=96&d=mm&r=g\",\"contentUrl\":\"https:\/\/secure.gravatar.com\/avatar\/8485c6d1488deb63c7cedfd6362bb58533258598131f893c5efc794326c616e2?s=96&d=mm&r=g\",\"caption\":\"adminesil\"},\"url\":\"https:\/\/esildealba.com\/blog\/author\/adminesil\/\"}]}<\/script>\n<!-- \/ Yoast SEO plugin. -->","yoast_head_json":{"title":"Gres porcel\u00e1nico para exterior: patios, jardines y terrazas llenos de estilo.","description":"Inspiraci\u00f3n y estilo con nuestras colecciones de gres porcel\u00e1nico para exterior. Un material con innumerables ventajas est\u00e9ticas y versatilidad de estilos.","robots":{"index":"index","follow":"follow","max-snippet":"max-snippet:-1","max-image-preview":"max-image-preview:large","max-video-preview":"max-video-preview:-1"},"canonical":"https:\/\/esildealba.com\/blog\/gresporcelanicoparaexterior-patios-jardines-terrazas-llenos-estilo\/","og_locale":"es_ES","og_type":"article","og_title":"Gres porcel\u00e1nico para exterior: patios, jardines y terrazas llenos de estilo.","og_description":"Inspiraci\u00f3n y estilo con nuestras colecciones de gres porcel\u00e1nico para exterior. Un material con innumerables ventajas est\u00e9ticas y versatilidad de estilos.","og_url":"https:\/\/esildealba.com\/blog\/gresporcelanicoparaexterior-patios-jardines-terrazas-llenos-estilo\/","og_site_name":"El blog de Esil de Alba","article_published_time":"2020-06-18T15:14:56+00:00","og_image":[{"width":800,"height":567,"url":"https:\/\/esildealba.com\/blog\/wp-content\/uploads\/2020\/06\/SistemaCreta01.jpg","type":"image\/jpeg"}],"author":"adminesil","twitter_card":"summary_large_image","twitter_misc":{"Escrito por":"adminesil","Tiempo de lectura":"2 minutos"},"schema":{"@context":"https:\/\/schema.org","@graph":[{"@type":"Article","@id":"https:\/\/esildealba.com\/blog\/gresporcelanicoparaexterior-patios-jardines-terrazas-llenos-estilo\/#article","isPartOf":{"@id":"https:\/\/esildealba.com\/blog\/gresporcelanicoparaexterior-patios-jardines-terrazas-llenos-estilo\/"},"author":{"name":"adminesil","@id":"https:\/\/esildealba.com\/blog\/#\/schema\/person\/6119b6b1a205fafb9d8f78934e629201"},"headline":"Gres porcel\u00e1nico para exterior: patios, jardines y terrazas llenos de estilo.","datePublished":"2020-06-18T15:14:56+00:00","mainEntityOfPage":{"@id":"https:\/\/esildealba.com\/blog\/gresporcelanicoparaexterior-patios-jardines-terrazas-llenos-estilo\/"},"wordCount":464,"commentCount":0,"image":{"@id":"https:\/\/esildealba.com\/blog\/gresporcelanicoparaexterior-patios-jardines-terrazas-llenos-estilo\/#primaryimage"},"thumbnailUrl":"https:\/\/esildealba.com\/blog\/wp-content\/uploads\/2020\/06\/SistemaCreta01.jpg","keywords":["azulejos y pavimentos","azulejos y pavimentos madrid","cer\u00e1mica para exterior madrid","gres porcel\u00e1nico","gres porcel\u00e1nico madrid","gres porcel\u00e1nico para exterior","pavimento cer\u00e1mico madrid","revestimiento cer\u00e1mico"],"articleSection":["Azulejos y pavimentos","Cer\u00e1mica para exterior","Decoraci\u00f3n","Noticias","Reformas"],"inLanguage":"es","potentialAction":[{"@type":"CommentAction","name":"Comment","target":["https:\/\/esildealba.com\/blog\/gresporcelanicoparaexterior-patios-jardines-terrazas-llenos-estilo\/#respond"]}]},{"@type":"WebPage","@id":"https:\/\/esildealba.com\/blog\/gresporcelanicoparaexterior-patios-jardines-terrazas-llenos-estilo\/","url":"https:\/\/esildealba.com\/blog\/gresporcelanicoparaexterior-patios-jardines-terrazas-llenos-estilo\/","name":"Gres porcel\u00e1nico para exterior: patios, jardines y terrazas llenos de estilo.","isPartOf":{"@id":"https:\/\/esildealba.com\/blog\/#website"},"primaryImageOfPage":{"@id":"https:\/\/esildealba.com\/blog\/gresporcelanicoparaexterior-patios-jardines-terrazas-llenos-estilo\/#primaryimage"},"image":{"@id":"https:\/\/esildealba.com\/blog\/gresporcelanicoparaexterior-patios-jardines-terrazas-llenos-estilo\/#primaryimage"},"thumbnailUrl":"https:\/\/esildealba.com\/blog\/wp-content\/uploads\/2020\/06\/SistemaCreta01.jpg","datePublished":"2020-06-18T15:14:56+00:00","author":{"@id":"https:\/\/esildealba.com\/blog\/#\/schema\/person\/6119b6b1a205fafb9d8f78934e629201"},"description":"Inspiraci\u00f3n y estilo con nuestras colecciones de gres porcel\u00e1nico para exterior. Un material con innumerables ventajas est\u00e9ticas y versatilidad de estilos.","breadcrumb":{"@id":"https:\/\/esildealba.com\/blog\/gresporcelanicoparaexterior-patios-jardines-terrazas-llenos-estilo\/#breadcrumb"},"inLanguage":"es","potentialAction":[{"@type":"ReadAction","target":["https:\/\/esildealba.com\/blog\/gresporcelanicoparaexterior-patios-jardines-terrazas-llenos-estilo\/"]}]},{"@type":"ImageObject","inLanguage":"es","@id":"https:\/\/esildealba.com\/blog\/gresporcelanicoparaexterior-patios-jardines-terrazas-llenos-estilo\/#primaryimage","url":"https:\/\/esildealba.com\/blog\/wp-content\/uploads\/2020\/06\/SistemaCreta01.jpg","contentUrl":"https:\/\/esildealba.com\/blog\/wp-content\/uploads\/2020\/06\/SistemaCreta01.jpg","width":800,"height":567,"caption":"gres porcel\u00e1nico para exterior"},{"@type":"BreadcrumbList","@id":"https:\/\/esildealba.com\/blog\/gresporcelanicoparaexterior-patios-jardines-terrazas-llenos-estilo\/#breadcrumb","itemListElement":[{"@type":"ListItem","position":1,"name":"Portada","item":"https:\/\/esildealba.com\/blog\/"},{"@type":"ListItem","position":2,"name":"Gres porcel\u00e1nico para exterior: patios, jardines y terrazas llenos de estilo."}]},{"@type":"WebSite","@id":"https:\/\/esildealba.com\/blog\/#website","url":"https:\/\/esildealba.com\/blog\/","name":"El blog de Esil de Alba","description":"Pavimentos, gres, azulejos y mobiliario del hogar en Madrid","potentialAction":[{"@type":"SearchAction","target":{"@type":"EntryPoint","urlTemplate":"https:\/\/esildealba.com\/blog\/?s={search_term_string}"},"query-input":{"@type":"PropertyValueSpecification","valueRequired":true,"valueName":"search_term_string"}}],"inLanguage":"es"},{"@type":"Person","@id":"https:\/\/esildealba.com\/blog\/#\/schema\/person\/6119b6b1a205fafb9d8f78934e629201","name":"adminesil","image":{"@type":"ImageObject","inLanguage":"es","@id":"https:\/\/esildealba.com\/blog\/#\/schema\/person\/image\/","url":"https:\/\/secure.gravatar.com\/avatar\/8485c6d1488deb63c7cedfd6362bb58533258598131f893c5efc794326c616e2?s=96&d=mm&r=g","contentUrl":"https:\/\/secure.gravatar.com\/avatar\/8485c6d1488deb63c7cedfd6362bb58533258598131f893c5efc794326c616e2?s=96&d=mm&r=g","caption":"adminesil"},"url":"https:\/\/esildealba.com\/blog\/author\/adminesil\/"}]}},"_links":{"self":[{"href":"https:\/\/esildealba.com\/blog\/wp-json\/wp\/v2\/posts\/1029","targetHints":{"allow":["GET"]}}],"collection":[{"href":"https:\/\/esildealba.com\/blog\/wp-json\/wp\/v2\/posts"}],"about":[{"href":"https:\/\/esildealba.com\/blog\/wp-json\/wp\/v2\/types\/post"}],"author":[{"embeddable":true,"href":"https:\/\/esildealba.com\/blog\/wp-json\/wp\/v2\/users\/1"}],"replies":[{"embeddable":true,"href":"https:\/\/esildealba.com\/blog\/wp-json\/wp\/v2\/comments?post=1029"}],"version-history":[{"count":1,"href":"https:\/\/esildealba.com\/blog\/wp-json\/wp\/v2\/posts\/1029\/revisions"}],"predecessor-version":[{"id":1034,"href":"https:\/\/esildealba.com\/blog\/wp-json\/wp\/v2\/posts\/1029\/revisions\/1034"}],"wp:featuredmedia":[{"embeddable":true,"href":"https:\/\/esildealba.com\/blog\/wp-json\/wp\/v2\/media\/1033"}],"wp:attachment":[{"href":"https:\/\/esildealba.com\/blog\/wp-json\/wp\/v2\/media?parent=1029"}],"wp:term":[{"taxonomy":"category","embeddable":true,"href":"https:\/\/esildealba.com\/blog\/wp-json\/wp\/v2\/categories?post=1029"},{"taxonomy":"post_tag","embeddable":true,"href":"https:\/\/esildealba.com\/blog\/wp-json\/wp\/v2\/tags?post=1029"}],"curies":[{"name":"wp","href":"https:\/\/api.w.org\/{rel}","templated":true}]}}