{"id":1210,"date":"2020-12-29T15:24:26","date_gmt":"2020-12-29T15:24:26","guid":{"rendered":"http:\/\/esildealba.com\/blog\/?p=1210"},"modified":"2020-12-29T15:24:26","modified_gmt":"2020-12-29T15:24:26","slug":"ceramica-para-el-cuarto-de-bano-tonos-pastel","status":"publish","type":"post","link":"https:\/\/esildealba.com\/blog\/ceramica-para-el-cuarto-de-bano-tonos-pastel\/","title":{"rendered":"Cer\u00e1mica para el cuarto de ba\u00f1o: novedades en tonos pastel."},"content":{"rendered":"<h3>\u00a1Nos encantan las novedades en cer\u00e1mica para el cuarto de ba\u00f1o!<\/h3>\n<p>Hoy en nuestro blog os hablamos de novedades de nuestra secci\u00f3n de Azulejos y Pavimentos. As\u00ed, el ba\u00f1o es uno de los espacios del hogar que es protagonista frecuente de nuestros materiales cer\u00e1mico. Por eso, hoy nos centramos precisamente en la cer\u00e1mica para el cuarto de ba\u00f1o.<\/p>\n<p>De esta forma os queremos presentar 3 propuestas en 3 tonos base pastel. Con acabados suaves y elegantes. Y decorados en relieve y con texturas. En definitiva, los mejores materiales cer\u00e1micos para revestir tu ba\u00f1o con estilo y calidad. \u00a1Empezamos!<\/p>\n<h6><strong>Los c\u00e1lidos tonos tierra que evocan naturaleza.<\/strong><\/h6>\n<p>Los tonos tierra son colores neutros facilmente combinables con otros tonos. En este caso nuestro <strong>modelo Ainhoa<\/strong> con acabado en estos colores es c\u00e1lido y elegante. La serie consta de azulejos con acabado de suave textura. Piezas rectangulares con acabado en textura rayada y decorados estilo vintage a juego. Esta gran variedad en la serie permite una gran capacidad decorativa. Por lo que se pueden crear m\u00faltiples decoraciones muy bonitas.<\/p>\n<div id=\"attachment_1212\" style=\"width: 1210px\" class=\"wp-caption alignnone\"><img loading=\"lazy\" decoding=\"async\" aria-describedby=\"caption-attachment-1212\" class=\"size-full wp-image-1212\" src=\"https:\/\/esildealba.com\/blog\/wp-content\/uploads\/2020\/12\/ambiente-ainhoa-taupe-ivori.jpg\" alt=\"cer\u00e1mica para el cuarto de ba\u00f1o\" width=\"1200\" height=\"754\" \/><p id=\"caption-attachment-1212\" class=\"wp-caption-text\">Revestimiento cer\u00e1mico en tonos tierra modelo Ainhoa.<\/p><\/div>\n<h5><strong>El color azul pastel, que evoca cuadros expresionistas.<\/strong><\/h5>\n<p>Nuestra siguiente propuesta tiene como protagonista el color azul. Se trata de nuestro <strong>modelo Paula Blue<\/strong>. Una elegante serie que consta de azulejos con acabado liso y suave. Y que se combinan con unas preciosas bases decoradas con motivos geom\u00e9tricos en relieve. Es perfecto para crear ambientes muy agradables y acogedores.<\/p>\n<div id=\"attachment_1214\" style=\"width: 1810px\" class=\"wp-caption alignnone\"><img loading=\"lazy\" decoding=\"async\" aria-describedby=\"caption-attachment-1214\" class=\"size-full wp-image-1214\" src=\"https:\/\/esildealba.com\/blog\/wp-content\/uploads\/2020\/12\/20180213120646-E10-IMG_1ENT129_HDG3-191224111636_SL_HS.jpg\" alt=\"comprar azulejos cer\u00e1micos para el cuarto de ba\u00f1o madrid\" width=\"1800\" height=\"700\" \/><p id=\"caption-attachment-1214\" class=\"wp-caption-text\">Modelo Paula Blue, en tono azul pastel.<\/p><\/div>\n<h5><strong>El tono rosa pastel, la eterna rivalidad con el azul.<br \/>\n<\/strong><\/h5>\n<p>Y siguiendo con nuestro <strong>modelo Paula<\/strong>, pero ahora en su versi\u00f3n <strong>Rose<\/strong>&#8230; El rosa que siempre juega el papel contrario al azul. En este caso un elegante y suave rosa pastel perfecto para crear ambientes minimalistas y con mucha personalidad. Tambi\u00e9n consta de azulejos con acabado listo y bases decoradas.<\/p>\n<div id=\"attachment_1213\" style=\"width: 1810px\" class=\"wp-caption alignnone\"><img loading=\"lazy\" decoding=\"async\" aria-describedby=\"caption-attachment-1213\" class=\"size-full wp-image-1213\" src=\"https:\/\/esildealba.com\/blog\/wp-content\/uploads\/2020\/12\/20180213120646-E10-IMG_1ENT129_HDG2-191224111636_SL_HS.jpg\" alt=\"comprar azulejos madrid, comprar azulejos makadahonda, comprar azulejos las rozas, comprar azulejos pozuelo, comprar azulejos el escorial, comprar azulejos villalba, \" width=\"1800\" height=\"700\" \/><p id=\"caption-attachment-1213\" class=\"wp-caption-text\">Modelo Paula Rose, el rosa pastel como protagonista.<\/p><\/div>\n<p>En <a href=\"https:\/\/www.esildealba.com\/\"><strong>Esil de Alba<\/strong><\/a> somos expertos en pavimentos y revestimentos cer\u00e1micos. Por eso somos un referente en la venta de Azulejos y Pavimentos en la Comunidad de Madrid. Nuestros profesionales te asesorar\u00e1n en los materiales m\u00e1s apropiados para tu reforma. Adem\u00e1s en nuestra secci\u00f3n de <a href=\"https:\/\/esildealba.com\/blog\/mueblesdebano-madrid-calidad\/\"><strong>Mobiliario de Ba\u00f1os<\/strong><\/a> encontrar\u00e1s los muebles y sanitarios con el estilo que quieres para tu hogar.\u00a0 <a href=\"https:\/\/www.facebook.com\/EsildeAlba\"><strong>\u00a1Te esperamos en Esil de Alba!<\/strong><\/a><\/p>\n<p>&nbsp;<\/p>\n","protected":false},"excerpt":{"rendered":"<p>\u00a1Nos encantan las novedades en cer\u00e1mica para el cuarto de ba\u00f1o!<\/p>\n<p>Hoy en nuestro blog os hablamos de novedades de nuestra secci\u00f3n de Azulejos y Pavimentos. El ba\u00f1o es uno de los espacios del hogar que es protagonista frecuente de nuestros materiales cer\u00e1mico. Por eso hoy nos centramos precisamente en la cer\u00e1mica para el cuarto de ba\u00f1o.<\/p>\n<p>As\u00ed, os presentamos 3 propuestas en 3 tonos base pastel. Acabados suaves y elegantes. Decorados en relieve y con texturas. En definitiva los mejores materiales cer\u00e1micos para revestir tu ba\u00f1o con estilo y calidad. \u00a1Empezamos!<\/p>\n","protected":false},"author":1,"featured_media":1211,"comment_status":"open","ping_status":"open","sticky":false,"template":"","format":"standard","meta":{"footnotes":""},"categories":[4,7,18,3,67],"tags":[264,266,265,267,268],"class_list":["post-1210","post","type-post","status-publish","format-standard","has-post-thumbnail","hentry","category-azulejos-pavimentos-madrid","category-banos-madrid","category-decoracion","category-noticias","category-reformas","tag-ceramica-para-el-cuarto-de-bano","tag-comprar-azulejos-bano-madris","tag-comprar-azulejos-cernamica-madrid","tag-comprar-azulejos-gres-porcelanico-madrid","tag-comprar-suelo-ceramico-bano-madrid"],"yoast_head":"<!-- This site is optimized with the Yoast SEO plugin v27.0 - https:\/\/yoast.com\/product\/yoast-seo-wordpress\/ -->\n<title>Cer\u00e1mica para el cuarto de ba\u00f1o novedades tonos pastel.<\/title>\n<meta name=\"description\" content=\"Cer\u00e1mica para el cuarto de ba\u00f1o. Uno de los espacios del hogar que es protagonista frecuente de nuestros materiales cer\u00e1micos.\" \/>\n<meta name=\"robots\" content=\"index, follow, max-snippet:-1, max-image-preview:large, max-video-preview:-1\" \/>\n<link rel=\"canonical\" href=\"https:\/\/esildealba.com\/blog\/ceramica-para-el-cuarto-de-bano-tonos-pastel\/\" \/>\n<meta property=\"og:locale\" content=\"es_ES\" \/>\n<meta property=\"og:type\" content=\"article\" \/>\n<meta property=\"og:title\" content=\"Cer\u00e1mica para el cuarto de ba\u00f1o novedades tonos pastel.\" \/>\n<meta property=\"og:description\" content=\"Cer\u00e1mica para el cuarto de ba\u00f1o. Uno de los espacios del hogar que es protagonista frecuente de nuestros materiales cer\u00e1micos.\" \/>\n<meta property=\"og:url\" content=\"https:\/\/esildealba.com\/blog\/ceramica-para-el-cuarto-de-bano-tonos-pastel\/\" \/>\n<meta property=\"og:site_name\" content=\"El blog de Esil de Alba\" \/>\n<meta property=\"article:published_time\" content=\"2020-12-29T15:24:26+00:00\" \/>\n<meta property=\"og:image\" content=\"https:\/\/esildealba.com\/blog\/wp-content\/uploads\/2020\/12\/20180213120646-E10-IMG_1ENT139_HDG0-200416195324_SL_HS.jpg\" \/>\n\t<meta property=\"og:image:width\" content=\"1800\" \/>\n\t<meta property=\"og:image:height\" content=\"700\" \/>\n\t<meta property=\"og:image:type\" content=\"image\/jpeg\" \/>\n<meta name=\"author\" content=\"adminesil\" \/>\n<meta name=\"twitter:card\" content=\"summary_large_image\" \/>\n<meta name=\"twitter:label1\" content=\"Escrito por\" \/>\n\t<meta name=\"twitter:data1\" content=\"adminesil\" \/>\n\t<meta name=\"twitter:label2\" content=\"Tiempo de lectura\" \/>\n\t<meta name=\"twitter:data2\" content=\"2 minutos\" \/>\n<script type=\"application\/ld+json\" class=\"yoast-schema-graph\">{\"@context\":\"https:\/\/schema.org\",\"@graph\":[{\"@type\":\"Article\",\"@id\":\"https:\/\/esildealba.com\/blog\/ceramica-para-el-cuarto-de-bano-tonos-pastel\/#article\",\"isPartOf\":{\"@id\":\"https:\/\/esildealba.com\/blog\/ceramica-para-el-cuarto-de-bano-tonos-pastel\/\"},\"author\":{\"name\":\"adminesil\",\"@id\":\"https:\/\/esildealba.com\/blog\/#\/schema\/person\/6119b6b1a205fafb9d8f78934e629201\"},\"headline\":\"Cer\u00e1mica para el cuarto de ba\u00f1o: novedades en tonos pastel.\",\"datePublished\":\"2020-12-29T15:24:26+00:00\",\"mainEntityOfPage\":{\"@id\":\"https:\/\/esildealba.com\/blog\/ceramica-para-el-cuarto-de-bano-tonos-pastel\/\"},\"wordCount\":438,\"commentCount\":0,\"image\":{\"@id\":\"https:\/\/esildealba.com\/blog\/ceramica-para-el-cuarto-de-bano-tonos-pastel\/#primaryimage\"},\"thumbnailUrl\":\"https:\/\/esildealba.com\/blog\/wp-content\/uploads\/2020\/12\/20180213120646-E10-IMG_1ENT139_HDG0-200416195324_SL_HS.jpg\",\"keywords\":[\"cer\u00e1mica para el cuarto de ba\u00f1o\",\"comprar azulejos ba\u00f1o madris\",\"comprar azulejos cer\u00b4\u00f1amica madrid\",\"comprar azulejos gres porcel\u00e1nico madrid\",\"comprar suelo cer\u00e1mico ba\u00f1o madrid\"],\"articleSection\":[\"Azulejos y pavimentos\",\"Ba\u00f1os\",\"Decoraci\u00f3n\",\"Noticias\",\"Reformas\"],\"inLanguage\":\"es\",\"potentialAction\":[{\"@type\":\"CommentAction\",\"name\":\"Comment\",\"target\":[\"https:\/\/esildealba.com\/blog\/ceramica-para-el-cuarto-de-bano-tonos-pastel\/#respond\"]}]},{\"@type\":\"WebPage\",\"@id\":\"https:\/\/esildealba.com\/blog\/ceramica-para-el-cuarto-de-bano-tonos-pastel\/\",\"url\":\"https:\/\/esildealba.com\/blog\/ceramica-para-el-cuarto-de-bano-tonos-pastel\/\",\"name\":\"Cer\u00e1mica para el cuarto de ba\u00f1o novedades tonos pastel.\",\"isPartOf\":{\"@id\":\"https:\/\/esildealba.com\/blog\/#website\"},\"primaryImageOfPage\":{\"@id\":\"https:\/\/esildealba.com\/blog\/ceramica-para-el-cuarto-de-bano-tonos-pastel\/#primaryimage\"},\"image\":{\"@id\":\"https:\/\/esildealba.com\/blog\/ceramica-para-el-cuarto-de-bano-tonos-pastel\/#primaryimage\"},\"thumbnailUrl\":\"https:\/\/esildealba.com\/blog\/wp-content\/uploads\/2020\/12\/20180213120646-E10-IMG_1ENT139_HDG0-200416195324_SL_HS.jpg\",\"datePublished\":\"2020-12-29T15:24:26+00:00\",\"author\":{\"@id\":\"https:\/\/esildealba.com\/blog\/#\/schema\/person\/6119b6b1a205fafb9d8f78934e629201\"},\"description\":\"Cer\u00e1mica para el cuarto de ba\u00f1o. Uno de los espacios del hogar que es protagonista frecuente de nuestros materiales cer\u00e1micos.\",\"breadcrumb\":{\"@id\":\"https:\/\/esildealba.com\/blog\/ceramica-para-el-cuarto-de-bano-tonos-pastel\/#breadcrumb\"},\"inLanguage\":\"es\",\"potentialAction\":[{\"@type\":\"ReadAction\",\"target\":[\"https:\/\/esildealba.com\/blog\/ceramica-para-el-cuarto-de-bano-tonos-pastel\/\"]}]},{\"@type\":\"ImageObject\",\"inLanguage\":\"es\",\"@id\":\"https:\/\/esildealba.com\/blog\/ceramica-para-el-cuarto-de-bano-tonos-pastel\/#primaryimage\",\"url\":\"https:\/\/esildealba.com\/blog\/wp-content\/uploads\/2020\/12\/20180213120646-E10-IMG_1ENT139_HDG0-200416195324_SL_HS.jpg\",\"contentUrl\":\"https:\/\/esildealba.com\/blog\/wp-content\/uploads\/2020\/12\/20180213120646-E10-IMG_1ENT139_HDG0-200416195324_SL_HS.jpg\",\"width\":1800,\"height\":700,\"caption\":\"cer\u00e1mica para el cuarto de ba\u00f1o\"},{\"@type\":\"BreadcrumbList\",\"@id\":\"https:\/\/esildealba.com\/blog\/ceramica-para-el-cuarto-de-bano-tonos-pastel\/#breadcrumb\",\"itemListElement\":[{\"@type\":\"ListItem\",\"position\":1,\"name\":\"Portada\",\"item\":\"https:\/\/esildealba.com\/blog\/\"},{\"@type\":\"ListItem\",\"position\":2,\"name\":\"Cer\u00e1mica para el cuarto de ba\u00f1o: novedades en tonos pastel.\"}]},{\"@type\":\"WebSite\",\"@id\":\"https:\/\/esildealba.com\/blog\/#website\",\"url\":\"https:\/\/esildealba.com\/blog\/\",\"name\":\"El blog de Esil de Alba\",\"description\":\"Pavimentos, gres, azulejos y mobiliario del hogar en Madrid\",\"potentialAction\":[{\"@type\":\"SearchAction\",\"target\":{\"@type\":\"EntryPoint\",\"urlTemplate\":\"https:\/\/esildealba.com\/blog\/?s={search_term_string}\"},\"query-input\":{\"@type\":\"PropertyValueSpecification\",\"valueRequired\":true,\"valueName\":\"search_term_string\"}}],\"inLanguage\":\"es\"},{\"@type\":\"Person\",\"@id\":\"https:\/\/esildealba.com\/blog\/#\/schema\/person\/6119b6b1a205fafb9d8f78934e629201\",\"name\":\"adminesil\",\"image\":{\"@type\":\"ImageObject\",\"inLanguage\":\"es\",\"@id\":\"https:\/\/esildealba.com\/blog\/#\/schema\/person\/image\/\",\"url\":\"https:\/\/secure.gravatar.com\/avatar\/8485c6d1488deb63c7cedfd6362bb58533258598131f893c5efc794326c616e2?s=96&d=mm&r=g\",\"contentUrl\":\"https:\/\/secure.gravatar.com\/avatar\/8485c6d1488deb63c7cedfd6362bb58533258598131f893c5efc794326c616e2?s=96&d=mm&r=g\",\"caption\":\"adminesil\"},\"url\":\"https:\/\/esildealba.com\/blog\/author\/adminesil\/\"}]}<\/script>\n<!-- \/ Yoast SEO plugin. -->","yoast_head_json":{"title":"Cer\u00e1mica para el cuarto de ba\u00f1o novedades tonos pastel.","description":"Cer\u00e1mica para el cuarto de ba\u00f1o. Uno de los espacios del hogar que es protagonista frecuente de nuestros materiales cer\u00e1micos.","robots":{"index":"index","follow":"follow","max-snippet":"max-snippet:-1","max-image-preview":"max-image-preview:large","max-video-preview":"max-video-preview:-1"},"canonical":"https:\/\/esildealba.com\/blog\/ceramica-para-el-cuarto-de-bano-tonos-pastel\/","og_locale":"es_ES","og_type":"article","og_title":"Cer\u00e1mica para el cuarto de ba\u00f1o novedades tonos pastel.","og_description":"Cer\u00e1mica para el cuarto de ba\u00f1o. Uno de los espacios del hogar que es protagonista frecuente de nuestros materiales cer\u00e1micos.","og_url":"https:\/\/esildealba.com\/blog\/ceramica-para-el-cuarto-de-bano-tonos-pastel\/","og_site_name":"El blog de Esil de Alba","article_published_time":"2020-12-29T15:24:26+00:00","og_image":[{"width":1800,"height":700,"url":"https:\/\/esildealba.com\/blog\/wp-content\/uploads\/2020\/12\/20180213120646-E10-IMG_1ENT139_HDG0-200416195324_SL_HS.jpg","type":"image\/jpeg"}],"author":"adminesil","twitter_card":"summary_large_image","twitter_misc":{"Escrito por":"adminesil","Tiempo de lectura":"2 minutos"},"schema":{"@context":"https:\/\/schema.org","@graph":[{"@type":"Article","@id":"https:\/\/esildealba.com\/blog\/ceramica-para-el-cuarto-de-bano-tonos-pastel\/#article","isPartOf":{"@id":"https:\/\/esildealba.com\/blog\/ceramica-para-el-cuarto-de-bano-tonos-pastel\/"},"author":{"name":"adminesil","@id":"https:\/\/esildealba.com\/blog\/#\/schema\/person\/6119b6b1a205fafb9d8f78934e629201"},"headline":"Cer\u00e1mica para el cuarto de ba\u00f1o: novedades en tonos pastel.","datePublished":"2020-12-29T15:24:26+00:00","mainEntityOfPage":{"@id":"https:\/\/esildealba.com\/blog\/ceramica-para-el-cuarto-de-bano-tonos-pastel\/"},"wordCount":438,"commentCount":0,"image":{"@id":"https:\/\/esildealba.com\/blog\/ceramica-para-el-cuarto-de-bano-tonos-pastel\/#primaryimage"},"thumbnailUrl":"https:\/\/esildealba.com\/blog\/wp-content\/uploads\/2020\/12\/20180213120646-E10-IMG_1ENT139_HDG0-200416195324_SL_HS.jpg","keywords":["cer\u00e1mica para el cuarto de ba\u00f1o","comprar azulejos ba\u00f1o madris","comprar azulejos cer\u00b4\u00f1amica madrid","comprar azulejos gres porcel\u00e1nico madrid","comprar suelo cer\u00e1mico ba\u00f1o madrid"],"articleSection":["Azulejos y pavimentos","Ba\u00f1os","Decoraci\u00f3n","Noticias","Reformas"],"inLanguage":"es","potentialAction":[{"@type":"CommentAction","name":"Comment","target":["https:\/\/esildealba.com\/blog\/ceramica-para-el-cuarto-de-bano-tonos-pastel\/#respond"]}]},{"@type":"WebPage","@id":"https:\/\/esildealba.com\/blog\/ceramica-para-el-cuarto-de-bano-tonos-pastel\/","url":"https:\/\/esildealba.com\/blog\/ceramica-para-el-cuarto-de-bano-tonos-pastel\/","name":"Cer\u00e1mica para el cuarto de ba\u00f1o novedades tonos pastel.","isPartOf":{"@id":"https:\/\/esildealba.com\/blog\/#website"},"primaryImageOfPage":{"@id":"https:\/\/esildealba.com\/blog\/ceramica-para-el-cuarto-de-bano-tonos-pastel\/#primaryimage"},"image":{"@id":"https:\/\/esildealba.com\/blog\/ceramica-para-el-cuarto-de-bano-tonos-pastel\/#primaryimage"},"thumbnailUrl":"https:\/\/esildealba.com\/blog\/wp-content\/uploads\/2020\/12\/20180213120646-E10-IMG_1ENT139_HDG0-200416195324_SL_HS.jpg","datePublished":"2020-12-29T15:24:26+00:00","author":{"@id":"https:\/\/esildealba.com\/blog\/#\/schema\/person\/6119b6b1a205fafb9d8f78934e629201"},"description":"Cer\u00e1mica para el cuarto de ba\u00f1o. Uno de los espacios del hogar que es protagonista frecuente de nuestros materiales cer\u00e1micos.","breadcrumb":{"@id":"https:\/\/esildealba.com\/blog\/ceramica-para-el-cuarto-de-bano-tonos-pastel\/#breadcrumb"},"inLanguage":"es","potentialAction":[{"@type":"ReadAction","target":["https:\/\/esildealba.com\/blog\/ceramica-para-el-cuarto-de-bano-tonos-pastel\/"]}]},{"@type":"ImageObject","inLanguage":"es","@id":"https:\/\/esildealba.com\/blog\/ceramica-para-el-cuarto-de-bano-tonos-pastel\/#primaryimage","url":"https:\/\/esildealba.com\/blog\/wp-content\/uploads\/2020\/12\/20180213120646-E10-IMG_1ENT139_HDG0-200416195324_SL_HS.jpg","contentUrl":"https:\/\/esildealba.com\/blog\/wp-content\/uploads\/2020\/12\/20180213120646-E10-IMG_1ENT139_HDG0-200416195324_SL_HS.jpg","width":1800,"height":700,"caption":"cer\u00e1mica para el cuarto de ba\u00f1o"},{"@type":"BreadcrumbList","@id":"https:\/\/esildealba.com\/blog\/ceramica-para-el-cuarto-de-bano-tonos-pastel\/#breadcrumb","itemListElement":[{"@type":"ListItem","position":1,"name":"Portada","item":"https:\/\/esildealba.com\/blog\/"},{"@type":"ListItem","position":2,"name":"Cer\u00e1mica para el cuarto de ba\u00f1o: novedades en tonos pastel."}]},{"@type":"WebSite","@id":"https:\/\/esildealba.com\/blog\/#website","url":"https:\/\/esildealba.com\/blog\/","name":"El blog de Esil de Alba","description":"Pavimentos, gres, azulejos y mobiliario del hogar en Madrid","potentialAction":[{"@type":"SearchAction","target":{"@type":"EntryPoint","urlTemplate":"https:\/\/esildealba.com\/blog\/?s={search_term_string}"},"query-input":{"@type":"PropertyValueSpecification","valueRequired":true,"valueName":"search_term_string"}}],"inLanguage":"es"},{"@type":"Person","@id":"https:\/\/esildealba.com\/blog\/#\/schema\/person\/6119b6b1a205fafb9d8f78934e629201","name":"adminesil","image":{"@type":"ImageObject","inLanguage":"es","@id":"https:\/\/esildealba.com\/blog\/#\/schema\/person\/image\/","url":"https:\/\/secure.gravatar.com\/avatar\/8485c6d1488deb63c7cedfd6362bb58533258598131f893c5efc794326c616e2?s=96&d=mm&r=g","contentUrl":"https:\/\/secure.gravatar.com\/avatar\/8485c6d1488deb63c7cedfd6362bb58533258598131f893c5efc794326c616e2?s=96&d=mm&r=g","caption":"adminesil"},"url":"https:\/\/esildealba.com\/blog\/author\/adminesil\/"}]}},"_links":{"self":[{"href":"https:\/\/esildealba.com\/blog\/wp-json\/wp\/v2\/posts\/1210","targetHints":{"allow":["GET"]}}],"collection":[{"href":"https:\/\/esildealba.com\/blog\/wp-json\/wp\/v2\/posts"}],"about":[{"href":"https:\/\/esildealba.com\/blog\/wp-json\/wp\/v2\/types\/post"}],"author":[{"embeddable":true,"href":"https:\/\/esildealba.com\/blog\/wp-json\/wp\/v2\/users\/1"}],"replies":[{"embeddable":true,"href":"https:\/\/esildealba.com\/blog\/wp-json\/wp\/v2\/comments?post=1210"}],"version-history":[{"count":1,"href":"https:\/\/esildealba.com\/blog\/wp-json\/wp\/v2\/posts\/1210\/revisions"}],"predecessor-version":[{"id":1215,"href":"https:\/\/esildealba.com\/blog\/wp-json\/wp\/v2\/posts\/1210\/revisions\/1215"}],"wp:featuredmedia":[{"embeddable":true,"href":"https:\/\/esildealba.com\/blog\/wp-json\/wp\/v2\/media\/1211"}],"wp:attachment":[{"href":"https:\/\/esildealba.com\/blog\/wp-json\/wp\/v2\/media?parent=1210"}],"wp:term":[{"taxonomy":"category","embeddable":true,"href":"https:\/\/esildealba.com\/blog\/wp-json\/wp\/v2\/categories?post=1210"},{"taxonomy":"post_tag","embeddable":true,"href":"https:\/\/esildealba.com\/blog\/wp-json\/wp\/v2\/tags?post=1210"}],"curies":[{"name":"wp","href":"https:\/\/api.w.org\/{rel}","templated":true}]}}