{"id":1225,"date":"2021-01-22T15:15:19","date_gmt":"2021-01-22T15:15:19","guid":{"rendered":"http:\/\/esildealba.com\/blog\/?p=1225"},"modified":"2021-01-22T15:15:19","modified_gmt":"2021-01-22T15:15:19","slug":"gresporcelanicoparalacocina-inspirate","status":"publish","type":"post","link":"https:\/\/esildealba.com\/blog\/gresporcelanicoparalacocina-inspirate\/","title":{"rendered":"Gres porcel\u00e1nico para la cocina: Insp\u00edrate con nuestras propuestas."},"content":{"rendered":"<h3>Crea ambientes con estilo \u00fanico con nuestras colecciones de gres porcel\u00e1nico para la cocina e&#8230; \u00a1Insp\u00edrate!<\/h3>\n<p><strong>Tanto para revestimiento como para pavimento el porcel\u00e1nico est\u00e1 de moda<\/strong>. Y es, por tanto, una de las mejores opciones para cualquier espacio de tu hogar. Por eso, en el post de hoy de nuestro blog te traemos inspiraci\u00f3n de actualidad de los nuevos modelos de nuestro cat\u00e1logo de <strong>Azulejos y Pavimentos<\/strong>. En este caso nos queremos enfocar en tres espectaculares propuestas de nuestro cat\u00e1logo de gres porcel\u00e1nico para la cocina.<\/p>\n<p>As\u00ed, os presentamos estas propuestas que son muy diferentes entre si. Con estilos distintos llenos de personalidad. Y por supuesto con mucha calidad.<\/p>\n<div class=\"product_description f_left f_xs_none\">\n<div class=\"wrapper\">\n<h3 class=\"second_font m_bottom_3 f_left product_title\"><a class=\"sc_hover\" href=\"https:\/\/www.esildealba.com\/categorias\/azulejos-y-pavimentos_1\/cocinas_8\/tempo-moss-11x11_52\"> Originalidad con estilo Vintage.<\/a><\/h3>\n<p>Descubre nuestro revestimiento porcel\u00e1nico de alta resistencia al rayado y al desgaste. Y que no necesita pr\u00e1cticamente mantenimiento por lo que es de f\u00e1cil limpieza. Se trata de nuestro modelo <strong>Tempo Moss 11&#215;11<\/strong>. Vers\u00e1til con un toque de estilo vintage que lo convierte en una propuesta \u00fanica origibal. Est\u00e1 disponible en 6 colores. Con 2 formatos para pared y con pavimento a juego.<\/p>\n<\/div>\n<\/div>\n<div id=\"attachment_1228\" style=\"width: 1030px\" class=\"wp-caption alignnone\"><img loading=\"lazy\" decoding=\"async\" aria-describedby=\"caption-attachment-1228\" class=\"size-full wp-image-1228\" src=\"https:\/\/esildealba.com\/blog\/wp-content\/uploads\/2021\/01\/TEMPOMOSS.jpg\" alt=\"azulejos cer\u00e1micos cocina madrid\" width=\"1020\" height=\"700\" \/><p id=\"caption-attachment-1228\" class=\"wp-caption-text\">Revestimiento porcel\u00e1nico modelo Tempo Moss.<\/p><\/div>\n<div class=\"wrapper\">\n<h3 class=\"second_font m_bottom_3 f_left product_title\"><a class=\"sc_hover\" href=\"https:\/\/www.esildealba.com\/categorias\/azulejos-y-pavimentos_1\/cocinas_8\/d-a-u-t-o-r-e-d-o-l-c-e-n-e-r-o-1-3-x-1-3_36\"> Estilo \u00fanico y diferente<\/a><\/h3>\n<p class=\"fw_light m_bottom_14 color_grey\">Originalidad y\u00a0 estilo \u00fanico son las claves para definir a nuestro modelo <strong>D&#8217;autore Dolce Nero 13&#215;13<\/strong>. Se trata de un revestimiento en gres porcel\u00e1nico extrusionado de superficie irregular. El cual tiene un dise\u00f1o de composici\u00f3n geom\u00e9trica que es lo que lo hace tan diferente. Junto con las diferentes posibilidades de colocaci\u00f3n de sus piezas. Y sus texturas que combinan el acabado liso con el relieve. Es una magnifica opci\u00f3n para obtener erspcetaculares combinaciones dentro de una misma gama de color y acabado.<\/p>\n<\/div>\n<div class=\"fs_big second_font m_bottom_17\">\n<div id=\"attachment_1229\" style=\"width: 1030px\" class=\"wp-caption alignnone\"><img loading=\"lazy\" decoding=\"async\" aria-describedby=\"caption-attachment-1229\" class=\"size-full wp-image-1229\" src=\"https:\/\/esildealba.com\/blog\/wp-content\/uploads\/2021\/01\/COCINADAUTOREDOLCE.jpg\" alt=\"azulejos madrid, azulejos majadahonda, azulejos las rozas, azulejos el escorial, azulejos villalba\" width=\"1020\" height=\"700\" \/><p id=\"caption-attachment-1229\" class=\"wp-caption-text\">D&#8217;autore Dolce Nero 13&#215;13: Revestimiento gres porcel\u00e1nico extrusionado de superficie irregular.<\/p><\/div>\n<\/div>\n<div class=\"product_options\">\n<footer class=\"bg_grey_light_2\">\n<div class=\"clearfix\">\n<div class=\"wrapper\">\n<h3 class=\"second_font m_bottom_3 f_left product_title\"><a class=\"sc_hover\" href=\"https:\/\/www.esildealba.com\/categorias\/azulejos-y-pavimentos_1\/cocinas_8\/mureto-5x25_41\">Un dise\u00f1o con brillo propio<\/a><\/h3>\n<p class=\"fw_light m_bottom_14 color_grey\">Dejate enamorar por nuestro modelo <strong>Muretto 5&#215;25<\/strong>. Este revestimiento gres porcel\u00e1nico extrusionado de superficie irregular es original y elegante. Esta original propuesta est\u00e1 disponible en seis colores diferentes y dos formatos. Adem\u00e1s, tiene distintas posibilidades de colocaci\u00f3n. Las cuales permiten dise\u00f1ar espacios \u00fanicos con resultados espectaculares.<\/p>\n<\/div>\n<div id=\"attachment_1230\" style=\"width: 1030px\" class=\"wp-caption alignnone\"><img loading=\"lazy\" decoding=\"async\" aria-describedby=\"caption-attachment-1230\" class=\"size-full wp-image-1230\" src=\"https:\/\/esildealba.com\/blog\/wp-content\/uploads\/2021\/01\/MURETTOARGENTO.jpg\" alt=\"cer\u00e1mica, azulejos cer\u00e1mico madrid\" width=\"1020\" height=\"700\" \/><p id=\"caption-attachment-1230\" class=\"wp-caption-text\">Revestimiento gres porcel\u00e1nico extrusionado modelo Muretto 5&#215;25.<\/p><\/div>\n<p>En <a href=\"https:\/\/www.esildealba.com\/index.php\"><strong>Esil de Alba<\/strong><\/a> somos expertos en la venta de Azulejos y Pavimentos en Madrid. D\u00e9jate asesorar por nuestros profesionales para encontrar los mejores materiales para tu reforma. Adem\u00e1s, tambi\u00e9n puedes visitar nuestros departamentos de <a href=\"https:\/\/esildealba.com\/blog\/renovar-tu-cocina-muebles-cocina\/\">Muebles de Cocina en Madrid y Muebles de Ba\u00f1o<\/a>. <a href=\"https:\/\/www.esildealba.com\/contacto.php\"><strong>\u00a1Te esperamos en Esil de Alba!<\/strong><\/a><\/p>\n<\/div>\n<\/footer>\n<\/div>\n<p>&nbsp;<\/p>\n","protected":false},"excerpt":{"rendered":"<p>Crea ambientes con estilo \u00fanico con nuestras colecciones de gres porcel\u00e1nico para la cocina e&#8230; \u00a1Insp\u00edrate!<\/p>\n<p>Tanto para revestimiento como para pavimento el porcel\u00e1nico est\u00e1 de moda. Y es, por tanto, una de las mejores opciones para cualquier espacio de tu hogar. Por eso, en el post de hoy de nuestro blog te traemos inspiraci\u00f3n de actualidad de los nuevos modelos de nuestro cat\u00e1logo de Azulejos y Pavimentos. En este caso nos queremos enfocar en tres espectaculares propuestas de nuestro cat\u00e1logo de gres porcel\u00e1nico para la cocina.<\/p>\n<p>As\u00ed, os presentamos estas propuestas que son muy diferentes entre si. Con estilos distintos llenos de personalidad. Y por supuesto con mucha calidad. <\/p>\n","protected":false},"author":1,"featured_media":1226,"comment_status":"open","ping_status":"open","sticky":false,"template":"","format":"standard","meta":{"footnotes":""},"categories":[4,6,18,3,67],"tags":[271,270,263],"class_list":["post-1225","post","type-post","status-publish","format-standard","has-post-thumbnail","hentry","category-azulejos-pavimentos-madrid","category-cocinas-madrid","category-decoracion","category-noticias","category-reformas","tag-azulejos-de-gres-porcelanico","tag-gres-porcelanico-para-la-cocina","tag-revestimientos-porcelanicos"],"yoast_head":"<!-- This site is optimized with the Yoast SEO plugin v27.0 - https:\/\/yoast.com\/product\/yoast-seo-wordpress\/ -->\n<title>Gres porcel\u00e1nico para la cocina: Insp\u00edrate con nuestras propuestas.<\/title>\n<meta name=\"description\" content=\"Crea ambientes con estilo \u00fanico con nuestras colecciones de gres porcel\u00e1nico para la cocina en Madrid y la zona noroeste.\" \/>\n<meta name=\"robots\" content=\"index, follow, max-snippet:-1, max-image-preview:large, max-video-preview:-1\" \/>\n<link rel=\"canonical\" href=\"https:\/\/esildealba.com\/blog\/gresporcelanicoparalacocina-inspirate\/\" \/>\n<meta property=\"og:locale\" content=\"es_ES\" \/>\n<meta property=\"og:type\" content=\"article\" \/>\n<meta property=\"og:title\" content=\"Gres porcel\u00e1nico para la cocina: Insp\u00edrate con nuestras propuestas.\" \/>\n<meta property=\"og:description\" content=\"Crea ambientes con estilo \u00fanico con nuestras colecciones de gres porcel\u00e1nico para la cocina en Madrid y la zona noroeste.\" \/>\n<meta property=\"og:url\" content=\"https:\/\/esildealba.com\/blog\/gresporcelanicoparalacocina-inspirate\/\" \/>\n<meta property=\"og:site_name\" content=\"El blog de Esil de Alba\" \/>\n<meta property=\"article:published_time\" content=\"2021-01-22T15:15:19+00:00\" \/>\n<meta property=\"og:image\" content=\"https:\/\/esildealba.com\/blog\/wp-content\/uploads\/2021\/01\/BRISBANE20x20.jpg\" \/>\n\t<meta property=\"og:image:width\" content=\"1867\" \/>\n\t<meta property=\"og:image:height\" content=\"1400\" \/>\n\t<meta property=\"og:image:type\" content=\"image\/jpeg\" \/>\n<meta name=\"author\" content=\"adminesil\" \/>\n<meta name=\"twitter:card\" content=\"summary_large_image\" \/>\n<meta name=\"twitter:label1\" content=\"Escrito por\" \/>\n\t<meta name=\"twitter:data1\" content=\"adminesil\" \/>\n\t<meta name=\"twitter:label2\" content=\"Tiempo de lectura\" \/>\n\t<meta name=\"twitter:data2\" content=\"2 minutos\" \/>\n<script type=\"application\/ld+json\" class=\"yoast-schema-graph\">{\"@context\":\"https:\/\/schema.org\",\"@graph\":[{\"@type\":\"Article\",\"@id\":\"https:\/\/esildealba.com\/blog\/gresporcelanicoparalacocina-inspirate\/#article\",\"isPartOf\":{\"@id\":\"https:\/\/esildealba.com\/blog\/gresporcelanicoparalacocina-inspirate\/\"},\"author\":{\"name\":\"adminesil\",\"@id\":\"https:\/\/esildealba.com\/blog\/#\/schema\/person\/6119b6b1a205fafb9d8f78934e629201\"},\"headline\":\"Gres porcel\u00e1nico para la cocina: Insp\u00edrate con nuestras propuestas.\",\"datePublished\":\"2021-01-22T15:15:19+00:00\",\"mainEntityOfPage\":{\"@id\":\"https:\/\/esildealba.com\/blog\/gresporcelanicoparalacocina-inspirate\/\"},\"wordCount\":447,\"commentCount\":0,\"image\":{\"@id\":\"https:\/\/esildealba.com\/blog\/gresporcelanicoparalacocina-inspirate\/#primaryimage\"},\"thumbnailUrl\":\"https:\/\/esildealba.com\/blog\/wp-content\/uploads\/2021\/01\/BRISBANE20x20.jpg\",\"keywords\":[\"azulejos de gres porcel\u00e1nico\",\"gres porcel\u00e1nico para la cocina\",\"revestimientos porcel\u00e1nicos\"],\"articleSection\":[\"Azulejos y pavimentos\",\"Cocinas\",\"Decoraci\u00f3n\",\"Noticias\",\"Reformas\"],\"inLanguage\":\"es\",\"potentialAction\":[{\"@type\":\"CommentAction\",\"name\":\"Comment\",\"target\":[\"https:\/\/esildealba.com\/blog\/gresporcelanicoparalacocina-inspirate\/#respond\"]}]},{\"@type\":\"WebPage\",\"@id\":\"https:\/\/esildealba.com\/blog\/gresporcelanicoparalacocina-inspirate\/\",\"url\":\"https:\/\/esildealba.com\/blog\/gresporcelanicoparalacocina-inspirate\/\",\"name\":\"Gres porcel\u00e1nico para la cocina: Insp\u00edrate con nuestras propuestas.\",\"isPartOf\":{\"@id\":\"https:\/\/esildealba.com\/blog\/#website\"},\"primaryImageOfPage\":{\"@id\":\"https:\/\/esildealba.com\/blog\/gresporcelanicoparalacocina-inspirate\/#primaryimage\"},\"image\":{\"@id\":\"https:\/\/esildealba.com\/blog\/gresporcelanicoparalacocina-inspirate\/#primaryimage\"},\"thumbnailUrl\":\"https:\/\/esildealba.com\/blog\/wp-content\/uploads\/2021\/01\/BRISBANE20x20.jpg\",\"datePublished\":\"2021-01-22T15:15:19+00:00\",\"author\":{\"@id\":\"https:\/\/esildealba.com\/blog\/#\/schema\/person\/6119b6b1a205fafb9d8f78934e629201\"},\"description\":\"Crea ambientes con estilo \u00fanico con nuestras colecciones de gres porcel\u00e1nico para la cocina en Madrid y la zona noroeste.\",\"breadcrumb\":{\"@id\":\"https:\/\/esildealba.com\/blog\/gresporcelanicoparalacocina-inspirate\/#breadcrumb\"},\"inLanguage\":\"es\",\"potentialAction\":[{\"@type\":\"ReadAction\",\"target\":[\"https:\/\/esildealba.com\/blog\/gresporcelanicoparalacocina-inspirate\/\"]}]},{\"@type\":\"ImageObject\",\"inLanguage\":\"es\",\"@id\":\"https:\/\/esildealba.com\/blog\/gresporcelanicoparalacocina-inspirate\/#primaryimage\",\"url\":\"https:\/\/esildealba.com\/blog\/wp-content\/uploads\/2021\/01\/BRISBANE20x20.jpg\",\"contentUrl\":\"https:\/\/esildealba.com\/blog\/wp-content\/uploads\/2021\/01\/BRISBANE20x20.jpg\",\"width\":1867,\"height\":1400,\"caption\":\"gres porcel\u00e1nico para la cocina madrid\"},{\"@type\":\"BreadcrumbList\",\"@id\":\"https:\/\/esildealba.com\/blog\/gresporcelanicoparalacocina-inspirate\/#breadcrumb\",\"itemListElement\":[{\"@type\":\"ListItem\",\"position\":1,\"name\":\"Portada\",\"item\":\"https:\/\/esildealba.com\/blog\/\"},{\"@type\":\"ListItem\",\"position\":2,\"name\":\"Gres porcel\u00e1nico para la cocina: Insp\u00edrate con nuestras propuestas.\"}]},{\"@type\":\"WebSite\",\"@id\":\"https:\/\/esildealba.com\/blog\/#website\",\"url\":\"https:\/\/esildealba.com\/blog\/\",\"name\":\"El blog de Esil de Alba\",\"description\":\"Pavimentos, gres, azulejos y mobiliario del hogar en Madrid\",\"potentialAction\":[{\"@type\":\"SearchAction\",\"target\":{\"@type\":\"EntryPoint\",\"urlTemplate\":\"https:\/\/esildealba.com\/blog\/?s={search_term_string}\"},\"query-input\":{\"@type\":\"PropertyValueSpecification\",\"valueRequired\":true,\"valueName\":\"search_term_string\"}}],\"inLanguage\":\"es\"},{\"@type\":\"Person\",\"@id\":\"https:\/\/esildealba.com\/blog\/#\/schema\/person\/6119b6b1a205fafb9d8f78934e629201\",\"name\":\"adminesil\",\"image\":{\"@type\":\"ImageObject\",\"inLanguage\":\"es\",\"@id\":\"https:\/\/esildealba.com\/blog\/#\/schema\/person\/image\/\",\"url\":\"https:\/\/secure.gravatar.com\/avatar\/8485c6d1488deb63c7cedfd6362bb58533258598131f893c5efc794326c616e2?s=96&d=mm&r=g\",\"contentUrl\":\"https:\/\/secure.gravatar.com\/avatar\/8485c6d1488deb63c7cedfd6362bb58533258598131f893c5efc794326c616e2?s=96&d=mm&r=g\",\"caption\":\"adminesil\"},\"url\":\"https:\/\/esildealba.com\/blog\/author\/adminesil\/\"}]}<\/script>\n<!-- \/ Yoast SEO plugin. -->","yoast_head_json":{"title":"Gres porcel\u00e1nico para la cocina: Insp\u00edrate con nuestras propuestas.","description":"Crea ambientes con estilo \u00fanico con nuestras colecciones de gres porcel\u00e1nico para la cocina en Madrid y la zona noroeste.","robots":{"index":"index","follow":"follow","max-snippet":"max-snippet:-1","max-image-preview":"max-image-preview:large","max-video-preview":"max-video-preview:-1"},"canonical":"https:\/\/esildealba.com\/blog\/gresporcelanicoparalacocina-inspirate\/","og_locale":"es_ES","og_type":"article","og_title":"Gres porcel\u00e1nico para la cocina: Insp\u00edrate con nuestras propuestas.","og_description":"Crea ambientes con estilo \u00fanico con nuestras colecciones de gres porcel\u00e1nico para la cocina en Madrid y la zona noroeste.","og_url":"https:\/\/esildealba.com\/blog\/gresporcelanicoparalacocina-inspirate\/","og_site_name":"El blog de Esil de Alba","article_published_time":"2021-01-22T15:15:19+00:00","og_image":[{"width":1867,"height":1400,"url":"https:\/\/esildealba.com\/blog\/wp-content\/uploads\/2021\/01\/BRISBANE20x20.jpg","type":"image\/jpeg"}],"author":"adminesil","twitter_card":"summary_large_image","twitter_misc":{"Escrito por":"adminesil","Tiempo de lectura":"2 minutos"},"schema":{"@context":"https:\/\/schema.org","@graph":[{"@type":"Article","@id":"https:\/\/esildealba.com\/blog\/gresporcelanicoparalacocina-inspirate\/#article","isPartOf":{"@id":"https:\/\/esildealba.com\/blog\/gresporcelanicoparalacocina-inspirate\/"},"author":{"name":"adminesil","@id":"https:\/\/esildealba.com\/blog\/#\/schema\/person\/6119b6b1a205fafb9d8f78934e629201"},"headline":"Gres porcel\u00e1nico para la cocina: Insp\u00edrate con nuestras propuestas.","datePublished":"2021-01-22T15:15:19+00:00","mainEntityOfPage":{"@id":"https:\/\/esildealba.com\/blog\/gresporcelanicoparalacocina-inspirate\/"},"wordCount":447,"commentCount":0,"image":{"@id":"https:\/\/esildealba.com\/blog\/gresporcelanicoparalacocina-inspirate\/#primaryimage"},"thumbnailUrl":"https:\/\/esildealba.com\/blog\/wp-content\/uploads\/2021\/01\/BRISBANE20x20.jpg","keywords":["azulejos de gres porcel\u00e1nico","gres porcel\u00e1nico para la cocina","revestimientos porcel\u00e1nicos"],"articleSection":["Azulejos y pavimentos","Cocinas","Decoraci\u00f3n","Noticias","Reformas"],"inLanguage":"es","potentialAction":[{"@type":"CommentAction","name":"Comment","target":["https:\/\/esildealba.com\/blog\/gresporcelanicoparalacocina-inspirate\/#respond"]}]},{"@type":"WebPage","@id":"https:\/\/esildealba.com\/blog\/gresporcelanicoparalacocina-inspirate\/","url":"https:\/\/esildealba.com\/blog\/gresporcelanicoparalacocina-inspirate\/","name":"Gres porcel\u00e1nico para la cocina: Insp\u00edrate con nuestras propuestas.","isPartOf":{"@id":"https:\/\/esildealba.com\/blog\/#website"},"primaryImageOfPage":{"@id":"https:\/\/esildealba.com\/blog\/gresporcelanicoparalacocina-inspirate\/#primaryimage"},"image":{"@id":"https:\/\/esildealba.com\/blog\/gresporcelanicoparalacocina-inspirate\/#primaryimage"},"thumbnailUrl":"https:\/\/esildealba.com\/blog\/wp-content\/uploads\/2021\/01\/BRISBANE20x20.jpg","datePublished":"2021-01-22T15:15:19+00:00","author":{"@id":"https:\/\/esildealba.com\/blog\/#\/schema\/person\/6119b6b1a205fafb9d8f78934e629201"},"description":"Crea ambientes con estilo \u00fanico con nuestras colecciones de gres porcel\u00e1nico para la cocina en Madrid y la zona noroeste.","breadcrumb":{"@id":"https:\/\/esildealba.com\/blog\/gresporcelanicoparalacocina-inspirate\/#breadcrumb"},"inLanguage":"es","potentialAction":[{"@type":"ReadAction","target":["https:\/\/esildealba.com\/blog\/gresporcelanicoparalacocina-inspirate\/"]}]},{"@type":"ImageObject","inLanguage":"es","@id":"https:\/\/esildealba.com\/blog\/gresporcelanicoparalacocina-inspirate\/#primaryimage","url":"https:\/\/esildealba.com\/blog\/wp-content\/uploads\/2021\/01\/BRISBANE20x20.jpg","contentUrl":"https:\/\/esildealba.com\/blog\/wp-content\/uploads\/2021\/01\/BRISBANE20x20.jpg","width":1867,"height":1400,"caption":"gres porcel\u00e1nico para la cocina madrid"},{"@type":"BreadcrumbList","@id":"https:\/\/esildealba.com\/blog\/gresporcelanicoparalacocina-inspirate\/#breadcrumb","itemListElement":[{"@type":"ListItem","position":1,"name":"Portada","item":"https:\/\/esildealba.com\/blog\/"},{"@type":"ListItem","position":2,"name":"Gres porcel\u00e1nico para la cocina: Insp\u00edrate con nuestras propuestas."}]},{"@type":"WebSite","@id":"https:\/\/esildealba.com\/blog\/#website","url":"https:\/\/esildealba.com\/blog\/","name":"El blog de Esil de Alba","description":"Pavimentos, gres, azulejos y mobiliario del hogar en Madrid","potentialAction":[{"@type":"SearchAction","target":{"@type":"EntryPoint","urlTemplate":"https:\/\/esildealba.com\/blog\/?s={search_term_string}"},"query-input":{"@type":"PropertyValueSpecification","valueRequired":true,"valueName":"search_term_string"}}],"inLanguage":"es"},{"@type":"Person","@id":"https:\/\/esildealba.com\/blog\/#\/schema\/person\/6119b6b1a205fafb9d8f78934e629201","name":"adminesil","image":{"@type":"ImageObject","inLanguage":"es","@id":"https:\/\/esildealba.com\/blog\/#\/schema\/person\/image\/","url":"https:\/\/secure.gravatar.com\/avatar\/8485c6d1488deb63c7cedfd6362bb58533258598131f893c5efc794326c616e2?s=96&d=mm&r=g","contentUrl":"https:\/\/secure.gravatar.com\/avatar\/8485c6d1488deb63c7cedfd6362bb58533258598131f893c5efc794326c616e2?s=96&d=mm&r=g","caption":"adminesil"},"url":"https:\/\/esildealba.com\/blog\/author\/adminesil\/"}]}},"_links":{"self":[{"href":"https:\/\/esildealba.com\/blog\/wp-json\/wp\/v2\/posts\/1225","targetHints":{"allow":["GET"]}}],"collection":[{"href":"https:\/\/esildealba.com\/blog\/wp-json\/wp\/v2\/posts"}],"about":[{"href":"https:\/\/esildealba.com\/blog\/wp-json\/wp\/v2\/types\/post"}],"author":[{"embeddable":true,"href":"https:\/\/esildealba.com\/blog\/wp-json\/wp\/v2\/users\/1"}],"replies":[{"embeddable":true,"href":"https:\/\/esildealba.com\/blog\/wp-json\/wp\/v2\/comments?post=1225"}],"version-history":[{"count":1,"href":"https:\/\/esildealba.com\/blog\/wp-json\/wp\/v2\/posts\/1225\/revisions"}],"predecessor-version":[{"id":1231,"href":"https:\/\/esildealba.com\/blog\/wp-json\/wp\/v2\/posts\/1225\/revisions\/1231"}],"wp:featuredmedia":[{"embeddable":true,"href":"https:\/\/esildealba.com\/blog\/wp-json\/wp\/v2\/media\/1226"}],"wp:attachment":[{"href":"https:\/\/esildealba.com\/blog\/wp-json\/wp\/v2\/media?parent=1225"}],"wp:term":[{"taxonomy":"category","embeddable":true,"href":"https:\/\/esildealba.com\/blog\/wp-json\/wp\/v2\/categories?post=1225"},{"taxonomy":"post_tag","embeddable":true,"href":"https:\/\/esildealba.com\/blog\/wp-json\/wp\/v2\/tags?post=1225"}],"curies":[{"name":"wp","href":"https:\/\/api.w.org\/{rel}","templated":true}]}}