{"id":1394,"date":"2021-07-29T12:30:44","date_gmt":"2021-07-29T12:30:44","guid":{"rendered":"http:\/\/esildealba.com\/blog\/?p=1394"},"modified":"2021-08-01T06:21:14","modified_gmt":"2021-08-01T06:21:14","slug":"cocina-perfecta-modelo-argos","status":"publish","type":"post","link":"https:\/\/esildealba.com\/blog\/cocina-perfecta-modelo-argos\/","title":{"rendered":"Cocina perfecta: nuestro modelo Argos."},"content":{"rendered":"<h2>Un lugar para crear, para disfrutar, para compartir&#8230; Tu cocina, el espacio perfecto.<\/h2>\n<p>En el post de hoy queremos hablarte de uno de nuestros modelos de muebles de cocina que nos encanta: <strong>Argos<\/strong>. Este modelo se engloba dentro de nuestro <a href=\"https:\/\/www.esildealba.com\/producto.php?prod=123\"><strong>Colecci\u00f3n Enmarcado Madera<\/strong><\/a>. Elegantes puertas de madera de roble macizo enmarcadas. Y que cuentan con un tirador lineal met\u00e1lico en mate. Las cuales crean un estilo con un toque industrial y cl\u00e1sico al mismo tiempo. Se trata de una serie de muebles con encanto natural. Adem\u00e1s, est\u00e1n dise\u00f1ados para proporcionar un gran espacio de almacenaje. Y al mismo tiempo facilitar todas las tareas a la hora de alcanzar utensilios y de guardarlos. Materiales nobles que combinan madera y metal para una cocina de estilo \u00fanico y personal.<\/p>\n<div id=\"attachment_1398\" style=\"width: 475px\" class=\"wp-caption alignnone\"><img loading=\"lazy\" decoding=\"async\" aria-describedby=\"caption-attachment-1398\" class=\"size-full wp-image-1398\" src=\"https:\/\/esildealba.com\/blog\/wp-content\/uploads\/2021\/08\/detalle8.jpg\" alt=\"muebles, almacenaje, cocinas\" width=\"465\" height=\"290\" \/><p id=\"caption-attachment-1398\" class=\"wp-caption-text\">Organizadores para facilitar tus labores.<\/p><\/div>\n<p><strong>Detalles que marcan la diferencia<\/strong>. Espacios de almacenaje dise\u00f1ados para que la <strong>organizaci\u00f3n sea f\u00e1cil y c\u00f3moda<\/strong>. Y para que puedas aaceder a todo lo que necesitas para hacer tus recetas favoritas teni\u00e9ndo siempre a mano lo que necesitas.<\/p>\n<div id=\"attachment_1397\" style=\"width: 475px\" class=\"wp-caption alignnone\"><img loading=\"lazy\" decoding=\"async\" aria-describedby=\"caption-attachment-1397\" class=\"size-full wp-image-1397\" src=\"https:\/\/esildealba.com\/blog\/wp-content\/uploads\/2021\/08\/detalle7.jpg\" alt=\"cajones cocina\" width=\"465\" height=\"290\" \/><p id=\"caption-attachment-1397\" class=\"wp-caption-text\">Cajones con cierre suave. Cuberteros y organizadores.<\/p><\/div>\n<p>Tus cubiertos, tus utensilios de cocina, la vajilla&#8230; Todo perfectamente colocado y ordenado en los amplios cajones. Cierre suave, para que no de golpe a cerrar. Accesibilidad y comodidad.<\/p>\n<div id=\"attachment_1396\" style=\"width: 560px\" class=\"wp-caption alignnone\"><img loading=\"lazy\" decoding=\"async\" aria-describedby=\"caption-attachment-1396\" class=\"size-full wp-image-1396\" src=\"https:\/\/esildealba.com\/blog\/wp-content\/uploads\/2021\/08\/detalle6.jpg\" alt=\"mueblesp para cocinas\" width=\"550\" height=\"735\" \/><p id=\"caption-attachment-1396\" class=\"wp-caption-text\">Detalles que marcan la diferencia. Kit de recoclaje premium.<\/p><\/div>\n<p>Y aspectos \u00fanicos que crean tendencia. Como por ejemplo el kit de reciclaje premium opcional. Dise\u00f1ado para que quede oculto en uno de los cajones de la cocina. Pero al mismo tiempo de f\u00e1cil y c\u00f3mo acceso.<\/p>\n<div id=\"attachment_1395\" style=\"width: 560px\" class=\"wp-caption alignnone\"><img loading=\"lazy\" decoding=\"async\" aria-describedby=\"caption-attachment-1395\" class=\"size-full wp-image-1395\" src=\"https:\/\/esildealba.com\/blog\/wp-content\/uploads\/2021\/08\/detalle5.jpg\" alt=\"muebles reformar cocina.\" width=\"550\" height=\"735\" \/><p id=\"caption-attachment-1395\" class=\"wp-caption-text\">Dise\u00f1o \u00fanico. Cajones internos de perfil estrecho.<\/p><\/div>\n<p>En <strong>Esil de Alba<\/strong> somos expertos en Muebles de Cocina. Te ayudamos a hacer realidad tu proyecto de reforma. D\u00e9jate asesorar por nuestros profesionales. <strong>Te esperamos en Esil de Alba.<\/strong><\/p>\n<p>&nbsp;<\/p>\n<p>&nbsp;<\/p>\n","protected":false},"excerpt":{"rendered":"<p>Un lugar para crear, para disfrutar, para compartir&#8230; Tu cocina, el espacio perfecto.<\/p>\n<p>En el post de hoy queremos hablarte de uno de nuestros modelos de muebles de cocina que nos encanta: Argos. Elegante puertas de madera de roble macizo enmarcadas. Y que cuentan con un tirador lineal met\u00e1lico en mate. Las cuales crean un estilo con un toque industrial y cl\u00e1sico al mismo tiempo. Se trata de una serie de muebles con encanto natural. Adem\u00e1s, est\u00e1n dise\u00f1ados para proporcionar un gran espacio de almacenaje. Y al mismo tiempo facilitar todas las tareas a la hora de alcanzar utensilios y de guardarlos. Materiales nobles que combinan madera y metal para una cocina de estilo \u00fanico y personal.<\/p>\n","protected":false},"author":1,"featured_media":1399,"comment_status":"open","ping_status":"open","sticky":false,"template":"","format":"standard","meta":{"footnotes":""},"categories":[4,6,18,5,3,67],"tags":[107,35,114,104],"class_list":["post-1394","post","type-post","status-publish","format-standard","has-post-thumbnail","hentry","category-azulejos-pavimentos-madrid","category-cocinas-madrid","category-decoracion","category-mobiliario-hogar-madrid","category-noticias","category-reformas","tag-cocina","tag-cocinas","tag-mobiliario-cocinas","tag-muebles-cocina"],"yoast_head":"<!-- This site is optimized with the Yoast SEO plugin v27.0 - https:\/\/yoast.com\/product\/yoast-seo-wordpress\/ -->\n<title>Cocina perfecta: nuestro modelo Argos. Muebles cocina Madrid.<\/title>\n<meta name=\"description\" content=\"n lugar para crear, para disfrutar, para compartir... Crea un espacio perfecto en tu hogar con nuestros muebles de cocina en Madrid.\" \/>\n<meta name=\"robots\" content=\"index, follow, max-snippet:-1, max-image-preview:large, max-video-preview:-1\" \/>\n<link rel=\"canonical\" href=\"https:\/\/esildealba.com\/blog\/cocina-perfecta-modelo-argos\/\" \/>\n<meta property=\"og:locale\" content=\"es_ES\" \/>\n<meta property=\"og:type\" content=\"article\" \/>\n<meta property=\"og:title\" content=\"Cocina perfecta: nuestro modelo Argos. Muebles cocina Madrid.\" \/>\n<meta property=\"og:description\" content=\"n lugar para crear, para disfrutar, para compartir... Crea un espacio perfecto en tu hogar con nuestros muebles de cocina en Madrid.\" \/>\n<meta property=\"og:url\" content=\"https:\/\/esildealba.com\/blog\/cocina-perfecta-modelo-argos\/\" \/>\n<meta property=\"og:site_name\" content=\"El blog de Esil de Alba\" \/>\n<meta property=\"article:published_time\" content=\"2021-07-29T12:30:44+00:00\" \/>\n<meta property=\"article:modified_time\" content=\"2021-08-01T06:21:14+00:00\" \/>\n<meta property=\"og:image\" content=\"https:\/\/esildealba.com\/blog\/wp-content\/uploads\/2021\/08\/detalle37.jpg\" \/>\n\t<meta property=\"og:image:width\" content=\"1104\" \/>\n\t<meta property=\"og:image:height\" content=\"735\" \/>\n\t<meta property=\"og:image:type\" content=\"image\/jpeg\" \/>\n<meta name=\"author\" content=\"adminesil\" \/>\n<meta name=\"twitter:card\" content=\"summary_large_image\" \/>\n<meta name=\"twitter:label1\" content=\"Escrito por\" \/>\n\t<meta name=\"twitter:data1\" content=\"adminesil\" \/>\n\t<meta name=\"twitter:label2\" content=\"Tiempo de lectura\" \/>\n\t<meta name=\"twitter:data2\" content=\"2 minutos\" \/>\n<script type=\"application\/ld+json\" class=\"yoast-schema-graph\">{\"@context\":\"https:\/\/schema.org\",\"@graph\":[{\"@type\":\"Article\",\"@id\":\"https:\/\/esildealba.com\/blog\/cocina-perfecta-modelo-argos\/#article\",\"isPartOf\":{\"@id\":\"https:\/\/esildealba.com\/blog\/cocina-perfecta-modelo-argos\/\"},\"author\":{\"name\":\"adminesil\",\"@id\":\"https:\/\/esildealba.com\/blog\/#\/schema\/person\/6119b6b1a205fafb9d8f78934e629201\"},\"headline\":\"Cocina perfecta: nuestro modelo Argos.\",\"datePublished\":\"2021-07-29T12:30:44+00:00\",\"dateModified\":\"2021-08-01T06:21:14+00:00\",\"mainEntityOfPage\":{\"@id\":\"https:\/\/esildealba.com\/blog\/cocina-perfecta-modelo-argos\/\"},\"wordCount\":341,\"commentCount\":0,\"image\":{\"@id\":\"https:\/\/esildealba.com\/blog\/cocina-perfecta-modelo-argos\/#primaryimage\"},\"thumbnailUrl\":\"https:\/\/esildealba.com\/blog\/wp-content\/uploads\/2021\/08\/detalle37.jpg\",\"keywords\":[\"cocina\",\"cocinas\",\"mobiliario cocinas\",\"muebles cocina\"],\"articleSection\":[\"Azulejos y pavimentos\",\"Cocinas\",\"Decoraci\u00f3n\",\"Mobiliario del hogar\",\"Noticias\",\"Reformas\"],\"inLanguage\":\"es\",\"potentialAction\":[{\"@type\":\"CommentAction\",\"name\":\"Comment\",\"target\":[\"https:\/\/esildealba.com\/blog\/cocina-perfecta-modelo-argos\/#respond\"]}]},{\"@type\":\"WebPage\",\"@id\":\"https:\/\/esildealba.com\/blog\/cocina-perfecta-modelo-argos\/\",\"url\":\"https:\/\/esildealba.com\/blog\/cocina-perfecta-modelo-argos\/\",\"name\":\"Cocina perfecta: nuestro modelo Argos. Muebles cocina Madrid.\",\"isPartOf\":{\"@id\":\"https:\/\/esildealba.com\/blog\/#website\"},\"primaryImageOfPage\":{\"@id\":\"https:\/\/esildealba.com\/blog\/cocina-perfecta-modelo-argos\/#primaryimage\"},\"image\":{\"@id\":\"https:\/\/esildealba.com\/blog\/cocina-perfecta-modelo-argos\/#primaryimage\"},\"thumbnailUrl\":\"https:\/\/esildealba.com\/blog\/wp-content\/uploads\/2021\/08\/detalle37.jpg\",\"datePublished\":\"2021-07-29T12:30:44+00:00\",\"dateModified\":\"2021-08-01T06:21:14+00:00\",\"author\":{\"@id\":\"https:\/\/esildealba.com\/blog\/#\/schema\/person\/6119b6b1a205fafb9d8f78934e629201\"},\"description\":\"n lugar para crear, para disfrutar, para compartir... Crea un espacio perfecto en tu hogar con nuestros muebles de cocina en Madrid.\",\"breadcrumb\":{\"@id\":\"https:\/\/esildealba.com\/blog\/cocina-perfecta-modelo-argos\/#breadcrumb\"},\"inLanguage\":\"es\",\"potentialAction\":[{\"@type\":\"ReadAction\",\"target\":[\"https:\/\/esildealba.com\/blog\/cocina-perfecta-modelo-argos\/\"]}]},{\"@type\":\"ImageObject\",\"inLanguage\":\"es\",\"@id\":\"https:\/\/esildealba.com\/blog\/cocina-perfecta-modelo-argos\/#primaryimage\",\"url\":\"https:\/\/esildealba.com\/blog\/wp-content\/uploads\/2021\/08\/detalle37.jpg\",\"contentUrl\":\"https:\/\/esildealba.com\/blog\/wp-content\/uploads\/2021\/08\/detalle37.jpg\",\"width\":1104,\"height\":735,\"caption\":\"muebles de cocina\"},{\"@type\":\"BreadcrumbList\",\"@id\":\"https:\/\/esildealba.com\/blog\/cocina-perfecta-modelo-argos\/#breadcrumb\",\"itemListElement\":[{\"@type\":\"ListItem\",\"position\":1,\"name\":\"Portada\",\"item\":\"https:\/\/esildealba.com\/blog\/\"},{\"@type\":\"ListItem\",\"position\":2,\"name\":\"Cocina perfecta: nuestro modelo Argos.\"}]},{\"@type\":\"WebSite\",\"@id\":\"https:\/\/esildealba.com\/blog\/#website\",\"url\":\"https:\/\/esildealba.com\/blog\/\",\"name\":\"El blog de Esil de Alba\",\"description\":\"Pavimentos, gres, azulejos y mobiliario del hogar en Madrid\",\"potentialAction\":[{\"@type\":\"SearchAction\",\"target\":{\"@type\":\"EntryPoint\",\"urlTemplate\":\"https:\/\/esildealba.com\/blog\/?s={search_term_string}\"},\"query-input\":{\"@type\":\"PropertyValueSpecification\",\"valueRequired\":true,\"valueName\":\"search_term_string\"}}],\"inLanguage\":\"es\"},{\"@type\":\"Person\",\"@id\":\"https:\/\/esildealba.com\/blog\/#\/schema\/person\/6119b6b1a205fafb9d8f78934e629201\",\"name\":\"adminesil\",\"image\":{\"@type\":\"ImageObject\",\"inLanguage\":\"es\",\"@id\":\"https:\/\/esildealba.com\/blog\/#\/schema\/person\/image\/\",\"url\":\"https:\/\/secure.gravatar.com\/avatar\/8485c6d1488deb63c7cedfd6362bb58533258598131f893c5efc794326c616e2?s=96&d=mm&r=g\",\"contentUrl\":\"https:\/\/secure.gravatar.com\/avatar\/8485c6d1488deb63c7cedfd6362bb58533258598131f893c5efc794326c616e2?s=96&d=mm&r=g\",\"caption\":\"adminesil\"},\"url\":\"https:\/\/esildealba.com\/blog\/author\/adminesil\/\"}]}<\/script>\n<!-- \/ Yoast SEO plugin. -->","yoast_head_json":{"title":"Cocina perfecta: nuestro modelo Argos. Muebles cocina Madrid.","description":"n lugar para crear, para disfrutar, para compartir... Crea un espacio perfecto en tu hogar con nuestros muebles de cocina en Madrid.","robots":{"index":"index","follow":"follow","max-snippet":"max-snippet:-1","max-image-preview":"max-image-preview:large","max-video-preview":"max-video-preview:-1"},"canonical":"https:\/\/esildealba.com\/blog\/cocina-perfecta-modelo-argos\/","og_locale":"es_ES","og_type":"article","og_title":"Cocina perfecta: nuestro modelo Argos. Muebles cocina Madrid.","og_description":"n lugar para crear, para disfrutar, para compartir... Crea un espacio perfecto en tu hogar con nuestros muebles de cocina en Madrid.","og_url":"https:\/\/esildealba.com\/blog\/cocina-perfecta-modelo-argos\/","og_site_name":"El blog de Esil de Alba","article_published_time":"2021-07-29T12:30:44+00:00","article_modified_time":"2021-08-01T06:21:14+00:00","og_image":[{"width":1104,"height":735,"url":"https:\/\/esildealba.com\/blog\/wp-content\/uploads\/2021\/08\/detalle37.jpg","type":"image\/jpeg"}],"author":"adminesil","twitter_card":"summary_large_image","twitter_misc":{"Escrito por":"adminesil","Tiempo de lectura":"2 minutos"},"schema":{"@context":"https:\/\/schema.org","@graph":[{"@type":"Article","@id":"https:\/\/esildealba.com\/blog\/cocina-perfecta-modelo-argos\/#article","isPartOf":{"@id":"https:\/\/esildealba.com\/blog\/cocina-perfecta-modelo-argos\/"},"author":{"name":"adminesil","@id":"https:\/\/esildealba.com\/blog\/#\/schema\/person\/6119b6b1a205fafb9d8f78934e629201"},"headline":"Cocina perfecta: nuestro modelo Argos.","datePublished":"2021-07-29T12:30:44+00:00","dateModified":"2021-08-01T06:21:14+00:00","mainEntityOfPage":{"@id":"https:\/\/esildealba.com\/blog\/cocina-perfecta-modelo-argos\/"},"wordCount":341,"commentCount":0,"image":{"@id":"https:\/\/esildealba.com\/blog\/cocina-perfecta-modelo-argos\/#primaryimage"},"thumbnailUrl":"https:\/\/esildealba.com\/blog\/wp-content\/uploads\/2021\/08\/detalle37.jpg","keywords":["cocina","cocinas","mobiliario cocinas","muebles cocina"],"articleSection":["Azulejos y pavimentos","Cocinas","Decoraci\u00f3n","Mobiliario del hogar","Noticias","Reformas"],"inLanguage":"es","potentialAction":[{"@type":"CommentAction","name":"Comment","target":["https:\/\/esildealba.com\/blog\/cocina-perfecta-modelo-argos\/#respond"]}]},{"@type":"WebPage","@id":"https:\/\/esildealba.com\/blog\/cocina-perfecta-modelo-argos\/","url":"https:\/\/esildealba.com\/blog\/cocina-perfecta-modelo-argos\/","name":"Cocina perfecta: nuestro modelo Argos. Muebles cocina Madrid.","isPartOf":{"@id":"https:\/\/esildealba.com\/blog\/#website"},"primaryImageOfPage":{"@id":"https:\/\/esildealba.com\/blog\/cocina-perfecta-modelo-argos\/#primaryimage"},"image":{"@id":"https:\/\/esildealba.com\/blog\/cocina-perfecta-modelo-argos\/#primaryimage"},"thumbnailUrl":"https:\/\/esildealba.com\/blog\/wp-content\/uploads\/2021\/08\/detalle37.jpg","datePublished":"2021-07-29T12:30:44+00:00","dateModified":"2021-08-01T06:21:14+00:00","author":{"@id":"https:\/\/esildealba.com\/blog\/#\/schema\/person\/6119b6b1a205fafb9d8f78934e629201"},"description":"n lugar para crear, para disfrutar, para compartir... Crea un espacio perfecto en tu hogar con nuestros muebles de cocina en Madrid.","breadcrumb":{"@id":"https:\/\/esildealba.com\/blog\/cocina-perfecta-modelo-argos\/#breadcrumb"},"inLanguage":"es","potentialAction":[{"@type":"ReadAction","target":["https:\/\/esildealba.com\/blog\/cocina-perfecta-modelo-argos\/"]}]},{"@type":"ImageObject","inLanguage":"es","@id":"https:\/\/esildealba.com\/blog\/cocina-perfecta-modelo-argos\/#primaryimage","url":"https:\/\/esildealba.com\/blog\/wp-content\/uploads\/2021\/08\/detalle37.jpg","contentUrl":"https:\/\/esildealba.com\/blog\/wp-content\/uploads\/2021\/08\/detalle37.jpg","width":1104,"height":735,"caption":"muebles de cocina"},{"@type":"BreadcrumbList","@id":"https:\/\/esildealba.com\/blog\/cocina-perfecta-modelo-argos\/#breadcrumb","itemListElement":[{"@type":"ListItem","position":1,"name":"Portada","item":"https:\/\/esildealba.com\/blog\/"},{"@type":"ListItem","position":2,"name":"Cocina perfecta: nuestro modelo Argos."}]},{"@type":"WebSite","@id":"https:\/\/esildealba.com\/blog\/#website","url":"https:\/\/esildealba.com\/blog\/","name":"El blog de Esil de Alba","description":"Pavimentos, gres, azulejos y mobiliario del hogar en Madrid","potentialAction":[{"@type":"SearchAction","target":{"@type":"EntryPoint","urlTemplate":"https:\/\/esildealba.com\/blog\/?s={search_term_string}"},"query-input":{"@type":"PropertyValueSpecification","valueRequired":true,"valueName":"search_term_string"}}],"inLanguage":"es"},{"@type":"Person","@id":"https:\/\/esildealba.com\/blog\/#\/schema\/person\/6119b6b1a205fafb9d8f78934e629201","name":"adminesil","image":{"@type":"ImageObject","inLanguage":"es","@id":"https:\/\/esildealba.com\/blog\/#\/schema\/person\/image\/","url":"https:\/\/secure.gravatar.com\/avatar\/8485c6d1488deb63c7cedfd6362bb58533258598131f893c5efc794326c616e2?s=96&d=mm&r=g","contentUrl":"https:\/\/secure.gravatar.com\/avatar\/8485c6d1488deb63c7cedfd6362bb58533258598131f893c5efc794326c616e2?s=96&d=mm&r=g","caption":"adminesil"},"url":"https:\/\/esildealba.com\/blog\/author\/adminesil\/"}]}},"_links":{"self":[{"href":"https:\/\/esildealba.com\/blog\/wp-json\/wp\/v2\/posts\/1394","targetHints":{"allow":["GET"]}}],"collection":[{"href":"https:\/\/esildealba.com\/blog\/wp-json\/wp\/v2\/posts"}],"about":[{"href":"https:\/\/esildealba.com\/blog\/wp-json\/wp\/v2\/types\/post"}],"author":[{"embeddable":true,"href":"https:\/\/esildealba.com\/blog\/wp-json\/wp\/v2\/users\/1"}],"replies":[{"embeddable":true,"href":"https:\/\/esildealba.com\/blog\/wp-json\/wp\/v2\/comments?post=1394"}],"version-history":[{"count":1,"href":"https:\/\/esildealba.com\/blog\/wp-json\/wp\/v2\/posts\/1394\/revisions"}],"predecessor-version":[{"id":1400,"href":"https:\/\/esildealba.com\/blog\/wp-json\/wp\/v2\/posts\/1394\/revisions\/1400"}],"wp:featuredmedia":[{"embeddable":true,"href":"https:\/\/esildealba.com\/blog\/wp-json\/wp\/v2\/media\/1399"}],"wp:attachment":[{"href":"https:\/\/esildealba.com\/blog\/wp-json\/wp\/v2\/media?parent=1394"}],"wp:term":[{"taxonomy":"category","embeddable":true,"href":"https:\/\/esildealba.com\/blog\/wp-json\/wp\/v2\/categories?post=1394"},{"taxonomy":"post_tag","embeddable":true,"href":"https:\/\/esildealba.com\/blog\/wp-json\/wp\/v2\/tags?post=1394"}],"curies":[{"name":"wp","href":"https:\/\/api.w.org\/{rel}","templated":true}]}}