{"id":1440,"date":"2021-09-17T17:05:10","date_gmt":"2021-09-17T17:05:10","guid":{"rendered":"http:\/\/esildealba.com\/blog\/?p=1440"},"modified":"2021-09-17T17:05:10","modified_gmt":"2021-09-17T17:05:10","slug":"muebles-de-cocina-unicos-modelo-rectas","status":"publish","type":"post","link":"https:\/\/esildealba.com\/blog\/muebles-de-cocina-unicos-modelo-rectas\/","title":{"rendered":"Muebles de cocina \u00fanicos: modelo Rectas."},"content":{"rendered":"<h3>Muebles de cocina \u00fanicos: Insp\u00edrate con nuestro modelo Rectas.<\/h3>\n<p><strong>Descubre un modelo de muebles de cocina \u00fanico, sofisticado y elegante<\/strong>. As\u00ed es <strong>Rectas<\/strong>, muebles con acabado dela mejor calidad. Con el\u00a0 aspecto de una cocina profesional. Y al mismo tiempo una cocina ideal para pasar el tiempo con la familia. Este cocina es perfecta para los amantes del estilo contempor\u00e1neo. Con toques propios del estilo industrial y urban chic.<\/p>\n<p>Adem\u00e1s, el conjunto de muebles para la cocina Rectas, no s\u00f3lo es elegante y atractivo. Tambi\u00e9n es funcional y con una enorme variedad de posibilidades en disposici\u00f3n de los elementos. Y tambi\u00e9n ofrece multiples y variadas opciones de almacenajes y accesorios. Todos ellos dise\u00f1ados para crear un espacio \u00fanico y a la medida de tus necesidades.<\/p>\n<h3 class=\"second_font m_bottom_3 f_left product_title\"><a class=\"sc_hover\" href=\"https:\/\/www.esildealba.com\/categorias\/cocinas_3\/mobiliario_19\/rectas_135\"> Un espacio elegante a la medida de lo que necesitas.<\/a><\/h3>\n<p>Dise\u00f1a un espacio completamente personalizado con los muebles para la cocina Rectas. Elige los acabados que m\u00e1s te gusten dentro de las elegantes l\u00edneas de este conjunto. Adem\u00e1s, podr\u00e1s adaptarla al tama\u00f1o y disposici\u00f3n de la habitaci\u00f3n. Creando la composici\u00f3n que mejor se adapte a tu espacio. Y a tu estilo de vida.<\/p>\n<div id=\"attachment_1449\" style=\"width: 860px\" class=\"wp-caption alignnone\"><img loading=\"lazy\" decoding=\"async\" aria-describedby=\"caption-attachment-1449\" class=\"size-full wp-image-1449\" src=\"https:\/\/esildealba.com\/blog\/wp-content\/uploads\/2021\/09\/COCINA-8.jpg\" alt=\"muebles para la cocina a medida\" width=\"850\" height=\"567\" \/><p id=\"caption-attachment-1449\" class=\"wp-caption-text\">Elegante y muy original.<\/p><\/div>\n<p>Los interiores de los armarios y cajones est\u00e1n cuidadosamente dise\u00f1ados. De esta forma, adem\u00e1s de ofrecer amplios espacios de almacenaje, son s\u00faper funcionales. Y adem\u00e1s, podr\u00e1s incluir una gran variedad de elementos para mantener el orden en todos tus enseres de cocina.<\/p>\n<div id=\"attachment_1450\" style=\"width: 560px\" class=\"wp-caption alignnone\"><img loading=\"lazy\" decoding=\"async\" aria-describedby=\"caption-attachment-1450\" class=\"size-full wp-image-1450\" src=\"https:\/\/esildealba.com\/blog\/wp-content\/uploads\/2021\/09\/COCINA-6.jpg\" alt=\"mobiliario cocinas a medida\" width=\"550\" height=\"735\" \/><p id=\"caption-attachment-1450\" class=\"wp-caption-text\">Interior de los cajones.<\/p><\/div>\n<p>Con las elegantes puertas de la cocina Rectas puedes tener ocultos elementos como las puertas de los electrodom\u00e9sticos. Todos los espacios de almacenaje son funcionales y est\u00e1n dise\u00f1ados para tener un f\u00e1cil acceso.<\/p>\n<div id=\"attachment_1445\" style=\"width: 501px\" class=\"wp-caption alignnone\"><img loading=\"lazy\" decoding=\"async\" aria-describedby=\"caption-attachment-1445\" class=\"size-full wp-image-1445\" src=\"https:\/\/esildealba.com\/blog\/wp-content\/uploads\/2021\/09\/COCINA-3.jpg\" alt=\"cocina nueva\" width=\"491\" height=\"737\" \/><p id=\"caption-attachment-1445\" class=\"wp-caption-text\">Electrodom\u00e9sticos integrados.<\/p><\/div>\n<p>En Rectas todo est\u00e1 dise\u00f1ado para que sea de f\u00e1cil acceso. Como por ejemplo los armarios altos con puera coplanar.<\/p>\n<div id=\"attachment_1444\" style=\"width: 501px\" class=\"wp-caption alignnone\"><img loading=\"lazy\" decoding=\"async\" aria-describedby=\"caption-attachment-1444\" class=\"size-full wp-image-1444\" src=\"https:\/\/esildealba.com\/blog\/wp-content\/uploads\/2021\/09\/COCINA-2.jpg\" alt=\"comprar muebles cocina madrid, comprar muebles cocina las rozas, comprar muebles cocina majadahonda, comprar muebles cocina pozuelo, comprar muebles cocina majadahonda, comprar muebles cocina villalba, comprar muebles cocina boadilla, comprar muebles cocina el escorial, comprar muebles cocina valdemorillo\" width=\"491\" height=\"737\" \/><p id=\"caption-attachment-1444\" class=\"wp-caption-text\">Puerta coplanar para muebles altos.<\/p><\/div>\n<p>En <a href=\"https:\/\/www.esildealba.com\/\"><strong>Esil de Alba<\/strong><\/a> encontrar\u00e1s los muebles perfectos para tu cocina. Ven y d\u00e9jate asesorar por los profesionales de nuestro Departamento de Cocinas. \u00a1Y ver\u00e1s c\u00f3mo se hace realidad tu proyecto!<\/p>\n<div class=\"mceTemp\"><\/div>\n<p>&nbsp;<\/p>\n<article>\u00a0<\/article>\n","protected":false},"excerpt":{"rendered":"<p>Muebles de cocina \u00fanicos: Insp\u00edrate con nuestro modelo Rectas.<\/p>\n<p>Descubre un modelo de muebles de cocina \u00fanico, sofisticado y elegante. As\u00ed es Rectas, muebles con acabado dela mejor calidad. Con el  aspecto de una cocina profesional. Y al mismo tiempo una cocina ideal para pasar el tiempo con la familia. Este cocina es perfecta para los amantes del estilo contempor\u00e1neo. Con toques propios del estilo industrial y urban chic.<\/p>\n<p>Adem\u00e1s, el conjunto de muebles para la cocina Rectas, no s\u00f3lo es elegante y atractivo. Tambi\u00e9n es funcional y con una enorme variedad de posibilidades en disposici\u00f3n de los elementos. Y tambi\u00e9n ofrece multiples y variadas opciones de almacenajes y accesorios. Todos ellos dise\u00f1ados para crear un espacio \u00fanico y a la medida de tus necesidades.<\/p>\n","protected":false},"author":1,"featured_media":1448,"comment_status":"open","ping_status":"open","sticky":false,"template":"","format":"standard","meta":{"footnotes":""},"categories":[4,6,18,5,3,67],"tags":[276,114,333,104,80,106],"class_list":["post-1440","post","type-post","status-publish","format-standard","has-post-thumbnail","hentry","category-azulejos-pavimentos-madrid","category-cocinas-madrid","category-decoracion","category-mobiliario-hogar-madrid","category-noticias","category-reformas","tag-comprar-muebles-cocina","tag-mobiliario-cocinas","tag-mobiliario-para-la-cocina","tag-muebles-cocina","tag-muebles-de-cocina","tag-muebles-para-la-cocina"],"yoast_head":"<!-- This site is optimized with the Yoast SEO plugin v27.0 - https:\/\/yoast.com\/product\/yoast-seo-wordpress\/ -->\n<title>Muebles de cocina \u00fanicos: modelo Rectas. - El blog de Esil de Alba<\/title>\n<meta name=\"description\" content=\"Descubre un modelo de muebles de cocina \u00fanico, sofisticado y elegante. As\u00ed es Rectas, muebles con acabado dela mejor calidad.\" \/>\n<meta name=\"robots\" content=\"index, follow, max-snippet:-1, max-image-preview:large, max-video-preview:-1\" \/>\n<link rel=\"canonical\" href=\"https:\/\/esildealba.com\/blog\/muebles-de-cocina-unicos-modelo-rectas\/\" \/>\n<meta property=\"og:locale\" content=\"es_ES\" \/>\n<meta property=\"og:type\" content=\"article\" \/>\n<meta property=\"og:title\" content=\"Muebles de cocina \u00fanicos: modelo Rectas. - El blog de Esil de Alba\" \/>\n<meta property=\"og:description\" content=\"Descubre un modelo de muebles de cocina \u00fanico, sofisticado y elegante. As\u00ed es Rectas, muebles con acabado dela mejor calidad.\" \/>\n<meta property=\"og:url\" content=\"https:\/\/esildealba.com\/blog\/muebles-de-cocina-unicos-modelo-rectas\/\" \/>\n<meta property=\"og:site_name\" content=\"El blog de Esil de Alba\" \/>\n<meta property=\"article:published_time\" content=\"2021-09-17T17:05:10+00:00\" \/>\n<meta property=\"og:image\" content=\"https:\/\/esildealba.com\/blog\/wp-content\/uploads\/2021\/09\/COCINA-7.jpg\" \/>\n\t<meta property=\"og:image:width\" content=\"850\" \/>\n\t<meta property=\"og:image:height\" content=\"480\" \/>\n\t<meta property=\"og:image:type\" content=\"image\/jpeg\" \/>\n<meta name=\"author\" content=\"adminesil\" \/>\n<meta name=\"twitter:card\" content=\"summary_large_image\" \/>\n<meta name=\"twitter:label1\" content=\"Escrito por\" \/>\n\t<meta name=\"twitter:data1\" content=\"adminesil\" \/>\n\t<meta name=\"twitter:label2\" content=\"Tiempo de lectura\" \/>\n\t<meta name=\"twitter:data2\" content=\"2 minutos\" \/>\n<script type=\"application\/ld+json\" class=\"yoast-schema-graph\">{\"@context\":\"https:\/\/schema.org\",\"@graph\":[{\"@type\":\"Article\",\"@id\":\"https:\/\/esildealba.com\/blog\/muebles-de-cocina-unicos-modelo-rectas\/#article\",\"isPartOf\":{\"@id\":\"https:\/\/esildealba.com\/blog\/muebles-de-cocina-unicos-modelo-rectas\/\"},\"author\":{\"name\":\"adminesil\",\"@id\":\"https:\/\/esildealba.com\/blog\/#\/schema\/person\/6119b6b1a205fafb9d8f78934e629201\"},\"headline\":\"Muebles de cocina \u00fanicos: modelo Rectas.\",\"datePublished\":\"2021-09-17T17:05:10+00:00\",\"mainEntityOfPage\":{\"@id\":\"https:\/\/esildealba.com\/blog\/muebles-de-cocina-unicos-modelo-rectas\/\"},\"wordCount\":398,\"commentCount\":0,\"image\":{\"@id\":\"https:\/\/esildealba.com\/blog\/muebles-de-cocina-unicos-modelo-rectas\/#primaryimage\"},\"thumbnailUrl\":\"https:\/\/esildealba.com\/blog\/wp-content\/uploads\/2021\/09\/COCINA-7.jpg\",\"keywords\":[\"comprar muebles cocina\",\"mobiliario cocinas\",\"mobiliario para la cocina\",\"muebles cocina\",\"muebles de cocina\",\"muebles para la cocina\"],\"articleSection\":[\"Azulejos y pavimentos\",\"Cocinas\",\"Decoraci\u00f3n\",\"Mobiliario del hogar\",\"Noticias\",\"Reformas\"],\"inLanguage\":\"es\",\"potentialAction\":[{\"@type\":\"CommentAction\",\"name\":\"Comment\",\"target\":[\"https:\/\/esildealba.com\/blog\/muebles-de-cocina-unicos-modelo-rectas\/#respond\"]}]},{\"@type\":\"WebPage\",\"@id\":\"https:\/\/esildealba.com\/blog\/muebles-de-cocina-unicos-modelo-rectas\/\",\"url\":\"https:\/\/esildealba.com\/blog\/muebles-de-cocina-unicos-modelo-rectas\/\",\"name\":\"Muebles de cocina \u00fanicos: modelo Rectas. - El blog de Esil de Alba\",\"isPartOf\":{\"@id\":\"https:\/\/esildealba.com\/blog\/#website\"},\"primaryImageOfPage\":{\"@id\":\"https:\/\/esildealba.com\/blog\/muebles-de-cocina-unicos-modelo-rectas\/#primaryimage\"},\"image\":{\"@id\":\"https:\/\/esildealba.com\/blog\/muebles-de-cocina-unicos-modelo-rectas\/#primaryimage\"},\"thumbnailUrl\":\"https:\/\/esildealba.com\/blog\/wp-content\/uploads\/2021\/09\/COCINA-7.jpg\",\"datePublished\":\"2021-09-17T17:05:10+00:00\",\"author\":{\"@id\":\"https:\/\/esildealba.com\/blog\/#\/schema\/person\/6119b6b1a205fafb9d8f78934e629201\"},\"description\":\"Descubre un modelo de muebles de cocina \u00fanico, sofisticado y elegante. As\u00ed es Rectas, muebles con acabado dela mejor calidad.\",\"breadcrumb\":{\"@id\":\"https:\/\/esildealba.com\/blog\/muebles-de-cocina-unicos-modelo-rectas\/#breadcrumb\"},\"inLanguage\":\"es\",\"potentialAction\":[{\"@type\":\"ReadAction\",\"target\":[\"https:\/\/esildealba.com\/blog\/muebles-de-cocina-unicos-modelo-rectas\/\"]}]},{\"@type\":\"ImageObject\",\"inLanguage\":\"es\",\"@id\":\"https:\/\/esildealba.com\/blog\/muebles-de-cocina-unicos-modelo-rectas\/#primaryimage\",\"url\":\"https:\/\/esildealba.com\/blog\/wp-content\/uploads\/2021\/09\/COCINA-7.jpg\",\"contentUrl\":\"https:\/\/esildealba.com\/blog\/wp-content\/uploads\/2021\/09\/COCINA-7.jpg\",\"width\":850,\"height\":480,\"caption\":\"Muebles de cocina modelo Rectas.\"},{\"@type\":\"BreadcrumbList\",\"@id\":\"https:\/\/esildealba.com\/blog\/muebles-de-cocina-unicos-modelo-rectas\/#breadcrumb\",\"itemListElement\":[{\"@type\":\"ListItem\",\"position\":1,\"name\":\"Portada\",\"item\":\"https:\/\/esildealba.com\/blog\/\"},{\"@type\":\"ListItem\",\"position\":2,\"name\":\"Muebles de cocina \u00fanicos: modelo Rectas.\"}]},{\"@type\":\"WebSite\",\"@id\":\"https:\/\/esildealba.com\/blog\/#website\",\"url\":\"https:\/\/esildealba.com\/blog\/\",\"name\":\"El blog de Esil de Alba\",\"description\":\"Pavimentos, gres, azulejos y mobiliario del hogar en Madrid\",\"potentialAction\":[{\"@type\":\"SearchAction\",\"target\":{\"@type\":\"EntryPoint\",\"urlTemplate\":\"https:\/\/esildealba.com\/blog\/?s={search_term_string}\"},\"query-input\":{\"@type\":\"PropertyValueSpecification\",\"valueRequired\":true,\"valueName\":\"search_term_string\"}}],\"inLanguage\":\"es\"},{\"@type\":\"Person\",\"@id\":\"https:\/\/esildealba.com\/blog\/#\/schema\/person\/6119b6b1a205fafb9d8f78934e629201\",\"name\":\"adminesil\",\"image\":{\"@type\":\"ImageObject\",\"inLanguage\":\"es\",\"@id\":\"https:\/\/esildealba.com\/blog\/#\/schema\/person\/image\/\",\"url\":\"https:\/\/secure.gravatar.com\/avatar\/8485c6d1488deb63c7cedfd6362bb58533258598131f893c5efc794326c616e2?s=96&d=mm&r=g\",\"contentUrl\":\"https:\/\/secure.gravatar.com\/avatar\/8485c6d1488deb63c7cedfd6362bb58533258598131f893c5efc794326c616e2?s=96&d=mm&r=g\",\"caption\":\"adminesil\"},\"url\":\"https:\/\/esildealba.com\/blog\/author\/adminesil\/\"}]}<\/script>\n<!-- \/ Yoast SEO plugin. -->","yoast_head_json":{"title":"Muebles de cocina \u00fanicos: modelo Rectas. - El blog de Esil de Alba","description":"Descubre un modelo de muebles de cocina \u00fanico, sofisticado y elegante. As\u00ed es Rectas, muebles con acabado dela mejor calidad.","robots":{"index":"index","follow":"follow","max-snippet":"max-snippet:-1","max-image-preview":"max-image-preview:large","max-video-preview":"max-video-preview:-1"},"canonical":"https:\/\/esildealba.com\/blog\/muebles-de-cocina-unicos-modelo-rectas\/","og_locale":"es_ES","og_type":"article","og_title":"Muebles de cocina \u00fanicos: modelo Rectas. - El blog de Esil de Alba","og_description":"Descubre un modelo de muebles de cocina \u00fanico, sofisticado y elegante. As\u00ed es Rectas, muebles con acabado dela mejor calidad.","og_url":"https:\/\/esildealba.com\/blog\/muebles-de-cocina-unicos-modelo-rectas\/","og_site_name":"El blog de Esil de Alba","article_published_time":"2021-09-17T17:05:10+00:00","og_image":[{"width":850,"height":480,"url":"https:\/\/esildealba.com\/blog\/wp-content\/uploads\/2021\/09\/COCINA-7.jpg","type":"image\/jpeg"}],"author":"adminesil","twitter_card":"summary_large_image","twitter_misc":{"Escrito por":"adminesil","Tiempo de lectura":"2 minutos"},"schema":{"@context":"https:\/\/schema.org","@graph":[{"@type":"Article","@id":"https:\/\/esildealba.com\/blog\/muebles-de-cocina-unicos-modelo-rectas\/#article","isPartOf":{"@id":"https:\/\/esildealba.com\/blog\/muebles-de-cocina-unicos-modelo-rectas\/"},"author":{"name":"adminesil","@id":"https:\/\/esildealba.com\/blog\/#\/schema\/person\/6119b6b1a205fafb9d8f78934e629201"},"headline":"Muebles de cocina \u00fanicos: modelo Rectas.","datePublished":"2021-09-17T17:05:10+00:00","mainEntityOfPage":{"@id":"https:\/\/esildealba.com\/blog\/muebles-de-cocina-unicos-modelo-rectas\/"},"wordCount":398,"commentCount":0,"image":{"@id":"https:\/\/esildealba.com\/blog\/muebles-de-cocina-unicos-modelo-rectas\/#primaryimage"},"thumbnailUrl":"https:\/\/esildealba.com\/blog\/wp-content\/uploads\/2021\/09\/COCINA-7.jpg","keywords":["comprar muebles cocina","mobiliario cocinas","mobiliario para la cocina","muebles cocina","muebles de cocina","muebles para la cocina"],"articleSection":["Azulejos y pavimentos","Cocinas","Decoraci\u00f3n","Mobiliario del hogar","Noticias","Reformas"],"inLanguage":"es","potentialAction":[{"@type":"CommentAction","name":"Comment","target":["https:\/\/esildealba.com\/blog\/muebles-de-cocina-unicos-modelo-rectas\/#respond"]}]},{"@type":"WebPage","@id":"https:\/\/esildealba.com\/blog\/muebles-de-cocina-unicos-modelo-rectas\/","url":"https:\/\/esildealba.com\/blog\/muebles-de-cocina-unicos-modelo-rectas\/","name":"Muebles de cocina \u00fanicos: modelo Rectas. - El blog de Esil de Alba","isPartOf":{"@id":"https:\/\/esildealba.com\/blog\/#website"},"primaryImageOfPage":{"@id":"https:\/\/esildealba.com\/blog\/muebles-de-cocina-unicos-modelo-rectas\/#primaryimage"},"image":{"@id":"https:\/\/esildealba.com\/blog\/muebles-de-cocina-unicos-modelo-rectas\/#primaryimage"},"thumbnailUrl":"https:\/\/esildealba.com\/blog\/wp-content\/uploads\/2021\/09\/COCINA-7.jpg","datePublished":"2021-09-17T17:05:10+00:00","author":{"@id":"https:\/\/esildealba.com\/blog\/#\/schema\/person\/6119b6b1a205fafb9d8f78934e629201"},"description":"Descubre un modelo de muebles de cocina \u00fanico, sofisticado y elegante. As\u00ed es Rectas, muebles con acabado dela mejor calidad.","breadcrumb":{"@id":"https:\/\/esildealba.com\/blog\/muebles-de-cocina-unicos-modelo-rectas\/#breadcrumb"},"inLanguage":"es","potentialAction":[{"@type":"ReadAction","target":["https:\/\/esildealba.com\/blog\/muebles-de-cocina-unicos-modelo-rectas\/"]}]},{"@type":"ImageObject","inLanguage":"es","@id":"https:\/\/esildealba.com\/blog\/muebles-de-cocina-unicos-modelo-rectas\/#primaryimage","url":"https:\/\/esildealba.com\/blog\/wp-content\/uploads\/2021\/09\/COCINA-7.jpg","contentUrl":"https:\/\/esildealba.com\/blog\/wp-content\/uploads\/2021\/09\/COCINA-7.jpg","width":850,"height":480,"caption":"Muebles de cocina modelo Rectas."},{"@type":"BreadcrumbList","@id":"https:\/\/esildealba.com\/blog\/muebles-de-cocina-unicos-modelo-rectas\/#breadcrumb","itemListElement":[{"@type":"ListItem","position":1,"name":"Portada","item":"https:\/\/esildealba.com\/blog\/"},{"@type":"ListItem","position":2,"name":"Muebles de cocina \u00fanicos: modelo Rectas."}]},{"@type":"WebSite","@id":"https:\/\/esildealba.com\/blog\/#website","url":"https:\/\/esildealba.com\/blog\/","name":"El blog de Esil de Alba","description":"Pavimentos, gres, azulejos y mobiliario del hogar en Madrid","potentialAction":[{"@type":"SearchAction","target":{"@type":"EntryPoint","urlTemplate":"https:\/\/esildealba.com\/blog\/?s={search_term_string}"},"query-input":{"@type":"PropertyValueSpecification","valueRequired":true,"valueName":"search_term_string"}}],"inLanguage":"es"},{"@type":"Person","@id":"https:\/\/esildealba.com\/blog\/#\/schema\/person\/6119b6b1a205fafb9d8f78934e629201","name":"adminesil","image":{"@type":"ImageObject","inLanguage":"es","@id":"https:\/\/esildealba.com\/blog\/#\/schema\/person\/image\/","url":"https:\/\/secure.gravatar.com\/avatar\/8485c6d1488deb63c7cedfd6362bb58533258598131f893c5efc794326c616e2?s=96&d=mm&r=g","contentUrl":"https:\/\/secure.gravatar.com\/avatar\/8485c6d1488deb63c7cedfd6362bb58533258598131f893c5efc794326c616e2?s=96&d=mm&r=g","caption":"adminesil"},"url":"https:\/\/esildealba.com\/blog\/author\/adminesil\/"}]}},"_links":{"self":[{"href":"https:\/\/esildealba.com\/blog\/wp-json\/wp\/v2\/posts\/1440","targetHints":{"allow":["GET"]}}],"collection":[{"href":"https:\/\/esildealba.com\/blog\/wp-json\/wp\/v2\/posts"}],"about":[{"href":"https:\/\/esildealba.com\/blog\/wp-json\/wp\/v2\/types\/post"}],"author":[{"embeddable":true,"href":"https:\/\/esildealba.com\/blog\/wp-json\/wp\/v2\/users\/1"}],"replies":[{"embeddable":true,"href":"https:\/\/esildealba.com\/blog\/wp-json\/wp\/v2\/comments?post=1440"}],"version-history":[{"count":3,"href":"https:\/\/esildealba.com\/blog\/wp-json\/wp\/v2\/posts\/1440\/revisions"}],"predecessor-version":[{"id":1452,"href":"https:\/\/esildealba.com\/blog\/wp-json\/wp\/v2\/posts\/1440\/revisions\/1452"}],"wp:featuredmedia":[{"embeddable":true,"href":"https:\/\/esildealba.com\/blog\/wp-json\/wp\/v2\/media\/1448"}],"wp:attachment":[{"href":"https:\/\/esildealba.com\/blog\/wp-json\/wp\/v2\/media?parent=1440"}],"wp:term":[{"taxonomy":"category","embeddable":true,"href":"https:\/\/esildealba.com\/blog\/wp-json\/wp\/v2\/categories?post=1440"},{"taxonomy":"post_tag","embeddable":true,"href":"https:\/\/esildealba.com\/blog\/wp-json\/wp\/v2\/tags?post=1440"}],"curies":[{"name":"wp","href":"https:\/\/api.w.org\/{rel}","templated":true}]}}