{"id":1496,"date":"2021-11-18T17:30:42","date_gmt":"2021-11-18T17:30:42","guid":{"rendered":"http:\/\/esildealba.com\/blog\/?p=1496"},"modified":"2021-11-22T18:41:32","modified_gmt":"2021-11-22T18:41:32","slug":"muebles-de-cocina-enmarcado-laca-elegancia-y-originalidad","status":"publish","type":"post","link":"https:\/\/esildealba.com\/blog\/muebles-de-cocina-enmarcado-laca-elegancia-y-originalidad\/","title":{"rendered":"Muebles de cocina: Enmarcado Laca, elegancia y originalidad."},"content":{"rendered":"<h2>Descubre Enmarcado Laca, una Colecci\u00f3n de muebles de cocina con un dise\u00f1o inspirado en un estilo de vida vanguardista.<\/h2>\n<p>En el post de hoy de nuestro blog os vamos a hablar de una <strong>Colecci\u00f3n de muebles de cocina de estilo moderno, elegantes y originales.<\/strong> Se trata de <strong>Enmarcado Laca<\/strong>. Una cocina de que supone una propuesta de alto impacto visual. Por un lado gracias al acabado monocromatico de la propuesta. Y por otro gracias al sutil enmarcado con tiradores en metalico mate de estilo cl\u00e1sico. Adem\u00e1s, los frontales en trampantojo son otro de los elementos m\u00e1s originales de este conjunto. Puertas que parecen cajones, funcionales espacios de almacenaje ocultos y la combinaci\u00f3n de estanter\u00edas met\u00e1licas. Un dise\u00f1o orientado al orden y la funcionalidad.<\/p>\n<h3>Detalles que convierten el conjunto Enmarcado Laca en una colecci\u00f3n de muebles de cocina \u00fanicos.<\/h3>\n<p><img loading=\"lazy\" decoding=\"async\" class=\"alignnone size-full wp-image-1500\" src=\"https:\/\/esildealba.com\/blog\/wp-content\/uploads\/2021\/11\/general1.jpg\" alt=\"comprar muebles de cocina madrid\" width=\"1140\" height=\"740\" \/><\/p>\n<p>Descubre como con la <strong>Colecci\u00f3n de Muebles de Cocina Enmarcado Laca<\/strong> puedes crear espacios de alto valor decorativo. Muebles originales y al mismo tiempo c\u00f3modos y funcionales. Dise\u00f1ados con una gran variedad de detalles que los convierten en una propuesta singular.<\/p>\n<p><img loading=\"lazy\" decoding=\"async\" class=\"alignnone size-full wp-image-1502\" src=\"https:\/\/esildealba.com\/blog\/wp-content\/uploads\/2021\/11\/detalle1.jpg\" alt=\"mobiliario cocinas\" width=\"550\" height=\"360\" \/><\/p>\n<p>La mesa extraible oculta en el interior del mueble es perfecta como mueble auxiliar. Ideal para desayunos y disfrutar de momentos de relax en cualquier momento del d\u00eda.<\/p>\n<p><img loading=\"lazy\" decoding=\"async\" class=\"alignnone size-full wp-image-1498\" src=\"https:\/\/esildealba.com\/blog\/wp-content\/uploads\/2021\/11\/detalle4.jpg\" alt=\"armarios de cocina\" width=\"550\" height=\"825\" \/><\/p>\n<p>Los armarios de esta cocina est\u00e1n dise\u00f1ados para proporcionar espacios de almacenaje c\u00f3modos y funcionales. Como el herraje organizador adosado a la puerta del armario que se muestra en la fotograf\u00eda. Un detalle perfecto para organizar los objetos y <strong>aprovechar al m\u00e1ximo el espacio<\/strong>.<\/p>\n<p><img loading=\"lazy\" decoding=\"async\" class=\"alignnone size-full wp-image-1497\" src=\"https:\/\/esildealba.com\/blog\/wp-content\/uploads\/2021\/11\/detalle2.jpg\" alt=\"armario de cocina con puerta abatible\" width=\"550\" height=\"360\" \/><\/p>\n<p>Las puertas abatibles en los armarios superiores son perfectas para facilitar la apertura de los mismos. Y al mismo tiempo facilitar tambi\u00e9n el alcance de los objetos.<\/p>\n<h3>Muebles de cocina \u00fanicos.<\/h3>\n<p>En <strong>Esil de Alba<\/strong> somos expertos en ayudarte a hacer realidad el proyecto de tu cocina. Ven a nuestro <strong>Departamento de Cocinas<\/strong>, nuestros profesionales te ayudar\u00e1n a planificar tu nuevo espacio. <strong>\u00a1Te esperamos en Esil de Alba!<\/strong><\/p>\n","protected":false},"excerpt":{"rendered":"<p>Descubre Enmarcado Laca, una Colecci\u00f3n de muebles de cocina con un dise\u00f1o inspirado en un estilo de vida vanguardista.<\/p>\n<p>En el post de hoy de nuestro blog os vamos a hablar de una Colecci\u00f3n de muebles de cocina de estilo moderno, elegantes y originales. Se trata de Enmarcado Laca. Una cocina de que supone una propuesta de alto impacto visual. Por un lado gracias al acabado monocromatico de la propuesta. Y por otro gracias al sutil enmarcado con tiradores en metalico mate de estilo cl\u00e1sico. Adem\u00e1s, los frontales en trampantojo son otro de los elementos m\u00e1s originales de este conjunto. Puertas que parecen cajones, funcionales espacios de almacenaje ocultos y la combinaci\u00f3n de estanter\u00edas met\u00e1licas. Un dise\u00f1o orientado al orden y la funcionalidad.<br \/>\nDetalles que convierten el conjunto Enmarcado Laca en una colecci\u00f3n de muebles de cocina \u00fanicos.<\/p>\n","protected":false},"author":1,"featured_media":1499,"comment_status":"open","ping_status":"open","sticky":false,"template":"","format":"standard","meta":{"footnotes":""},"categories":[6,18],"tags":[343,344,80],"class_list":["post-1496","post","type-post","status-publish","format-standard","has-post-thumbnail","hentry","category-cocinas-madrid","category-decoracion","tag-mobiliario-para-cocinas","tag-muebles-cocinas","tag-muebles-de-cocina"],"yoast_head":"<!-- This site is optimized with the Yoast SEO plugin v27.0 - https:\/\/yoast.com\/product\/yoast-seo-wordpress\/ -->\n<title>Muebles de cocina en Madrid elegancia, precio y calidad .<\/title>\n<meta name=\"description\" content=\"Descubre Enmarcado Laca, una Colecci\u00f3n de muebles de cocina con un dise\u00f1o inspirado en un estilo de vida vanguardista. Encu\u00e9ntralos en Esil de Alba\" \/>\n<meta name=\"robots\" content=\"index, follow, max-snippet:-1, max-image-preview:large, max-video-preview:-1\" \/>\n<link rel=\"canonical\" href=\"https:\/\/esildealba.com\/blog\/muebles-de-cocina-enmarcado-laca-elegancia-y-originalidad\/\" \/>\n<meta property=\"og:locale\" content=\"es_ES\" \/>\n<meta property=\"og:type\" content=\"article\" \/>\n<meta property=\"og:title\" content=\"Muebles de cocina en Madrid elegancia, precio y calidad .\" \/>\n<meta property=\"og:description\" content=\"Descubre Enmarcado Laca, una Colecci\u00f3n de muebles de cocina con un dise\u00f1o inspirado en un estilo de vida vanguardista. Encu\u00e9ntralos en Esil de Alba\" \/>\n<meta property=\"og:url\" content=\"https:\/\/esildealba.com\/blog\/muebles-de-cocina-enmarcado-laca-elegancia-y-originalidad\/\" \/>\n<meta property=\"og:site_name\" content=\"El blog de Esil de Alba\" \/>\n<meta property=\"article:published_time\" content=\"2021-11-18T17:30:42+00:00\" \/>\n<meta property=\"article:modified_time\" content=\"2021-11-22T18:41:32+00:00\" \/>\n<meta property=\"og:image\" content=\"https:\/\/esildealba.com\/blog\/wp-content\/uploads\/2021\/11\/enmarcado-laca.jpg\" \/>\n\t<meta property=\"og:image:width\" content=\"2000\" \/>\n\t<meta property=\"og:image:height\" content=\"1063\" \/>\n\t<meta property=\"og:image:type\" content=\"image\/jpeg\" \/>\n<meta name=\"author\" content=\"adminesil\" \/>\n<meta name=\"twitter:card\" content=\"summary_large_image\" \/>\n<meta name=\"twitter:label1\" content=\"Escrito por\" \/>\n\t<meta name=\"twitter:data1\" content=\"adminesil\" \/>\n\t<meta name=\"twitter:label2\" content=\"Tiempo de lectura\" \/>\n\t<meta name=\"twitter:data2\" content=\"2 minutos\" \/>\n<script type=\"application\/ld+json\" class=\"yoast-schema-graph\">{\"@context\":\"https:\/\/schema.org\",\"@graph\":[{\"@type\":\"Article\",\"@id\":\"https:\/\/esildealba.com\/blog\/muebles-de-cocina-enmarcado-laca-elegancia-y-originalidad\/#article\",\"isPartOf\":{\"@id\":\"https:\/\/esildealba.com\/blog\/muebles-de-cocina-enmarcado-laca-elegancia-y-originalidad\/\"},\"author\":{\"name\":\"adminesil\",\"@id\":\"https:\/\/esildealba.com\/blog\/#\/schema\/person\/6119b6b1a205fafb9d8f78934e629201\"},\"headline\":\"Muebles de cocina: Enmarcado Laca, elegancia y originalidad.\",\"datePublished\":\"2021-11-18T17:30:42+00:00\",\"dateModified\":\"2021-11-22T18:41:32+00:00\",\"mainEntityOfPage\":{\"@id\":\"https:\/\/esildealba.com\/blog\/muebles-de-cocina-enmarcado-laca-elegancia-y-originalidad\/\"},\"wordCount\":349,\"commentCount\":0,\"image\":{\"@id\":\"https:\/\/esildealba.com\/blog\/muebles-de-cocina-enmarcado-laca-elegancia-y-originalidad\/#primaryimage\"},\"thumbnailUrl\":\"https:\/\/esildealba.com\/blog\/wp-content\/uploads\/2021\/11\/enmarcado-laca.jpg\",\"keywords\":[\"mobiliario para cocinas\",\"muebles cocinas\",\"muebles de cocina\"],\"articleSection\":[\"Cocinas\",\"Decoraci\u00f3n\"],\"inLanguage\":\"es\",\"potentialAction\":[{\"@type\":\"CommentAction\",\"name\":\"Comment\",\"target\":[\"https:\/\/esildealba.com\/blog\/muebles-de-cocina-enmarcado-laca-elegancia-y-originalidad\/#respond\"]}]},{\"@type\":\"WebPage\",\"@id\":\"https:\/\/esildealba.com\/blog\/muebles-de-cocina-enmarcado-laca-elegancia-y-originalidad\/\",\"url\":\"https:\/\/esildealba.com\/blog\/muebles-de-cocina-enmarcado-laca-elegancia-y-originalidad\/\",\"name\":\"Muebles de cocina en Madrid elegancia, precio y calidad .\",\"isPartOf\":{\"@id\":\"https:\/\/esildealba.com\/blog\/#website\"},\"primaryImageOfPage\":{\"@id\":\"https:\/\/esildealba.com\/blog\/muebles-de-cocina-enmarcado-laca-elegancia-y-originalidad\/#primaryimage\"},\"image\":{\"@id\":\"https:\/\/esildealba.com\/blog\/muebles-de-cocina-enmarcado-laca-elegancia-y-originalidad\/#primaryimage\"},\"thumbnailUrl\":\"https:\/\/esildealba.com\/blog\/wp-content\/uploads\/2021\/11\/enmarcado-laca.jpg\",\"datePublished\":\"2021-11-18T17:30:42+00:00\",\"dateModified\":\"2021-11-22T18:41:32+00:00\",\"author\":{\"@id\":\"https:\/\/esildealba.com\/blog\/#\/schema\/person\/6119b6b1a205fafb9d8f78934e629201\"},\"description\":\"Descubre Enmarcado Laca, una Colecci\u00f3n de muebles de cocina con un dise\u00f1o inspirado en un estilo de vida vanguardista. Encu\u00e9ntralos en Esil de Alba\",\"breadcrumb\":{\"@id\":\"https:\/\/esildealba.com\/blog\/muebles-de-cocina-enmarcado-laca-elegancia-y-originalidad\/#breadcrumb\"},\"inLanguage\":\"es\",\"potentialAction\":[{\"@type\":\"ReadAction\",\"target\":[\"https:\/\/esildealba.com\/blog\/muebles-de-cocina-enmarcado-laca-elegancia-y-originalidad\/\"]}]},{\"@type\":\"ImageObject\",\"inLanguage\":\"es\",\"@id\":\"https:\/\/esildealba.com\/blog\/muebles-de-cocina-enmarcado-laca-elegancia-y-originalidad\/#primaryimage\",\"url\":\"https:\/\/esildealba.com\/blog\/wp-content\/uploads\/2021\/11\/enmarcado-laca.jpg\",\"contentUrl\":\"https:\/\/esildealba.com\/blog\/wp-content\/uploads\/2021\/11\/enmarcado-laca.jpg\",\"width\":2000,\"height\":1063,\"caption\":\"muebles de cocina\"},{\"@type\":\"BreadcrumbList\",\"@id\":\"https:\/\/esildealba.com\/blog\/muebles-de-cocina-enmarcado-laca-elegancia-y-originalidad\/#breadcrumb\",\"itemListElement\":[{\"@type\":\"ListItem\",\"position\":1,\"name\":\"Portada\",\"item\":\"https:\/\/esildealba.com\/blog\/\"},{\"@type\":\"ListItem\",\"position\":2,\"name\":\"Muebles de cocina: Enmarcado Laca, elegancia y originalidad.\"}]},{\"@type\":\"WebSite\",\"@id\":\"https:\/\/esildealba.com\/blog\/#website\",\"url\":\"https:\/\/esildealba.com\/blog\/\",\"name\":\"El blog de Esil de Alba\",\"description\":\"Pavimentos, gres, azulejos y mobiliario del hogar en Madrid\",\"potentialAction\":[{\"@type\":\"SearchAction\",\"target\":{\"@type\":\"EntryPoint\",\"urlTemplate\":\"https:\/\/esildealba.com\/blog\/?s={search_term_string}\"},\"query-input\":{\"@type\":\"PropertyValueSpecification\",\"valueRequired\":true,\"valueName\":\"search_term_string\"}}],\"inLanguage\":\"es\"},{\"@type\":\"Person\",\"@id\":\"https:\/\/esildealba.com\/blog\/#\/schema\/person\/6119b6b1a205fafb9d8f78934e629201\",\"name\":\"adminesil\",\"image\":{\"@type\":\"ImageObject\",\"inLanguage\":\"es\",\"@id\":\"https:\/\/esildealba.com\/blog\/#\/schema\/person\/image\/\",\"url\":\"https:\/\/secure.gravatar.com\/avatar\/8485c6d1488deb63c7cedfd6362bb58533258598131f893c5efc794326c616e2?s=96&d=mm&r=g\",\"contentUrl\":\"https:\/\/secure.gravatar.com\/avatar\/8485c6d1488deb63c7cedfd6362bb58533258598131f893c5efc794326c616e2?s=96&d=mm&r=g\",\"caption\":\"adminesil\"},\"url\":\"https:\/\/esildealba.com\/blog\/author\/adminesil\/\"}]}<\/script>\n<!-- \/ Yoast SEO plugin. -->","yoast_head_json":{"title":"Muebles de cocina en Madrid elegancia, precio y calidad .","description":"Descubre Enmarcado Laca, una Colecci\u00f3n de muebles de cocina con un dise\u00f1o inspirado en un estilo de vida vanguardista. Encu\u00e9ntralos en Esil de Alba","robots":{"index":"index","follow":"follow","max-snippet":"max-snippet:-1","max-image-preview":"max-image-preview:large","max-video-preview":"max-video-preview:-1"},"canonical":"https:\/\/esildealba.com\/blog\/muebles-de-cocina-enmarcado-laca-elegancia-y-originalidad\/","og_locale":"es_ES","og_type":"article","og_title":"Muebles de cocina en Madrid elegancia, precio y calidad .","og_description":"Descubre Enmarcado Laca, una Colecci\u00f3n de muebles de cocina con un dise\u00f1o inspirado en un estilo de vida vanguardista. Encu\u00e9ntralos en Esil de Alba","og_url":"https:\/\/esildealba.com\/blog\/muebles-de-cocina-enmarcado-laca-elegancia-y-originalidad\/","og_site_name":"El blog de Esil de Alba","article_published_time":"2021-11-18T17:30:42+00:00","article_modified_time":"2021-11-22T18:41:32+00:00","og_image":[{"width":2000,"height":1063,"url":"https:\/\/esildealba.com\/blog\/wp-content\/uploads\/2021\/11\/enmarcado-laca.jpg","type":"image\/jpeg"}],"author":"adminesil","twitter_card":"summary_large_image","twitter_misc":{"Escrito por":"adminesil","Tiempo de lectura":"2 minutos"},"schema":{"@context":"https:\/\/schema.org","@graph":[{"@type":"Article","@id":"https:\/\/esildealba.com\/blog\/muebles-de-cocina-enmarcado-laca-elegancia-y-originalidad\/#article","isPartOf":{"@id":"https:\/\/esildealba.com\/blog\/muebles-de-cocina-enmarcado-laca-elegancia-y-originalidad\/"},"author":{"name":"adminesil","@id":"https:\/\/esildealba.com\/blog\/#\/schema\/person\/6119b6b1a205fafb9d8f78934e629201"},"headline":"Muebles de cocina: Enmarcado Laca, elegancia y originalidad.","datePublished":"2021-11-18T17:30:42+00:00","dateModified":"2021-11-22T18:41:32+00:00","mainEntityOfPage":{"@id":"https:\/\/esildealba.com\/blog\/muebles-de-cocina-enmarcado-laca-elegancia-y-originalidad\/"},"wordCount":349,"commentCount":0,"image":{"@id":"https:\/\/esildealba.com\/blog\/muebles-de-cocina-enmarcado-laca-elegancia-y-originalidad\/#primaryimage"},"thumbnailUrl":"https:\/\/esildealba.com\/blog\/wp-content\/uploads\/2021\/11\/enmarcado-laca.jpg","keywords":["mobiliario para cocinas","muebles cocinas","muebles de cocina"],"articleSection":["Cocinas","Decoraci\u00f3n"],"inLanguage":"es","potentialAction":[{"@type":"CommentAction","name":"Comment","target":["https:\/\/esildealba.com\/blog\/muebles-de-cocina-enmarcado-laca-elegancia-y-originalidad\/#respond"]}]},{"@type":"WebPage","@id":"https:\/\/esildealba.com\/blog\/muebles-de-cocina-enmarcado-laca-elegancia-y-originalidad\/","url":"https:\/\/esildealba.com\/blog\/muebles-de-cocina-enmarcado-laca-elegancia-y-originalidad\/","name":"Muebles de cocina en Madrid elegancia, precio y calidad .","isPartOf":{"@id":"https:\/\/esildealba.com\/blog\/#website"},"primaryImageOfPage":{"@id":"https:\/\/esildealba.com\/blog\/muebles-de-cocina-enmarcado-laca-elegancia-y-originalidad\/#primaryimage"},"image":{"@id":"https:\/\/esildealba.com\/blog\/muebles-de-cocina-enmarcado-laca-elegancia-y-originalidad\/#primaryimage"},"thumbnailUrl":"https:\/\/esildealba.com\/blog\/wp-content\/uploads\/2021\/11\/enmarcado-laca.jpg","datePublished":"2021-11-18T17:30:42+00:00","dateModified":"2021-11-22T18:41:32+00:00","author":{"@id":"https:\/\/esildealba.com\/blog\/#\/schema\/person\/6119b6b1a205fafb9d8f78934e629201"},"description":"Descubre Enmarcado Laca, una Colecci\u00f3n de muebles de cocina con un dise\u00f1o inspirado en un estilo de vida vanguardista. Encu\u00e9ntralos en Esil de Alba","breadcrumb":{"@id":"https:\/\/esildealba.com\/blog\/muebles-de-cocina-enmarcado-laca-elegancia-y-originalidad\/#breadcrumb"},"inLanguage":"es","potentialAction":[{"@type":"ReadAction","target":["https:\/\/esildealba.com\/blog\/muebles-de-cocina-enmarcado-laca-elegancia-y-originalidad\/"]}]},{"@type":"ImageObject","inLanguage":"es","@id":"https:\/\/esildealba.com\/blog\/muebles-de-cocina-enmarcado-laca-elegancia-y-originalidad\/#primaryimage","url":"https:\/\/esildealba.com\/blog\/wp-content\/uploads\/2021\/11\/enmarcado-laca.jpg","contentUrl":"https:\/\/esildealba.com\/blog\/wp-content\/uploads\/2021\/11\/enmarcado-laca.jpg","width":2000,"height":1063,"caption":"muebles de cocina"},{"@type":"BreadcrumbList","@id":"https:\/\/esildealba.com\/blog\/muebles-de-cocina-enmarcado-laca-elegancia-y-originalidad\/#breadcrumb","itemListElement":[{"@type":"ListItem","position":1,"name":"Portada","item":"https:\/\/esildealba.com\/blog\/"},{"@type":"ListItem","position":2,"name":"Muebles de cocina: Enmarcado Laca, elegancia y originalidad."}]},{"@type":"WebSite","@id":"https:\/\/esildealba.com\/blog\/#website","url":"https:\/\/esildealba.com\/blog\/","name":"El blog de Esil de Alba","description":"Pavimentos, gres, azulejos y mobiliario del hogar en Madrid","potentialAction":[{"@type":"SearchAction","target":{"@type":"EntryPoint","urlTemplate":"https:\/\/esildealba.com\/blog\/?s={search_term_string}"},"query-input":{"@type":"PropertyValueSpecification","valueRequired":true,"valueName":"search_term_string"}}],"inLanguage":"es"},{"@type":"Person","@id":"https:\/\/esildealba.com\/blog\/#\/schema\/person\/6119b6b1a205fafb9d8f78934e629201","name":"adminesil","image":{"@type":"ImageObject","inLanguage":"es","@id":"https:\/\/esildealba.com\/blog\/#\/schema\/person\/image\/","url":"https:\/\/secure.gravatar.com\/avatar\/8485c6d1488deb63c7cedfd6362bb58533258598131f893c5efc794326c616e2?s=96&d=mm&r=g","contentUrl":"https:\/\/secure.gravatar.com\/avatar\/8485c6d1488deb63c7cedfd6362bb58533258598131f893c5efc794326c616e2?s=96&d=mm&r=g","caption":"adminesil"},"url":"https:\/\/esildealba.com\/blog\/author\/adminesil\/"}]}},"_links":{"self":[{"href":"https:\/\/esildealba.com\/blog\/wp-json\/wp\/v2\/posts\/1496","targetHints":{"allow":["GET"]}}],"collection":[{"href":"https:\/\/esildealba.com\/blog\/wp-json\/wp\/v2\/posts"}],"about":[{"href":"https:\/\/esildealba.com\/blog\/wp-json\/wp\/v2\/types\/post"}],"author":[{"embeddable":true,"href":"https:\/\/esildealba.com\/blog\/wp-json\/wp\/v2\/users\/1"}],"replies":[{"embeddable":true,"href":"https:\/\/esildealba.com\/blog\/wp-json\/wp\/v2\/comments?post=1496"}],"version-history":[{"count":1,"href":"https:\/\/esildealba.com\/blog\/wp-json\/wp\/v2\/posts\/1496\/revisions"}],"predecessor-version":[{"id":1503,"href":"https:\/\/esildealba.com\/blog\/wp-json\/wp\/v2\/posts\/1496\/revisions\/1503"}],"wp:featuredmedia":[{"embeddable":true,"href":"https:\/\/esildealba.com\/blog\/wp-json\/wp\/v2\/media\/1499"}],"wp:attachment":[{"href":"https:\/\/esildealba.com\/blog\/wp-json\/wp\/v2\/media?parent=1496"}],"wp:term":[{"taxonomy":"category","embeddable":true,"href":"https:\/\/esildealba.com\/blog\/wp-json\/wp\/v2\/categories?post=1496"},{"taxonomy":"post_tag","embeddable":true,"href":"https:\/\/esildealba.com\/blog\/wp-json\/wp\/v2\/tags?post=1496"}],"curies":[{"name":"wp","href":"https:\/\/api.w.org\/{rel}","templated":true}]}}