{"id":1548,"date":"2023-12-04T17:32:00","date_gmt":"2023-12-04T17:32:00","guid":{"rendered":"http:\/\/esildealba.com\/blog\/?p=1548"},"modified":"2023-12-26T19:00:57","modified_gmt":"2023-12-26T19:00:57","slug":"conjunto-muebles-cocina-tirador-integrado","status":"publish","type":"post","link":"https:\/\/esildealba.com\/blog\/conjunto-muebles-cocina-tirador-integrado\/","title":{"rendered":"Conjunto de muebles de cocina: Tirador Integrado, armon\u00eda y estilo."},"content":{"rendered":"<h2>Crear espacios con estilo y que a la vez resulten c\u00f3modos y funcionales es f\u00e1cil con un conjunto de muebles de cocina como nuestro Tirador Integrado.<\/h2>\n<p>Descubre una cocina perfecta para tu d\u00eda a d\u00eda y el de tu familia. As\u00ed es el conjunto de muebles de cocina <strong>Tirador Integrado<\/strong>. Una propuesta muy actual y elegante. De l\u00edneas puras y sobrias. Para unos muebles de cocina con amplios espacios de almacenaje. Y al mismo tiempo con gran cantidad de elementos funcionales. Que facilitan el acceso a los objetos de la cocina y sobre todo que permiten manenerlos c\u00f3modamente ordenados.<\/p>\n<div id=\"attachment_1551\" style=\"width: 1114px\" class=\"wp-caption alignnone\"><img loading=\"lazy\" decoding=\"async\" aria-describedby=\"caption-attachment-1551\" class=\"size-full wp-image-1551\" src=\"https:\/\/esildealba.com\/blog\/wp-content\/uploads\/2022\/01\/detalle10.jpg\" alt=\"comprar muebles de cocina\" width=\"1104\" height=\"735\" \/><p id=\"caption-attachment-1551\" class=\"wp-caption-text\">Una cocina perfecta para disfrutar del tiempo en familia.<\/p><\/div>\n<p>El nombre de este modelo de cocina viene precisamente del dise\u00f1o para el tirador. Gracias a este sistema de tirador integrado en el canto, este queda oculto. Lo que hace que el conjunto de muebles de cocina sea muy actual y con un toque minimalista. Esta cocina oculta aperturas inferiores y superiors que dan paso a dicho tirador. Lo cual facilita la apertura de las puertas de los armarios y los cajones. Por eso es una cocina perfecta para la rutina diaria en la que se busca funcionalidad y comodidad. Y al mismo tiempo son unos muebles de cocina perfectos para crear un espacio con mucho estilo. Ideal para compartir momentos delante de una taza de caf\u00e9. O para preparar la comida de toda la familia.<\/p>\n<div id=\"attachment_1550\" style=\"width: 1114px\" class=\"wp-caption alignnone\"><img loading=\"lazy\" decoding=\"async\" aria-describedby=\"caption-attachment-1550\" class=\"size-full wp-image-1550\" src=\"https:\/\/esildealba.com\/blog\/wp-content\/uploads\/2022\/01\/detalle1.jpg\" alt=\"mobiliario cocinas madrid\" width=\"1104\" height=\"735\" \/><p id=\"caption-attachment-1550\" class=\"wp-caption-text\">Con gran capacidad de almacenaje y espacios funcionales.<\/p><\/div>\n<p>Con una gran variedad de huecos y espacios de f\u00e1cil acceso. Y que adem\u00e1s aportan estilo y personalidad. Con la cocina Tirador Integrado disfrutar\u00e1s de tu tiempo en este espacio de tu hogar. Est\u00e1 disponible adem\u00e1s con una variedad de acabados y colores. Lo que permite que crees tu propio estilo.<\/p>\n<div id=\"attachment_1552\" style=\"width: 1450px\" class=\"wp-caption alignnone\"><img loading=\"lazy\" decoding=\"async\" aria-describedby=\"caption-attachment-1552\" class=\"size-full wp-image-1552\" src=\"https:\/\/esildealba.com\/blog\/wp-content\/uploads\/2022\/01\/integrado.jpg\" alt=\"reformar cocina\" width=\"1440\" height=\"900\" \/><p id=\"caption-attachment-1552\" class=\"wp-caption-text\">Variedad de estilos y acabados.<\/p><\/div>\n<p>En <strong>Esil de Alba<\/strong> somos un referente en el dise\u00f1o de cocinas. En nuestro <a href=\"https:\/\/www.esildealba.com\/categorias.php?cat=3\"><strong>Departamento de Cocinas <\/strong><\/a>encontraras el conjunto de muebles de cocina perfecto para ti. Ven a visitarnos y d\u00e9jate asesorar por nuestros profesionales. Estaremos encantados de atenderte.<\/p>\n","protected":false},"excerpt":{"rendered":"<p>Crear espacios con estilo y que a la vez resulten c\u00f3modos y funcionales es f\u00e1cil con un conjunto de muebles de cocina como nuestro Tirador Integrado.<\/p>\n<p>Descubre una cocina perfecta para tu d\u00eda a d\u00eda y el de tu familia. As\u00ed es el conjunto de muebles de cocina Tirador Integrado. Una propuesta muy actual y elegante. De l\u00edneas puras y sobrias. Para unos muebles de cocina con amplios espacios de almacenaje. Y al mismo tiempo con gran cantidad de elementos funcionales. Que facilitan el acceso a los objetos de la cocina y sobre todo que permiten manenerlos c\u00f3modamente ordenados.<\/p>\n<p>El nombre de este modelo de cocina viene precisamente del dise\u00f1o para el tirador. Gracias a este sistema de tirador integrado en el canto, este queda oculto. Lo que hace que el conjunto de muebles de cocina sea muy actual y con un toque minimalista. Esta cocina oculta aperturas inferiores y superiors que dan paso a dicho tirador. Lo cual facilita la apertura de las puertas de los armarios y los cajones. Por eso es una cocina perfecta para la rutina diaria en la que se busca funcionalidad y comodidad. Y al mismo tiempo son unos muebles de cocina perfectos para crear un espacio con mucho estilo. Ideal para compartir momentos delante de una taza de caf\u00e9. O para preparar la comida de toda la familia.<\/p>\n","protected":false},"author":1,"featured_media":1549,"comment_status":"open","ping_status":"open","sticky":false,"template":"","format":"standard","meta":{"footnotes":""},"categories":[6,18,3,67],"tags":[290,354,114,104],"class_list":["post-1548","post","type-post","status-publish","format-standard","has-post-thumbnail","hentry","category-cocinas-madrid","category-decoracion","category-noticias","category-reformas","tag-armarios-cocina","tag-conjunto-de-muebles-de-cocina","tag-mobiliario-cocinas","tag-muebles-cocina"],"yoast_head":"<!-- This site is optimized with the Yoast SEO plugin v27.0 - https:\/\/yoast.com\/product\/yoast-seo-wordpress\/ -->\n<title>Conjunto de muebles de cocina: Tirador Integrado, armon\u00eda y estilo.<\/title>\n<meta name=\"description\" content=\"Crear espacios con estilo y que a la vez resulten c\u00f3modos y funcionales es f\u00e1cil con un conjunto de muebles de cocina como nuestro Tirador Integrado.\" \/>\n<meta name=\"robots\" content=\"index, follow, max-snippet:-1, max-image-preview:large, max-video-preview:-1\" \/>\n<link rel=\"canonical\" href=\"https:\/\/esildealba.com\/blog\/conjunto-muebles-cocina-tirador-integrado\/\" \/>\n<meta property=\"og:locale\" content=\"es_ES\" \/>\n<meta property=\"og:type\" content=\"article\" \/>\n<meta property=\"og:title\" content=\"Conjunto de muebles de cocina: Tirador Integrado, armon\u00eda y estilo.\" \/>\n<meta property=\"og:description\" content=\"Crear espacios con estilo y que a la vez resulten c\u00f3modos y funcionales es f\u00e1cil con un conjunto de muebles de cocina como nuestro Tirador Integrado.\" \/>\n<meta property=\"og:url\" content=\"https:\/\/esildealba.com\/blog\/conjunto-muebles-cocina-tirador-integrado\/\" \/>\n<meta property=\"og:site_name\" content=\"El blog de Esil de Alba\" \/>\n<meta property=\"article:published_time\" content=\"2023-12-04T17:32:00+00:00\" \/>\n<meta property=\"article:modified_time\" content=\"2023-12-26T19:00:57+00:00\" \/>\n<meta property=\"og:image\" content=\"https:\/\/esildealba.com\/blog\/wp-content\/uploads\/2022\/01\/esta-para-instagram.jpg\" \/>\n\t<meta property=\"og:image:width\" content=\"1104\" \/>\n\t<meta property=\"og:image:height\" content=\"735\" \/>\n\t<meta property=\"og:image:type\" content=\"image\/jpeg\" \/>\n<meta name=\"author\" content=\"adminesil\" \/>\n<meta name=\"twitter:card\" content=\"summary_large_image\" \/>\n<meta name=\"twitter:label1\" content=\"Escrito por\" \/>\n\t<meta name=\"twitter:data1\" content=\"adminesil\" \/>\n\t<meta name=\"twitter:label2\" content=\"Tiempo de lectura\" \/>\n\t<meta name=\"twitter:data2\" content=\"3 minutos\" \/>\n<script type=\"application\/ld+json\" class=\"yoast-schema-graph\">{\"@context\":\"https:\/\/schema.org\",\"@graph\":[{\"@type\":\"Article\",\"@id\":\"https:\/\/esildealba.com\/blog\/conjunto-muebles-cocina-tirador-integrado\/#article\",\"isPartOf\":{\"@id\":\"https:\/\/esildealba.com\/blog\/conjunto-muebles-cocina-tirador-integrado\/\"},\"author\":{\"name\":\"adminesil\",\"@id\":\"https:\/\/esildealba.com\/blog\/#\/schema\/person\/6119b6b1a205fafb9d8f78934e629201\"},\"headline\":\"Conjunto de muebles de cocina: Tirador Integrado, armon\u00eda y estilo.\",\"datePublished\":\"2023-12-04T17:32:00+00:00\",\"dateModified\":\"2023-12-26T19:00:57+00:00\",\"mainEntityOfPage\":{\"@id\":\"https:\/\/esildealba.com\/blog\/conjunto-muebles-cocina-tirador-integrado\/\"},\"wordCount\":383,\"commentCount\":0,\"image\":{\"@id\":\"https:\/\/esildealba.com\/blog\/conjunto-muebles-cocina-tirador-integrado\/#primaryimage\"},\"thumbnailUrl\":\"https:\/\/esildealba.com\/blog\/wp-content\/uploads\/2022\/01\/esta-para-instagram.jpg\",\"keywords\":[\"armarios cocina\",\"conjunto de muebles de cocina\",\"mobiliario cocinas\",\"muebles cocina\"],\"articleSection\":[\"Cocinas\",\"Decoraci\u00f3n\",\"Noticias\",\"Reformas\"],\"inLanguage\":\"es\",\"potentialAction\":[{\"@type\":\"CommentAction\",\"name\":\"Comment\",\"target\":[\"https:\/\/esildealba.com\/blog\/conjunto-muebles-cocina-tirador-integrado\/#respond\"]}]},{\"@type\":\"WebPage\",\"@id\":\"https:\/\/esildealba.com\/blog\/conjunto-muebles-cocina-tirador-integrado\/\",\"url\":\"https:\/\/esildealba.com\/blog\/conjunto-muebles-cocina-tirador-integrado\/\",\"name\":\"Conjunto de muebles de cocina: Tirador Integrado, armon\u00eda y estilo.\",\"isPartOf\":{\"@id\":\"https:\/\/esildealba.com\/blog\/#website\"},\"primaryImageOfPage\":{\"@id\":\"https:\/\/esildealba.com\/blog\/conjunto-muebles-cocina-tirador-integrado\/#primaryimage\"},\"image\":{\"@id\":\"https:\/\/esildealba.com\/blog\/conjunto-muebles-cocina-tirador-integrado\/#primaryimage\"},\"thumbnailUrl\":\"https:\/\/esildealba.com\/blog\/wp-content\/uploads\/2022\/01\/esta-para-instagram.jpg\",\"datePublished\":\"2023-12-04T17:32:00+00:00\",\"dateModified\":\"2023-12-26T19:00:57+00:00\",\"author\":{\"@id\":\"https:\/\/esildealba.com\/blog\/#\/schema\/person\/6119b6b1a205fafb9d8f78934e629201\"},\"description\":\"Crear espacios con estilo y que a la vez resulten c\u00f3modos y funcionales es f\u00e1cil con un conjunto de muebles de cocina como nuestro Tirador Integrado.\",\"breadcrumb\":{\"@id\":\"https:\/\/esildealba.com\/blog\/conjunto-muebles-cocina-tirador-integrado\/#breadcrumb\"},\"inLanguage\":\"es\",\"potentialAction\":[{\"@type\":\"ReadAction\",\"target\":[\"https:\/\/esildealba.com\/blog\/conjunto-muebles-cocina-tirador-integrado\/\"]}]},{\"@type\":\"ImageObject\",\"inLanguage\":\"es\",\"@id\":\"https:\/\/esildealba.com\/blog\/conjunto-muebles-cocina-tirador-integrado\/#primaryimage\",\"url\":\"https:\/\/esildealba.com\/blog\/wp-content\/uploads\/2022\/01\/esta-para-instagram.jpg\",\"contentUrl\":\"https:\/\/esildealba.com\/blog\/wp-content\/uploads\/2022\/01\/esta-para-instagram.jpg\",\"width\":1104,\"height\":735,\"caption\":\"conjunto de muebles de cocina\"},{\"@type\":\"BreadcrumbList\",\"@id\":\"https:\/\/esildealba.com\/blog\/conjunto-muebles-cocina-tirador-integrado\/#breadcrumb\",\"itemListElement\":[{\"@type\":\"ListItem\",\"position\":1,\"name\":\"Portada\",\"item\":\"https:\/\/esildealba.com\/blog\/\"},{\"@type\":\"ListItem\",\"position\":2,\"name\":\"Conjunto de muebles de cocina: Tirador Integrado, armon\u00eda y estilo.\"}]},{\"@type\":\"WebSite\",\"@id\":\"https:\/\/esildealba.com\/blog\/#website\",\"url\":\"https:\/\/esildealba.com\/blog\/\",\"name\":\"El blog de Esil de Alba\",\"description\":\"Pavimentos, gres, azulejos y mobiliario del hogar en Madrid\",\"potentialAction\":[{\"@type\":\"SearchAction\",\"target\":{\"@type\":\"EntryPoint\",\"urlTemplate\":\"https:\/\/esildealba.com\/blog\/?s={search_term_string}\"},\"query-input\":{\"@type\":\"PropertyValueSpecification\",\"valueRequired\":true,\"valueName\":\"search_term_string\"}}],\"inLanguage\":\"es\"},{\"@type\":\"Person\",\"@id\":\"https:\/\/esildealba.com\/blog\/#\/schema\/person\/6119b6b1a205fafb9d8f78934e629201\",\"name\":\"adminesil\",\"image\":{\"@type\":\"ImageObject\",\"inLanguage\":\"es\",\"@id\":\"https:\/\/esildealba.com\/blog\/#\/schema\/person\/image\/\",\"url\":\"https:\/\/secure.gravatar.com\/avatar\/8485c6d1488deb63c7cedfd6362bb58533258598131f893c5efc794326c616e2?s=96&d=mm&r=g\",\"contentUrl\":\"https:\/\/secure.gravatar.com\/avatar\/8485c6d1488deb63c7cedfd6362bb58533258598131f893c5efc794326c616e2?s=96&d=mm&r=g\",\"caption\":\"adminesil\"},\"url\":\"https:\/\/esildealba.com\/blog\/author\/adminesil\/\"}]}<\/script>\n<!-- \/ Yoast SEO plugin. -->","yoast_head_json":{"title":"Conjunto de muebles de cocina: Tirador Integrado, armon\u00eda y estilo.","description":"Crear espacios con estilo y que a la vez resulten c\u00f3modos y funcionales es f\u00e1cil con un conjunto de muebles de cocina como nuestro Tirador Integrado.","robots":{"index":"index","follow":"follow","max-snippet":"max-snippet:-1","max-image-preview":"max-image-preview:large","max-video-preview":"max-video-preview:-1"},"canonical":"https:\/\/esildealba.com\/blog\/conjunto-muebles-cocina-tirador-integrado\/","og_locale":"es_ES","og_type":"article","og_title":"Conjunto de muebles de cocina: Tirador Integrado, armon\u00eda y estilo.","og_description":"Crear espacios con estilo y que a la vez resulten c\u00f3modos y funcionales es f\u00e1cil con un conjunto de muebles de cocina como nuestro Tirador Integrado.","og_url":"https:\/\/esildealba.com\/blog\/conjunto-muebles-cocina-tirador-integrado\/","og_site_name":"El blog de Esil de Alba","article_published_time":"2023-12-04T17:32:00+00:00","article_modified_time":"2023-12-26T19:00:57+00:00","og_image":[{"width":1104,"height":735,"url":"https:\/\/esildealba.com\/blog\/wp-content\/uploads\/2022\/01\/esta-para-instagram.jpg","type":"image\/jpeg"}],"author":"adminesil","twitter_card":"summary_large_image","twitter_misc":{"Escrito por":"adminesil","Tiempo de lectura":"3 minutos"},"schema":{"@context":"https:\/\/schema.org","@graph":[{"@type":"Article","@id":"https:\/\/esildealba.com\/blog\/conjunto-muebles-cocina-tirador-integrado\/#article","isPartOf":{"@id":"https:\/\/esildealba.com\/blog\/conjunto-muebles-cocina-tirador-integrado\/"},"author":{"name":"adminesil","@id":"https:\/\/esildealba.com\/blog\/#\/schema\/person\/6119b6b1a205fafb9d8f78934e629201"},"headline":"Conjunto de muebles de cocina: Tirador Integrado, armon\u00eda y estilo.","datePublished":"2023-12-04T17:32:00+00:00","dateModified":"2023-12-26T19:00:57+00:00","mainEntityOfPage":{"@id":"https:\/\/esildealba.com\/blog\/conjunto-muebles-cocina-tirador-integrado\/"},"wordCount":383,"commentCount":0,"image":{"@id":"https:\/\/esildealba.com\/blog\/conjunto-muebles-cocina-tirador-integrado\/#primaryimage"},"thumbnailUrl":"https:\/\/esildealba.com\/blog\/wp-content\/uploads\/2022\/01\/esta-para-instagram.jpg","keywords":["armarios cocina","conjunto de muebles de cocina","mobiliario cocinas","muebles cocina"],"articleSection":["Cocinas","Decoraci\u00f3n","Noticias","Reformas"],"inLanguage":"es","potentialAction":[{"@type":"CommentAction","name":"Comment","target":["https:\/\/esildealba.com\/blog\/conjunto-muebles-cocina-tirador-integrado\/#respond"]}]},{"@type":"WebPage","@id":"https:\/\/esildealba.com\/blog\/conjunto-muebles-cocina-tirador-integrado\/","url":"https:\/\/esildealba.com\/blog\/conjunto-muebles-cocina-tirador-integrado\/","name":"Conjunto de muebles de cocina: Tirador Integrado, armon\u00eda y estilo.","isPartOf":{"@id":"https:\/\/esildealba.com\/blog\/#website"},"primaryImageOfPage":{"@id":"https:\/\/esildealba.com\/blog\/conjunto-muebles-cocina-tirador-integrado\/#primaryimage"},"image":{"@id":"https:\/\/esildealba.com\/blog\/conjunto-muebles-cocina-tirador-integrado\/#primaryimage"},"thumbnailUrl":"https:\/\/esildealba.com\/blog\/wp-content\/uploads\/2022\/01\/esta-para-instagram.jpg","datePublished":"2023-12-04T17:32:00+00:00","dateModified":"2023-12-26T19:00:57+00:00","author":{"@id":"https:\/\/esildealba.com\/blog\/#\/schema\/person\/6119b6b1a205fafb9d8f78934e629201"},"description":"Crear espacios con estilo y que a la vez resulten c\u00f3modos y funcionales es f\u00e1cil con un conjunto de muebles de cocina como nuestro Tirador Integrado.","breadcrumb":{"@id":"https:\/\/esildealba.com\/blog\/conjunto-muebles-cocina-tirador-integrado\/#breadcrumb"},"inLanguage":"es","potentialAction":[{"@type":"ReadAction","target":["https:\/\/esildealba.com\/blog\/conjunto-muebles-cocina-tirador-integrado\/"]}]},{"@type":"ImageObject","inLanguage":"es","@id":"https:\/\/esildealba.com\/blog\/conjunto-muebles-cocina-tirador-integrado\/#primaryimage","url":"https:\/\/esildealba.com\/blog\/wp-content\/uploads\/2022\/01\/esta-para-instagram.jpg","contentUrl":"https:\/\/esildealba.com\/blog\/wp-content\/uploads\/2022\/01\/esta-para-instagram.jpg","width":1104,"height":735,"caption":"conjunto de muebles de cocina"},{"@type":"BreadcrumbList","@id":"https:\/\/esildealba.com\/blog\/conjunto-muebles-cocina-tirador-integrado\/#breadcrumb","itemListElement":[{"@type":"ListItem","position":1,"name":"Portada","item":"https:\/\/esildealba.com\/blog\/"},{"@type":"ListItem","position":2,"name":"Conjunto de muebles de cocina: Tirador Integrado, armon\u00eda y estilo."}]},{"@type":"WebSite","@id":"https:\/\/esildealba.com\/blog\/#website","url":"https:\/\/esildealba.com\/blog\/","name":"El blog de Esil de Alba","description":"Pavimentos, gres, azulejos y mobiliario del hogar en Madrid","potentialAction":[{"@type":"SearchAction","target":{"@type":"EntryPoint","urlTemplate":"https:\/\/esildealba.com\/blog\/?s={search_term_string}"},"query-input":{"@type":"PropertyValueSpecification","valueRequired":true,"valueName":"search_term_string"}}],"inLanguage":"es"},{"@type":"Person","@id":"https:\/\/esildealba.com\/blog\/#\/schema\/person\/6119b6b1a205fafb9d8f78934e629201","name":"adminesil","image":{"@type":"ImageObject","inLanguage":"es","@id":"https:\/\/esildealba.com\/blog\/#\/schema\/person\/image\/","url":"https:\/\/secure.gravatar.com\/avatar\/8485c6d1488deb63c7cedfd6362bb58533258598131f893c5efc794326c616e2?s=96&d=mm&r=g","contentUrl":"https:\/\/secure.gravatar.com\/avatar\/8485c6d1488deb63c7cedfd6362bb58533258598131f893c5efc794326c616e2?s=96&d=mm&r=g","caption":"adminesil"},"url":"https:\/\/esildealba.com\/blog\/author\/adminesil\/"}]}},"_links":{"self":[{"href":"https:\/\/esildealba.com\/blog\/wp-json\/wp\/v2\/posts\/1548","targetHints":{"allow":["GET"]}}],"collection":[{"href":"https:\/\/esildealba.com\/blog\/wp-json\/wp\/v2\/posts"}],"about":[{"href":"https:\/\/esildealba.com\/blog\/wp-json\/wp\/v2\/types\/post"}],"author":[{"embeddable":true,"href":"https:\/\/esildealba.com\/blog\/wp-json\/wp\/v2\/users\/1"}],"replies":[{"embeddable":true,"href":"https:\/\/esildealba.com\/blog\/wp-json\/wp\/v2\/comments?post=1548"}],"version-history":[{"count":2,"href":"https:\/\/esildealba.com\/blog\/wp-json\/wp\/v2\/posts\/1548\/revisions"}],"predecessor-version":[{"id":1554,"href":"https:\/\/esildealba.com\/blog\/wp-json\/wp\/v2\/posts\/1548\/revisions\/1554"}],"wp:featuredmedia":[{"embeddable":true,"href":"https:\/\/esildealba.com\/blog\/wp-json\/wp\/v2\/media\/1549"}],"wp:attachment":[{"href":"https:\/\/esildealba.com\/blog\/wp-json\/wp\/v2\/media?parent=1548"}],"wp:term":[{"taxonomy":"category","embeddable":true,"href":"https:\/\/esildealba.com\/blog\/wp-json\/wp\/v2\/categories?post=1548"},{"taxonomy":"post_tag","embeddable":true,"href":"https:\/\/esildealba.com\/blog\/wp-json\/wp\/v2\/tags?post=1548"}],"curies":[{"name":"wp","href":"https:\/\/api.w.org\/{rel}","templated":true}]}}