{"id":1627,"date":"2022-03-30T13:44:03","date_gmt":"2022-03-30T13:44:03","guid":{"rendered":"http:\/\/esildealba.com\/blog\/?p=1627"},"modified":"2022-06-06T07:41:39","modified_gmt":"2022-06-06T07:41:39","slug":"suelos-para-exterior-es-el-momento-de-poner-a-punto-tus-espacios-al-aire-libre","status":"publish","type":"post","link":"https:\/\/esildealba.com\/blog\/suelos-para-exterior-es-el-momento-de-poner-a-punto-tus-espacios-al-aire-libre\/","title":{"rendered":"Suelos para exterior, es el momento de poner a punto tus espacios al aire libre."},"content":{"rendered":"\n<h2 class=\"wp-block-heading\">Antes de que lleguen los meses de calor es un buen momento para pensar en renovar los suelos para exterior en tu casa o negocio. <\/h2>\n\n\n\n<p><strong>Se acerca la primavera y el buen tiempo, pronto empezaremos a sacarle partido de nuevo a terrazas, patios y jardines. <\/strong>Para poder disfrutar al m\u00e1ximo de los espacios al aire libre en nuestro hogar o negocio es importante que el solado est\u00e1 en buenas condiciones. Por eso, hoy os traemos unas propuestas de nuestro cat\u00e1logo de <strong>Azulejos y Pavimentos<\/strong> de suelos para exterior.<\/p>\n\n\n\n<p>Entre las caracter\u00edsticas principales que deben tener los solados para exterior est\u00e1n la resistencia al rayado y al desgaste. Y que por lo tanto puedan soportar estar colocados en lugares de mucho tr\u00e1nsito. Adem\u00e1s de por supuesto que soporten bien los cambios de temperatura y las heladas. Que sean resistentes a la humedad. Que tengan un f\u00e1cil mantenimiento y limpieza. Y adem\u00e1s sin optamos por colocar suelos para exterior antideslizantes, pues mejor que mejor.<\/p>\n\n\n\n<h4 class=\"wp-block-heading\"><a href=\"https:\/\/www.esildealba.com\/producto.php?prod=93\">Estilo propio en tus suelos para exterior: Aston 76&#215;76<\/a><\/h4>\n\n\n\n<p>Te presentamos un propuesta muy actual. Se trata de <strong>Aston 76&#215;76<\/strong>, material para exterior en gres porcel\u00e1nico de 20 mm y en baldosas de gra formato. Con un elegante acabado piedra. Y que gracias a su grosor asegura su alta resistencia a la rotura y al desgaste. Es perfecto para espacios con mucho tr\u00e1nsito. <strong>Y para crear espacios con caracter propio y mucha fuerza<\/strong>. Adem\u00e1s est\u00e1 disponible en cinco colores.<\/p>\n\n\n\n<figure class=\"wp-block-image\"><img loading=\"lazy\" decoding=\"async\" width=\"800\" height=\"600\" src=\"https:\/\/esildealba.com\/blog\/wp-content\/uploads\/2022\/03\/ASTON.jpg\" alt=\"solado exterior cer\u00e1mica, suelo cer\u00e1mica para exterior, baldosas para exterior\" class=\"wp-image-1631\"\/><figcaption>Aston 76&#215;76.<\/figcaption><\/figure>\n\n\n\n<h4 class=\"wp-block-heading\" id=\"mce_16\"><a href=\"https:\/\/www.esildealba.com\/producto.php?prod=110\">Estilo minimalista en tonos c\u00e1lidos: Caramon 40&#215;60<\/a><\/h4>\n\n\n\n<p>As\u00ed es nuestro modelo <strong>Caramon 40&#215;60<\/strong>. Este material porcel\u00e1nico tiene un bonito acabado imitaci\u00f3n piedra caliza. Y la serie cons de distintas piezas para conseguir un aspecto m\u00e1s realista. Adem\u00e1s est\u00e1 indicado para climas de bajas temperaturas y es completamente antideslizante. <strong>Es perfecto para crear ambientes c\u00e1lidos y agradables<\/strong> gracias a los tres tonos suaves en los que est\u00e1 disponible.<\/p>\n\n\n\n<figure class=\"wp-block-image\"><img loading=\"lazy\" decoding=\"async\" width=\"800\" height=\"600\" src=\"https:\/\/esildealba.com\/blog\/wp-content\/uploads\/2022\/03\/CARAMONT.jpg\" alt=\"comprar baldosas suelo exterior, baldosas exterior cer\u00e1mica, baldosas patio, baldosas terraza\" class=\"wp-image-1633\"\/><figcaption>Caramon 40&#215;60.<\/figcaption><\/figure>\n\n\n\n<h4 class=\"wp-block-heading\" id=\"mce_18\"><a href=\"https:\/\/www.esildealba.com\/producto.php?prod=110\">Estilo vintage y elegante: D&#8217;anticatto Mix<\/a><\/h4>\n\n\n\n<p>Con un precioso acabado imitaci\u00f3n baldosas antiguas. <strong>D&#8217;anticatto Mix <\/strong>es una serie en gres porcel\u00e1nico extruido, antideslizante y especial para exterior. Este bonito material es muy resistente al rayado, al desgaste y a las heladas. <strong>Es ideal para crear espacios de estilo vintage y rom\u00e1nticos.<\/strong><\/p>\n\n\n\n<figure class=\"wp-block-image\"><img loading=\"lazy\" decoding=\"async\" width=\"800\" height=\"600\" src=\"https:\/\/esildealba.com\/blog\/wp-content\/uploads\/2022\/03\/DANTICATTOMIXVARESSE.jpg\" alt=\"baldosas gres porcel\u00e1nico, suelo exterior gres porcel\u00e1nico\" class=\"wp-image-1634\"\/><figcaption>D&#8217;anticatto Mix.<\/figcaption><\/figure>\n\n\n\n<p>En <strong>Esil de Alba<\/strong> somos expertos en materiales para solado. En nuestra exposici\u00f3n encontrar\u00e1s todo lo que necesitas para tu reforma. Y podr\u00e1s elegir entre una gran variedad de estilos y acabados.<\/p>\n","protected":false},"excerpt":{"rendered":"<p><!-- wp:heading --><\/p>\n<h2>Antes de que lleguen los meses de calor es un buen momento para pensar en renovar los suelos para exterior en tu casa o negocio. <\/h2>\n<p><!-- \/wp:heading --><\/p>\n<p><!-- wp:paragraph --><\/p>\n<p>Se acerca la primavera y el buen tiempo, pronto empezaremos a sacarle partido de nuevo a terrazas, patios y jardines. Para poder disfrutar al m\u00e1ximo de los espacios al aire libre en nuestro hogar o negocio es importante que el solado est\u00e1 en buenas condiciones. Por eso, hoy os traemos unas propuestas de nuestro cat\u00e1logo de Azulejos y Pavimentos de suelos para exterior.<\/p>\n<p><!-- \/wp:paragraph --><\/p>\n<p><!-- wp:paragraph --><\/p>\n<p>Entre las caracter\u00edsticas principales que deben tener los solados para exterior est\u00e1n la resistencia al rayado y al desgaste. Y que por lo tanto puedan soportar estar colocados en lugares de mucho tr\u00e1nsito. Adem\u00e1s de por supuesto que soporten bien los cambios de temperatura y las heladas. Que sean resistentes a la humedad. Que tengan un f\u00e1cil mantenimiento y limpieza. Y adem\u00e1s sin optamos por colocar suelos para exterior antideslizantes, pues mejor que mejor.<\/p>\n<p><!-- \/wp:paragraph --><\/p>\n","protected":false},"author":1,"featured_media":1632,"comment_status":"open","ping_status":"open","sticky":false,"template":"","format":"standard","meta":{"footnotes":""},"categories":[4,133],"tags":[375,377,134,378,376,374],"class_list":["post-1627","post","type-post","status-publish","format-standard","has-post-thumbnail","hentry","category-azulejos-pavimentos-madrid","category-ceramica-para-exterior","tag-baldosas-ceramicas-para-exterior","tag-baldosas-terraza","tag-gres-porcelanico-para-exterior","tag-solado-terrazas-y-jardines","tag-suelos-ceramicos-exterior","tag-suelos-para-exterior"],"yoast_head":"<!-- This site is optimized with the Yoast SEO plugin v27.0 - https:\/\/yoast.com\/product\/yoast-seo-wordpress\/ -->\n<title>Suelos para exterior, pon a punto tus espacios al aire libre.<\/title>\n<meta name=\"description\" content=\"Suelos para exterior: Disfruta de los espacios al aire libre en tu hogar o negocio es cin un solado en buenas condiciones.\" \/>\n<meta name=\"robots\" content=\"index, follow, max-snippet:-1, max-image-preview:large, max-video-preview:-1\" \/>\n<link rel=\"canonical\" href=\"https:\/\/esildealba.com\/blog\/suelos-para-exterior-es-el-momento-de-poner-a-punto-tus-espacios-al-aire-libre\/\" \/>\n<meta property=\"og:locale\" content=\"es_ES\" \/>\n<meta property=\"og:type\" content=\"article\" \/>\n<meta property=\"og:title\" content=\"Suelos para exterior, pon a punto tus espacios al aire libre.\" \/>\n<meta property=\"og:description\" content=\"Suelos para exterior: Disfruta de los espacios al aire libre en tu hogar o negocio es cin un solado en buenas condiciones.\" \/>\n<meta property=\"og:url\" content=\"https:\/\/esildealba.com\/blog\/suelos-para-exterior-es-el-momento-de-poner-a-punto-tus-espacios-al-aire-libre\/\" \/>\n<meta property=\"og:site_name\" content=\"El blog de Esil de Alba\" \/>\n<meta property=\"article:published_time\" content=\"2022-03-30T13:44:03+00:00\" \/>\n<meta property=\"article:modified_time\" content=\"2022-06-06T07:41:39+00:00\" \/>\n<meta property=\"og:image\" content=\"https:\/\/esildealba.com\/blog\/wp-content\/uploads\/2022\/03\/AZULIBERNISTOS.jpg\" \/>\n\t<meta property=\"og:image:width\" content=\"800\" \/>\n\t<meta property=\"og:image:height\" content=\"351\" \/>\n\t<meta property=\"og:image:type\" content=\"image\/jpeg\" \/>\n<meta name=\"author\" content=\"adminesil\" \/>\n<meta name=\"twitter:card\" content=\"summary_large_image\" \/>\n<meta name=\"twitter:label1\" content=\"Escrito por\" \/>\n\t<meta name=\"twitter:data1\" content=\"adminesil\" \/>\n\t<meta name=\"twitter:label2\" content=\"Tiempo de lectura\" \/>\n\t<meta name=\"twitter:data2\" content=\"3 minutos\" \/>\n<script type=\"application\/ld+json\" class=\"yoast-schema-graph\">{\"@context\":\"https:\/\/schema.org\",\"@graph\":[{\"@type\":\"Article\",\"@id\":\"https:\/\/esildealba.com\/blog\/suelos-para-exterior-es-el-momento-de-poner-a-punto-tus-espacios-al-aire-libre\/#article\",\"isPartOf\":{\"@id\":\"https:\/\/esildealba.com\/blog\/suelos-para-exterior-es-el-momento-de-poner-a-punto-tus-espacios-al-aire-libre\/\"},\"author\":{\"name\":\"adminesil\",\"@id\":\"https:\/\/esildealba.com\/blog\/#\/schema\/person\/6119b6b1a205fafb9d8f78934e629201\"},\"headline\":\"Suelos para exterior, es el momento de poner a punto tus espacios al aire libre.\",\"datePublished\":\"2022-03-30T13:44:03+00:00\",\"dateModified\":\"2022-06-06T07:41:39+00:00\",\"mainEntityOfPage\":{\"@id\":\"https:\/\/esildealba.com\/blog\/suelos-para-exterior-es-el-momento-de-poner-a-punto-tus-espacios-al-aire-libre\/\"},\"wordCount\":434,\"commentCount\":0,\"image\":{\"@id\":\"https:\/\/esildealba.com\/blog\/suelos-para-exterior-es-el-momento-de-poner-a-punto-tus-espacios-al-aire-libre\/#primaryimage\"},\"thumbnailUrl\":\"https:\/\/esildealba.com\/blog\/wp-content\/uploads\/2022\/03\/AZULIBERNISTOS.jpg\",\"keywords\":[\"baldosas cer\u00e1micas para exterior\",\"baldosas terraza\",\"gres porcel\u00e1nico para exterior\",\"solado terrazas y jardines\",\"suelos cer\u00e1micos exterior\",\"suelos para exterior\"],\"articleSection\":[\"Azulejos y pavimentos\",\"Cer\u00e1mica para exterior\"],\"inLanguage\":\"es\",\"potentialAction\":[{\"@type\":\"CommentAction\",\"name\":\"Comment\",\"target\":[\"https:\/\/esildealba.com\/blog\/suelos-para-exterior-es-el-momento-de-poner-a-punto-tus-espacios-al-aire-libre\/#respond\"]}]},{\"@type\":\"WebPage\",\"@id\":\"https:\/\/esildealba.com\/blog\/suelos-para-exterior-es-el-momento-de-poner-a-punto-tus-espacios-al-aire-libre\/\",\"url\":\"https:\/\/esildealba.com\/blog\/suelos-para-exterior-es-el-momento-de-poner-a-punto-tus-espacios-al-aire-libre\/\",\"name\":\"Suelos para exterior, pon a punto tus espacios al aire libre.\",\"isPartOf\":{\"@id\":\"https:\/\/esildealba.com\/blog\/#website\"},\"primaryImageOfPage\":{\"@id\":\"https:\/\/esildealba.com\/blog\/suelos-para-exterior-es-el-momento-de-poner-a-punto-tus-espacios-al-aire-libre\/#primaryimage\"},\"image\":{\"@id\":\"https:\/\/esildealba.com\/blog\/suelos-para-exterior-es-el-momento-de-poner-a-punto-tus-espacios-al-aire-libre\/#primaryimage\"},\"thumbnailUrl\":\"https:\/\/esildealba.com\/blog\/wp-content\/uploads\/2022\/03\/AZULIBERNISTOS.jpg\",\"datePublished\":\"2022-03-30T13:44:03+00:00\",\"dateModified\":\"2022-06-06T07:41:39+00:00\",\"author\":{\"@id\":\"https:\/\/esildealba.com\/blog\/#\/schema\/person\/6119b6b1a205fafb9d8f78934e629201\"},\"description\":\"Suelos para exterior: Disfruta de los espacios al aire libre en tu hogar o negocio es cin un solado en buenas condiciones.\",\"breadcrumb\":{\"@id\":\"https:\/\/esildealba.com\/blog\/suelos-para-exterior-es-el-momento-de-poner-a-punto-tus-espacios-al-aire-libre\/#breadcrumb\"},\"inLanguage\":\"es\",\"potentialAction\":[{\"@type\":\"ReadAction\",\"target\":[\"https:\/\/esildealba.com\/blog\/suelos-para-exterior-es-el-momento-de-poner-a-punto-tus-espacios-al-aire-libre\/\"]}]},{\"@type\":\"ImageObject\",\"inLanguage\":\"es\",\"@id\":\"https:\/\/esildealba.com\/blog\/suelos-para-exterior-es-el-momento-de-poner-a-punto-tus-espacios-al-aire-libre\/#primaryimage\",\"url\":\"https:\/\/esildealba.com\/blog\/wp-content\/uploads\/2022\/03\/AZULIBERNISTOS.jpg\",\"contentUrl\":\"https:\/\/esildealba.com\/blog\/wp-content\/uploads\/2022\/03\/AZULIBERNISTOS.jpg\",\"width\":800,\"height\":351,\"caption\":\"suelos para exterior\"},{\"@type\":\"BreadcrumbList\",\"@id\":\"https:\/\/esildealba.com\/blog\/suelos-para-exterior-es-el-momento-de-poner-a-punto-tus-espacios-al-aire-libre\/#breadcrumb\",\"itemListElement\":[{\"@type\":\"ListItem\",\"position\":1,\"name\":\"Portada\",\"item\":\"https:\/\/esildealba.com\/blog\/\"},{\"@type\":\"ListItem\",\"position\":2,\"name\":\"Suelos para exterior, es el momento de poner a punto tus espacios al aire libre.\"}]},{\"@type\":\"WebSite\",\"@id\":\"https:\/\/esildealba.com\/blog\/#website\",\"url\":\"https:\/\/esildealba.com\/blog\/\",\"name\":\"El blog de Esil de Alba\",\"description\":\"Pavimentos, gres, azulejos y mobiliario del hogar en Madrid\",\"potentialAction\":[{\"@type\":\"SearchAction\",\"target\":{\"@type\":\"EntryPoint\",\"urlTemplate\":\"https:\/\/esildealba.com\/blog\/?s={search_term_string}\"},\"query-input\":{\"@type\":\"PropertyValueSpecification\",\"valueRequired\":true,\"valueName\":\"search_term_string\"}}],\"inLanguage\":\"es\"},{\"@type\":\"Person\",\"@id\":\"https:\/\/esildealba.com\/blog\/#\/schema\/person\/6119b6b1a205fafb9d8f78934e629201\",\"name\":\"adminesil\",\"image\":{\"@type\":\"ImageObject\",\"inLanguage\":\"es\",\"@id\":\"https:\/\/esildealba.com\/blog\/#\/schema\/person\/image\/\",\"url\":\"https:\/\/secure.gravatar.com\/avatar\/8485c6d1488deb63c7cedfd6362bb58533258598131f893c5efc794326c616e2?s=96&d=mm&r=g\",\"contentUrl\":\"https:\/\/secure.gravatar.com\/avatar\/8485c6d1488deb63c7cedfd6362bb58533258598131f893c5efc794326c616e2?s=96&d=mm&r=g\",\"caption\":\"adminesil\"},\"url\":\"https:\/\/esildealba.com\/blog\/author\/adminesil\/\"}]}<\/script>\n<!-- \/ Yoast SEO plugin. -->","yoast_head_json":{"title":"Suelos para exterior, pon a punto tus espacios al aire libre.","description":"Suelos para exterior: Disfruta de los espacios al aire libre en tu hogar o negocio es cin un solado en buenas condiciones.","robots":{"index":"index","follow":"follow","max-snippet":"max-snippet:-1","max-image-preview":"max-image-preview:large","max-video-preview":"max-video-preview:-1"},"canonical":"https:\/\/esildealba.com\/blog\/suelos-para-exterior-es-el-momento-de-poner-a-punto-tus-espacios-al-aire-libre\/","og_locale":"es_ES","og_type":"article","og_title":"Suelos para exterior, pon a punto tus espacios al aire libre.","og_description":"Suelos para exterior: Disfruta de los espacios al aire libre en tu hogar o negocio es cin un solado en buenas condiciones.","og_url":"https:\/\/esildealba.com\/blog\/suelos-para-exterior-es-el-momento-de-poner-a-punto-tus-espacios-al-aire-libre\/","og_site_name":"El blog de Esil de Alba","article_published_time":"2022-03-30T13:44:03+00:00","article_modified_time":"2022-06-06T07:41:39+00:00","og_image":[{"width":800,"height":351,"url":"https:\/\/esildealba.com\/blog\/wp-content\/uploads\/2022\/03\/AZULIBERNISTOS.jpg","type":"image\/jpeg"}],"author":"adminesil","twitter_card":"summary_large_image","twitter_misc":{"Escrito por":"adminesil","Tiempo de lectura":"3 minutos"},"schema":{"@context":"https:\/\/schema.org","@graph":[{"@type":"Article","@id":"https:\/\/esildealba.com\/blog\/suelos-para-exterior-es-el-momento-de-poner-a-punto-tus-espacios-al-aire-libre\/#article","isPartOf":{"@id":"https:\/\/esildealba.com\/blog\/suelos-para-exterior-es-el-momento-de-poner-a-punto-tus-espacios-al-aire-libre\/"},"author":{"name":"adminesil","@id":"https:\/\/esildealba.com\/blog\/#\/schema\/person\/6119b6b1a205fafb9d8f78934e629201"},"headline":"Suelos para exterior, es el momento de poner a punto tus espacios al aire libre.","datePublished":"2022-03-30T13:44:03+00:00","dateModified":"2022-06-06T07:41:39+00:00","mainEntityOfPage":{"@id":"https:\/\/esildealba.com\/blog\/suelos-para-exterior-es-el-momento-de-poner-a-punto-tus-espacios-al-aire-libre\/"},"wordCount":434,"commentCount":0,"image":{"@id":"https:\/\/esildealba.com\/blog\/suelos-para-exterior-es-el-momento-de-poner-a-punto-tus-espacios-al-aire-libre\/#primaryimage"},"thumbnailUrl":"https:\/\/esildealba.com\/blog\/wp-content\/uploads\/2022\/03\/AZULIBERNISTOS.jpg","keywords":["baldosas cer\u00e1micas para exterior","baldosas terraza","gres porcel\u00e1nico para exterior","solado terrazas y jardines","suelos cer\u00e1micos exterior","suelos para exterior"],"articleSection":["Azulejos y pavimentos","Cer\u00e1mica para exterior"],"inLanguage":"es","potentialAction":[{"@type":"CommentAction","name":"Comment","target":["https:\/\/esildealba.com\/blog\/suelos-para-exterior-es-el-momento-de-poner-a-punto-tus-espacios-al-aire-libre\/#respond"]}]},{"@type":"WebPage","@id":"https:\/\/esildealba.com\/blog\/suelos-para-exterior-es-el-momento-de-poner-a-punto-tus-espacios-al-aire-libre\/","url":"https:\/\/esildealba.com\/blog\/suelos-para-exterior-es-el-momento-de-poner-a-punto-tus-espacios-al-aire-libre\/","name":"Suelos para exterior, pon a punto tus espacios al aire libre.","isPartOf":{"@id":"https:\/\/esildealba.com\/blog\/#website"},"primaryImageOfPage":{"@id":"https:\/\/esildealba.com\/blog\/suelos-para-exterior-es-el-momento-de-poner-a-punto-tus-espacios-al-aire-libre\/#primaryimage"},"image":{"@id":"https:\/\/esildealba.com\/blog\/suelos-para-exterior-es-el-momento-de-poner-a-punto-tus-espacios-al-aire-libre\/#primaryimage"},"thumbnailUrl":"https:\/\/esildealba.com\/blog\/wp-content\/uploads\/2022\/03\/AZULIBERNISTOS.jpg","datePublished":"2022-03-30T13:44:03+00:00","dateModified":"2022-06-06T07:41:39+00:00","author":{"@id":"https:\/\/esildealba.com\/blog\/#\/schema\/person\/6119b6b1a205fafb9d8f78934e629201"},"description":"Suelos para exterior: Disfruta de los espacios al aire libre en tu hogar o negocio es cin un solado en buenas condiciones.","breadcrumb":{"@id":"https:\/\/esildealba.com\/blog\/suelos-para-exterior-es-el-momento-de-poner-a-punto-tus-espacios-al-aire-libre\/#breadcrumb"},"inLanguage":"es","potentialAction":[{"@type":"ReadAction","target":["https:\/\/esildealba.com\/blog\/suelos-para-exterior-es-el-momento-de-poner-a-punto-tus-espacios-al-aire-libre\/"]}]},{"@type":"ImageObject","inLanguage":"es","@id":"https:\/\/esildealba.com\/blog\/suelos-para-exterior-es-el-momento-de-poner-a-punto-tus-espacios-al-aire-libre\/#primaryimage","url":"https:\/\/esildealba.com\/blog\/wp-content\/uploads\/2022\/03\/AZULIBERNISTOS.jpg","contentUrl":"https:\/\/esildealba.com\/blog\/wp-content\/uploads\/2022\/03\/AZULIBERNISTOS.jpg","width":800,"height":351,"caption":"suelos para exterior"},{"@type":"BreadcrumbList","@id":"https:\/\/esildealba.com\/blog\/suelos-para-exterior-es-el-momento-de-poner-a-punto-tus-espacios-al-aire-libre\/#breadcrumb","itemListElement":[{"@type":"ListItem","position":1,"name":"Portada","item":"https:\/\/esildealba.com\/blog\/"},{"@type":"ListItem","position":2,"name":"Suelos para exterior, es el momento de poner a punto tus espacios al aire libre."}]},{"@type":"WebSite","@id":"https:\/\/esildealba.com\/blog\/#website","url":"https:\/\/esildealba.com\/blog\/","name":"El blog de Esil de Alba","description":"Pavimentos, gres, azulejos y mobiliario del hogar en Madrid","potentialAction":[{"@type":"SearchAction","target":{"@type":"EntryPoint","urlTemplate":"https:\/\/esildealba.com\/blog\/?s={search_term_string}"},"query-input":{"@type":"PropertyValueSpecification","valueRequired":true,"valueName":"search_term_string"}}],"inLanguage":"es"},{"@type":"Person","@id":"https:\/\/esildealba.com\/blog\/#\/schema\/person\/6119b6b1a205fafb9d8f78934e629201","name":"adminesil","image":{"@type":"ImageObject","inLanguage":"es","@id":"https:\/\/esildealba.com\/blog\/#\/schema\/person\/image\/","url":"https:\/\/secure.gravatar.com\/avatar\/8485c6d1488deb63c7cedfd6362bb58533258598131f893c5efc794326c616e2?s=96&d=mm&r=g","contentUrl":"https:\/\/secure.gravatar.com\/avatar\/8485c6d1488deb63c7cedfd6362bb58533258598131f893c5efc794326c616e2?s=96&d=mm&r=g","caption":"adminesil"},"url":"https:\/\/esildealba.com\/blog\/author\/adminesil\/"}]}},"_links":{"self":[{"href":"https:\/\/esildealba.com\/blog\/wp-json\/wp\/v2\/posts\/1627","targetHints":{"allow":["GET"]}}],"collection":[{"href":"https:\/\/esildealba.com\/blog\/wp-json\/wp\/v2\/posts"}],"about":[{"href":"https:\/\/esildealba.com\/blog\/wp-json\/wp\/v2\/types\/post"}],"author":[{"embeddable":true,"href":"https:\/\/esildealba.com\/blog\/wp-json\/wp\/v2\/users\/1"}],"replies":[{"embeddable":true,"href":"https:\/\/esildealba.com\/blog\/wp-json\/wp\/v2\/comments?post=1627"}],"version-history":[{"count":6,"href":"https:\/\/esildealba.com\/blog\/wp-json\/wp\/v2\/posts\/1627\/revisions"}],"predecessor-version":[{"id":1637,"href":"https:\/\/esildealba.com\/blog\/wp-json\/wp\/v2\/posts\/1627\/revisions\/1637"}],"wp:featuredmedia":[{"embeddable":true,"href":"https:\/\/esildealba.com\/blog\/wp-json\/wp\/v2\/media\/1632"}],"wp:attachment":[{"href":"https:\/\/esildealba.com\/blog\/wp-json\/wp\/v2\/media?parent=1627"}],"wp:term":[{"taxonomy":"category","embeddable":true,"href":"https:\/\/esildealba.com\/blog\/wp-json\/wp\/v2\/categories?post=1627"},{"taxonomy":"post_tag","embeddable":true,"href":"https:\/\/esildealba.com\/blog\/wp-json\/wp\/v2\/tags?post=1627"}],"curies":[{"name":"wp","href":"https:\/\/api.w.org\/{rel}","templated":true}]}}