{"id":1896,"date":"2023-02-23T17:11:25","date_gmt":"2023-02-23T17:11:25","guid":{"rendered":"https:\/\/esildealba.com\/blog\/?p=1896"},"modified":"2023-03-06T17:23:39","modified_gmt":"2023-03-06T17:23:39","slug":"cocina-con-muebles-de-madera","status":"publish","type":"post","link":"https:\/\/esildealba.com\/blog\/cocina-con-muebles-de-madera\/","title":{"rendered":"Cocina con muebles de madera."},"content":{"rendered":"\n<h6 class=\"wp-block-heading\">Cocina con muebles de madera. No pasar\u00e1 de moda.<\/h6>\n\n\n\n<p>Una <strong>cocina con muebles de madera<\/strong> conseguir\u00e1 crear un ambiente c\u00e1lido. Adem\u00e1s, combinado con otros materiales, se pueden crear estilos originales y con mucha personalidad.<\/p>\n\n\n\n<p>La combinaci\u00f3n de acabados en efecto madera natural con blanco evoca el <strong>estilo n\u00f3rdico<\/strong>. Y que actualmente ya es un <strong>cl\u00e1sico<\/strong>. Adem\u00e1s <strong>aporta luz <\/strong>al ambiente.<\/p>\n\n\n\n<p>Descubre nuestro <strong>modelo Tirador Inverso<\/strong>, un claro ejemplo de este estilo. <strong>De l\u00edneas puras y rectas, es&nbsp; c\u00e1lida y elegante al mismo tiempo.<\/strong><\/p>\n\n\n\n<figure class=\"wp-block-image alignnone size-full wp-image-535\"><img loading=\"lazy\" decoding=\"async\" width=\"800\" height=\"533\" src=\"https:\/\/esildealba.com\/blog\/wp-content\/uploads\/2018\/10\/01COCINATIRADORINVERSO.jpg\" alt=\"Muebles cocina sierra madrid estilo n\u00f3rdico.\" class=\"wp-image-535\"\/><figcaption class=\"wp-element-caption\">Mobiliario para cocina Modelo Tirador Inverso.<\/figcaption><\/figure>\n\n\n\n<p>Una cocina con muebles de madera basada en <strong>contrastes fuertes<\/strong> tambi\u00e9n es una buena apuesta. Como por ejemplo, el <strong>modelo Enmarcado Madera<\/strong>. <strong>De estilo urbano actual. Este conjunto de muebles de cocina unifica tradici\u00f3n y modernidad en un mismo espacio.<\/strong><\/p>\n\n\n\n<figure class=\"wp-block-image alignnone size-full wp-image-537\"><img loading=\"lazy\" decoding=\"async\" width=\"800\" height=\"533\" src=\"https:\/\/esildealba.com\/blog\/wp-content\/uploads\/2018\/10\/01COCINAENMARCADOMADERA.jpg\" alt=\"Combinaci\u00f3n de muebles para la cocina en madera con azulejos en gris.\" class=\"wp-image-537\"\/><figcaption class=\"wp-element-caption\">Modelo Enmarcado Madera.<\/figcaption><\/figure>\n\n\n\n<p>Otra opci\u00f3n que proponemos de cocina con muebles de madera es el efecto madera combinado con l\u00edneas puras. El resultado es una <strong>cocina sobria y elegante<\/strong>. El mobiliario que tambi\u00e9n combina con el lacado en blanco cede protagonismo a otros elementos. <strong>Los detalles marcar\u00e1n la tendencia en la decoraci\u00f3n del espacio<\/strong>. Sillas en tonos llamativos, l\u00e1mparas y jarrones voluptuosos, contrastes en las paredes&#8230; <strong>Estilo minimalista y rom\u00e1ntico al mismo tiempo<\/strong>!<\/p>\n\n\n\n<figure class=\"wp-block-image alignnone size-full wp-image-538\"><img loading=\"lazy\" decoding=\"async\" width=\"800\" height=\"585\" src=\"https:\/\/esildealba.com\/blog\/wp-content\/uploads\/2018\/10\/01COCINATIRADORLINEALMALTA.jpg\" alt=\"Muebles de cocina de l\u00edneas puras y minimalistas. Sierra noroeste de Madrid.\" class=\"wp-image-538\"\/><figcaption class=\"wp-element-caption\">Modelo Tirador Lineal.<\/figcaption><\/figure>\n\n\n\n<p><strong>Esil de Alba, llevamos m\u00e1s de 40 a\u00f1os ayud\u00e1ndote a hacer realidad tus proyectos<\/strong>. Somos especialistas en azulejos y pavimentos, cocinas, ba\u00f1os y decoraci\u00f3n del hogar. \u00c9chale un vistazo a nuestro <strong><a href=\"http:\/\/www.esildealba.com\/categorias.php\">cat\u00e1logo<\/a><\/strong>. Y ven a visitarnos a nuestra <strong><a href=\"http:\/\/www.esildealba.com\/contacto.php\">exposici\u00f3n<\/a><\/strong> en Alpedrete, Madrid. <strong>Te esperamos<\/strong>!<\/p>\n","protected":false},"excerpt":{"rendered":"<p>Una cocina con muebles de madera conseguir\u00e1 crear un ambiente c\u00e1lido. Adem\u00e1s, combinado con otros materiales, se pueden crear estilos originales y con mucha personalidad.<\/p>\n<p>La combinaci\u00f3n de acabados en efecto madera natural con blanco evoca el estilo n\u00f3rdico. Y que actualmente ya es un cl\u00e1sico. Adem\u00e1s aporta luz al ambiente.<\/p>\n<p>Descubre nuestro modelo Tirador Inverso, un claro ejemplo de este estilo. De l\u00edneas puras y rectas, es\u00a0 c\u00e1lida y elegante al mismo tiempo.<\/p>\n","protected":false},"author":1,"featured_media":1897,"comment_status":"open","ping_status":"open","sticky":false,"template":"","format":"standard","meta":{"footnotes":""},"categories":[6],"tags":[],"class_list":["post-1896","post","type-post","status-publish","format-standard","has-post-thumbnail","hentry","category-cocinas-madrid"],"yoast_head":"<!-- This site is optimized with the Yoast SEO plugin v27.0 - https:\/\/yoast.com\/product\/yoast-seo-wordpress\/ -->\n<title>cocina con muebles de madera<\/title>\n<meta name=\"description\" content=\"Una cocina con muebles de madera conseguir\u00e1 crear un ambiente c\u00e1lido y crear estilos originales y con mucha personalidad.\" \/>\n<meta name=\"robots\" content=\"index, follow, max-snippet:-1, max-image-preview:large, max-video-preview:-1\" \/>\n<link rel=\"canonical\" href=\"https:\/\/esildealba.com\/blog\/cocina-con-muebles-de-madera\/\" \/>\n<meta property=\"og:locale\" content=\"es_ES\" \/>\n<meta property=\"og:type\" content=\"article\" \/>\n<meta property=\"og:title\" content=\"cocina con muebles de madera\" \/>\n<meta property=\"og:description\" content=\"Una cocina con muebles de madera conseguir\u00e1 crear un ambiente c\u00e1lido y crear estilos originales y con mucha personalidad.\" \/>\n<meta property=\"og:url\" content=\"https:\/\/esildealba.com\/blog\/cocina-con-muebles-de-madera\/\" \/>\n<meta property=\"og:site_name\" content=\"El blog de Esil de Alba\" \/>\n<meta property=\"article:published_time\" content=\"2023-02-23T17:11:25+00:00\" \/>\n<meta property=\"article:modified_time\" content=\"2023-03-06T17:23:39+00:00\" \/>\n<meta property=\"og:image\" content=\"https:\/\/esildealba.com\/blog\/wp-content\/uploads\/2023\/03\/01COCINARECTAS.jpg\" \/>\n\t<meta property=\"og:image:width\" content=\"800\" \/>\n\t<meta property=\"og:image:height\" content=\"644\" \/>\n\t<meta property=\"og:image:type\" content=\"image\/jpeg\" \/>\n<meta name=\"author\" content=\"adminesil\" \/>\n<meta name=\"twitter:card\" content=\"summary_large_image\" \/>\n<meta name=\"twitter:label1\" content=\"Escrito por\" \/>\n\t<meta name=\"twitter:data1\" content=\"adminesil\" \/>\n\t<meta name=\"twitter:label2\" content=\"Tiempo de lectura\" \/>\n\t<meta name=\"twitter:data2\" content=\"2 minutos\" \/>\n<script type=\"application\/ld+json\" class=\"yoast-schema-graph\">{\"@context\":\"https:\/\/schema.org\",\"@graph\":[{\"@type\":\"Article\",\"@id\":\"https:\/\/esildealba.com\/blog\/cocina-con-muebles-de-madera\/#article\",\"isPartOf\":{\"@id\":\"https:\/\/esildealba.com\/blog\/cocina-con-muebles-de-madera\/\"},\"author\":{\"name\":\"adminesil\",\"@id\":\"https:\/\/esildealba.com\/blog\/#\/schema\/person\/6119b6b1a205fafb9d8f78934e629201\"},\"headline\":\"Cocina con muebles de madera.\",\"datePublished\":\"2023-02-23T17:11:25+00:00\",\"dateModified\":\"2023-03-06T17:23:39+00:00\",\"mainEntityOfPage\":{\"@id\":\"https:\/\/esildealba.com\/blog\/cocina-con-muebles-de-madera\/\"},\"wordCount\":278,\"commentCount\":0,\"image\":{\"@id\":\"https:\/\/esildealba.com\/blog\/cocina-con-muebles-de-madera\/#primaryimage\"},\"thumbnailUrl\":\"https:\/\/esildealba.com\/blog\/wp-content\/uploads\/2023\/03\/01COCINARECTAS.jpg\",\"articleSection\":[\"Cocinas\"],\"inLanguage\":\"es\",\"potentialAction\":[{\"@type\":\"CommentAction\",\"name\":\"Comment\",\"target\":[\"https:\/\/esildealba.com\/blog\/cocina-con-muebles-de-madera\/#respond\"]}]},{\"@type\":\"WebPage\",\"@id\":\"https:\/\/esildealba.com\/blog\/cocina-con-muebles-de-madera\/\",\"url\":\"https:\/\/esildealba.com\/blog\/cocina-con-muebles-de-madera\/\",\"name\":\"cocina con muebles de madera\",\"isPartOf\":{\"@id\":\"https:\/\/esildealba.com\/blog\/#website\"},\"primaryImageOfPage\":{\"@id\":\"https:\/\/esildealba.com\/blog\/cocina-con-muebles-de-madera\/#primaryimage\"},\"image\":{\"@id\":\"https:\/\/esildealba.com\/blog\/cocina-con-muebles-de-madera\/#primaryimage\"},\"thumbnailUrl\":\"https:\/\/esildealba.com\/blog\/wp-content\/uploads\/2023\/03\/01COCINARECTAS.jpg\",\"datePublished\":\"2023-02-23T17:11:25+00:00\",\"dateModified\":\"2023-03-06T17:23:39+00:00\",\"author\":{\"@id\":\"https:\/\/esildealba.com\/blog\/#\/schema\/person\/6119b6b1a205fafb9d8f78934e629201\"},\"description\":\"Una cocina con muebles de madera conseguir\u00e1 crear un ambiente c\u00e1lido y crear estilos originales y con mucha personalidad.\",\"breadcrumb\":{\"@id\":\"https:\/\/esildealba.com\/blog\/cocina-con-muebles-de-madera\/#breadcrumb\"},\"inLanguage\":\"es\",\"potentialAction\":[{\"@type\":\"ReadAction\",\"target\":[\"https:\/\/esildealba.com\/blog\/cocina-con-muebles-de-madera\/\"]}]},{\"@type\":\"ImageObject\",\"inLanguage\":\"es\",\"@id\":\"https:\/\/esildealba.com\/blog\/cocina-con-muebles-de-madera\/#primaryimage\",\"url\":\"https:\/\/esildealba.com\/blog\/wp-content\/uploads\/2023\/03\/01COCINARECTAS.jpg\",\"contentUrl\":\"https:\/\/esildealba.com\/blog\/wp-content\/uploads\/2023\/03\/01COCINARECTAS.jpg\",\"width\":800,\"height\":644,\"caption\":\"Cocina con muebles de madera\"},{\"@type\":\"BreadcrumbList\",\"@id\":\"https:\/\/esildealba.com\/blog\/cocina-con-muebles-de-madera\/#breadcrumb\",\"itemListElement\":[{\"@type\":\"ListItem\",\"position\":1,\"name\":\"Portada\",\"item\":\"https:\/\/esildealba.com\/blog\/\"},{\"@type\":\"ListItem\",\"position\":2,\"name\":\"Cocina con muebles de madera.\"}]},{\"@type\":\"WebSite\",\"@id\":\"https:\/\/esildealba.com\/blog\/#website\",\"url\":\"https:\/\/esildealba.com\/blog\/\",\"name\":\"El blog de Esil de Alba\",\"description\":\"Pavimentos, gres, azulejos y mobiliario del hogar en Madrid\",\"potentialAction\":[{\"@type\":\"SearchAction\",\"target\":{\"@type\":\"EntryPoint\",\"urlTemplate\":\"https:\/\/esildealba.com\/blog\/?s={search_term_string}\"},\"query-input\":{\"@type\":\"PropertyValueSpecification\",\"valueRequired\":true,\"valueName\":\"search_term_string\"}}],\"inLanguage\":\"es\"},{\"@type\":\"Person\",\"@id\":\"https:\/\/esildealba.com\/blog\/#\/schema\/person\/6119b6b1a205fafb9d8f78934e629201\",\"name\":\"adminesil\",\"image\":{\"@type\":\"ImageObject\",\"inLanguage\":\"es\",\"@id\":\"https:\/\/esildealba.com\/blog\/#\/schema\/person\/image\/\",\"url\":\"https:\/\/secure.gravatar.com\/avatar\/8485c6d1488deb63c7cedfd6362bb58533258598131f893c5efc794326c616e2?s=96&d=mm&r=g\",\"contentUrl\":\"https:\/\/secure.gravatar.com\/avatar\/8485c6d1488deb63c7cedfd6362bb58533258598131f893c5efc794326c616e2?s=96&d=mm&r=g\",\"caption\":\"adminesil\"},\"url\":\"https:\/\/esildealba.com\/blog\/author\/adminesil\/\"}]}<\/script>\n<!-- \/ Yoast SEO plugin. -->","yoast_head_json":{"title":"cocina con muebles de madera","description":"Una cocina con muebles de madera conseguir\u00e1 crear un ambiente c\u00e1lido y crear estilos originales y con mucha personalidad.","robots":{"index":"index","follow":"follow","max-snippet":"max-snippet:-1","max-image-preview":"max-image-preview:large","max-video-preview":"max-video-preview:-1"},"canonical":"https:\/\/esildealba.com\/blog\/cocina-con-muebles-de-madera\/","og_locale":"es_ES","og_type":"article","og_title":"cocina con muebles de madera","og_description":"Una cocina con muebles de madera conseguir\u00e1 crear un ambiente c\u00e1lido y crear estilos originales y con mucha personalidad.","og_url":"https:\/\/esildealba.com\/blog\/cocina-con-muebles-de-madera\/","og_site_name":"El blog de Esil de Alba","article_published_time":"2023-02-23T17:11:25+00:00","article_modified_time":"2023-03-06T17:23:39+00:00","og_image":[{"width":800,"height":644,"url":"https:\/\/esildealba.com\/blog\/wp-content\/uploads\/2023\/03\/01COCINARECTAS.jpg","type":"image\/jpeg"}],"author":"adminesil","twitter_card":"summary_large_image","twitter_misc":{"Escrito por":"adminesil","Tiempo de lectura":"2 minutos"},"schema":{"@context":"https:\/\/schema.org","@graph":[{"@type":"Article","@id":"https:\/\/esildealba.com\/blog\/cocina-con-muebles-de-madera\/#article","isPartOf":{"@id":"https:\/\/esildealba.com\/blog\/cocina-con-muebles-de-madera\/"},"author":{"name":"adminesil","@id":"https:\/\/esildealba.com\/blog\/#\/schema\/person\/6119b6b1a205fafb9d8f78934e629201"},"headline":"Cocina con muebles de madera.","datePublished":"2023-02-23T17:11:25+00:00","dateModified":"2023-03-06T17:23:39+00:00","mainEntityOfPage":{"@id":"https:\/\/esildealba.com\/blog\/cocina-con-muebles-de-madera\/"},"wordCount":278,"commentCount":0,"image":{"@id":"https:\/\/esildealba.com\/blog\/cocina-con-muebles-de-madera\/#primaryimage"},"thumbnailUrl":"https:\/\/esildealba.com\/blog\/wp-content\/uploads\/2023\/03\/01COCINARECTAS.jpg","articleSection":["Cocinas"],"inLanguage":"es","potentialAction":[{"@type":"CommentAction","name":"Comment","target":["https:\/\/esildealba.com\/blog\/cocina-con-muebles-de-madera\/#respond"]}]},{"@type":"WebPage","@id":"https:\/\/esildealba.com\/blog\/cocina-con-muebles-de-madera\/","url":"https:\/\/esildealba.com\/blog\/cocina-con-muebles-de-madera\/","name":"cocina con muebles de madera","isPartOf":{"@id":"https:\/\/esildealba.com\/blog\/#website"},"primaryImageOfPage":{"@id":"https:\/\/esildealba.com\/blog\/cocina-con-muebles-de-madera\/#primaryimage"},"image":{"@id":"https:\/\/esildealba.com\/blog\/cocina-con-muebles-de-madera\/#primaryimage"},"thumbnailUrl":"https:\/\/esildealba.com\/blog\/wp-content\/uploads\/2023\/03\/01COCINARECTAS.jpg","datePublished":"2023-02-23T17:11:25+00:00","dateModified":"2023-03-06T17:23:39+00:00","author":{"@id":"https:\/\/esildealba.com\/blog\/#\/schema\/person\/6119b6b1a205fafb9d8f78934e629201"},"description":"Una cocina con muebles de madera conseguir\u00e1 crear un ambiente c\u00e1lido y crear estilos originales y con mucha personalidad.","breadcrumb":{"@id":"https:\/\/esildealba.com\/blog\/cocina-con-muebles-de-madera\/#breadcrumb"},"inLanguage":"es","potentialAction":[{"@type":"ReadAction","target":["https:\/\/esildealba.com\/blog\/cocina-con-muebles-de-madera\/"]}]},{"@type":"ImageObject","inLanguage":"es","@id":"https:\/\/esildealba.com\/blog\/cocina-con-muebles-de-madera\/#primaryimage","url":"https:\/\/esildealba.com\/blog\/wp-content\/uploads\/2023\/03\/01COCINARECTAS.jpg","contentUrl":"https:\/\/esildealba.com\/blog\/wp-content\/uploads\/2023\/03\/01COCINARECTAS.jpg","width":800,"height":644,"caption":"Cocina con muebles de madera"},{"@type":"BreadcrumbList","@id":"https:\/\/esildealba.com\/blog\/cocina-con-muebles-de-madera\/#breadcrumb","itemListElement":[{"@type":"ListItem","position":1,"name":"Portada","item":"https:\/\/esildealba.com\/blog\/"},{"@type":"ListItem","position":2,"name":"Cocina con muebles de madera."}]},{"@type":"WebSite","@id":"https:\/\/esildealba.com\/blog\/#website","url":"https:\/\/esildealba.com\/blog\/","name":"El blog de Esil de Alba","description":"Pavimentos, gres, azulejos y mobiliario del hogar en Madrid","potentialAction":[{"@type":"SearchAction","target":{"@type":"EntryPoint","urlTemplate":"https:\/\/esildealba.com\/blog\/?s={search_term_string}"},"query-input":{"@type":"PropertyValueSpecification","valueRequired":true,"valueName":"search_term_string"}}],"inLanguage":"es"},{"@type":"Person","@id":"https:\/\/esildealba.com\/blog\/#\/schema\/person\/6119b6b1a205fafb9d8f78934e629201","name":"adminesil","image":{"@type":"ImageObject","inLanguage":"es","@id":"https:\/\/esildealba.com\/blog\/#\/schema\/person\/image\/","url":"https:\/\/secure.gravatar.com\/avatar\/8485c6d1488deb63c7cedfd6362bb58533258598131f893c5efc794326c616e2?s=96&d=mm&r=g","contentUrl":"https:\/\/secure.gravatar.com\/avatar\/8485c6d1488deb63c7cedfd6362bb58533258598131f893c5efc794326c616e2?s=96&d=mm&r=g","caption":"adminesil"},"url":"https:\/\/esildealba.com\/blog\/author\/adminesil\/"}]}},"_links":{"self":[{"href":"https:\/\/esildealba.com\/blog\/wp-json\/wp\/v2\/posts\/1896","targetHints":{"allow":["GET"]}}],"collection":[{"href":"https:\/\/esildealba.com\/blog\/wp-json\/wp\/v2\/posts"}],"about":[{"href":"https:\/\/esildealba.com\/blog\/wp-json\/wp\/v2\/types\/post"}],"author":[{"embeddable":true,"href":"https:\/\/esildealba.com\/blog\/wp-json\/wp\/v2\/users\/1"}],"replies":[{"embeddable":true,"href":"https:\/\/esildealba.com\/blog\/wp-json\/wp\/v2\/comments?post=1896"}],"version-history":[{"count":2,"href":"https:\/\/esildealba.com\/blog\/wp-json\/wp\/v2\/posts\/1896\/revisions"}],"predecessor-version":[{"id":1899,"href":"https:\/\/esildealba.com\/blog\/wp-json\/wp\/v2\/posts\/1896\/revisions\/1899"}],"wp:featuredmedia":[{"embeddable":true,"href":"https:\/\/esildealba.com\/blog\/wp-json\/wp\/v2\/media\/1897"}],"wp:attachment":[{"href":"https:\/\/esildealba.com\/blog\/wp-json\/wp\/v2\/media?parent=1896"}],"wp:term":[{"taxonomy":"category","embeddable":true,"href":"https:\/\/esildealba.com\/blog\/wp-json\/wp\/v2\/categories?post=1896"},{"taxonomy":"post_tag","embeddable":true,"href":"https:\/\/esildealba.com\/blog\/wp-json\/wp\/v2\/tags?post=1896"}],"curies":[{"name":"wp","href":"https:\/\/api.w.org\/{rel}","templated":true}]}}