{"id":2008,"date":"2024-01-18T17:41:35","date_gmt":"2024-01-18T17:41:35","guid":{"rendered":"https:\/\/esildealba.com\/blog\/?p=2008"},"modified":"2024-01-18T17:41:37","modified_gmt":"2024-01-18T17:41:37","slug":"tendencias-en-cocinas-2024","status":"publish","type":"post","link":"https:\/\/esildealba.com\/blog\/tendencias-en-cocinas-2024\/","title":{"rendered":"Tendencias en cocinas 2024 \u00a1Desc\u00fabrelas!"},"content":{"rendered":"\n<h5 class=\"wp-block-heading\">Descubre las Tendencias en Cocinas 2024: Dise\u00f1o Innovador para tu Espacio Culinary&#8230;<\/h5>\n\n\n\n<p>En el din\u00e1mico mundo de la reforma y el dise\u00f1o de interiores, las tendencias evolucionan constantemente, y las cocinas no son una excepci\u00f3n. <strong>Si est\u00e1s pensando en renovar tu cocina este a\u00f1o, es crucial mantenerte al tanto de las \u00faltimas novedades. <\/strong>As\u00ed en este art\u00edculo exploraremos las tendencias en cocinas 2024 m\u00e1s vanguardistas y funcionales. \u00a1Empezamos!<\/p>\n\n\n\n<p><strong>Minimalismo funcional<\/strong><\/p>\n\n\n\n<p><strong>El minimalismo siempre es tendencia<\/strong>. La ausencia de ambientes recargados y la presencia de l\u00edneas puras siguen siendo una fuerza dominante en el dise\u00f1o de cocinas. Y en el 2024, se combina con la funcionalidad en los muebles para cocina. <strong>Mobiliario de cocina limpio, l\u00edneas rectas y colores neutros para crear ambientes modernos y eficientes.<\/strong><\/p>\n\n\n\n<p><strong>Tecnolog\u00eda Integrada<\/strong><\/p>\n\n\n\n<p><strong>El futuro de las cocinas est\u00e1 marcado por la integraci\u00f3n de la tecnolog\u00eda<\/strong>. Muebles con cargadores inal\u00e1mbricos, electrodom\u00e9sticos inteligentes y sistemas de iluminaci\u00f3n controlados por voz transformar\u00e1n tu cocina en un <strong>espacio inteligente y futurista<\/strong>.<\/p>\n\n\n\n<p><strong>Materiales sostenibles<\/strong><\/p>\n\n\n\n<p><strong>La sostenibilidad es una prioridad creciente<\/strong>, incluso en el dise\u00f1o de cocinas. En el 2024, veremos un aumento en el uso de materiales sostenibles, como maderas certificadas y opciones recicladas, para crear muebles de cocina ecol\u00f3gicos y estilosos.<\/p>\n\n\n\n<p><strong>Toques Naturales<\/strong><\/p>\n\n\n\n<p><strong>La conexi\u00f3n con la naturaleza sigue siendo una inspiraci\u00f3n clave en el dise\u00f1o de interiores.<\/strong> Muebles de cocina con detalles en piedra, madera natural y elementos org\u00e1nicos a\u00f1aden calidez y un toque acogedor a tu espacio culinario.<\/p>\n\n\n\n<p><strong>Colores Atrevidos<\/strong><\/p>\n\n\n\n<p>Si buscas hacer una declaraci\u00f3n audaz, los <strong>colores vivos y atrevidos<\/strong> son la elecci\u00f3n del 2024. Tonos como el verde esmeralda, el azul profundo y el terracota est\u00e1n ganando popularidad, aportando vitalidad y personalidad a las cocinas contempor\u00e1neas.<\/p>\n\n\n\n<h5 class=\"wp-block-heading\">En definitiva&#8230;<\/h5>\n\n\n\n<p><strong>Descubre estas tendencias en muebles de cocina para el 2024 con Esil de Alba y crea un espacio que no solo ser\u00e1 funcional, sino tambi\u00e9n est\u00e9ticamente impactante.<\/strong> La combinaci\u00f3n de minimalismo, tecnolog\u00eda, sostenibilidad, elementos naturales y colores vibrantes te permitir\u00e1 disfrutar de una cocina moderna y a la moda.<\/p>\n\n\n\n<p>\u00a1Ven a <strong>Esil de Alba<\/strong> y te ayudamos a transformar tu cocina con estilo y elegancia! \u00a1Tenemos todo lo que necesitas para la reforma de tu cocina: <a href=\"https:\/\/esildealba.com\/blog\/tendencias-en-azulejos-y-pavimentos-2024\/\">azulejos y pavimentos<\/a>, <a href=\"https:\/\/www.esildealba.com\/categorias.php?cat=3\">muebles de cocina, fregaderos y grifer\u00edas, campanas extractoras y mucho m\u00e1s<\/a>!<\/p>\n","protected":false},"excerpt":{"rendered":"<p>Descubre las Tendencias en Cocinas 2024: Dise\u00f1o Innovador para tu Espacio Culinary&#8230;<\/p>\n<p>En el din\u00e1mico mundo de la reforma y el dise\u00f1o de interiores, las tendencias evolucionan constantemente, y las cocinas no son una excepci\u00f3n. Si est\u00e1s pensando en renovar tu cocina este a\u00f1o, es crucial mantenerte al tanto de las \u00faltimas novedades. As\u00ed en este art\u00edculo exploraremos las tendencias en cocinas 2024 m\u00e1s vanguardistas y funcionales. \u00a1Empezamos!<\/p>\n","protected":false},"author":1,"featured_media":2010,"comment_status":"open","ping_status":"open","sticky":false,"template":"","format":"standard","meta":{"footnotes":""},"categories":[6],"tags":[],"class_list":["post-2008","post","type-post","status-publish","format-standard","has-post-thumbnail","hentry","category-cocinas-madrid"],"yoast_head":"<!-- This site is optimized with the Yoast SEO plugin v27.0 - https:\/\/yoast.com\/product\/yoast-seo-wordpress\/ -->\n<title>Tendencias en cocinas 2024 \u00a1Desc\u00fabrelas!<\/title>\n<meta name=\"description\" content=\"Si est\u00e1s pensando en renovar tu cocina descubre las tendencias en cocinas 2024 m\u00e1s vanguardistas y funcionales.\" \/>\n<meta name=\"robots\" content=\"index, follow, max-snippet:-1, max-image-preview:large, max-video-preview:-1\" \/>\n<link rel=\"canonical\" href=\"https:\/\/esildealba.com\/blog\/tendencias-en-cocinas-2024\/\" \/>\n<meta property=\"og:locale\" content=\"es_ES\" \/>\n<meta property=\"og:type\" content=\"article\" \/>\n<meta property=\"og:title\" content=\"Tendencias en cocinas 2024 \u00a1Desc\u00fabrelas!\" \/>\n<meta property=\"og:description\" content=\"Si est\u00e1s pensando en renovar tu cocina descubre las tendencias en cocinas 2024 m\u00e1s vanguardistas y funcionales.\" \/>\n<meta property=\"og:url\" content=\"https:\/\/esildealba.com\/blog\/tendencias-en-cocinas-2024\/\" \/>\n<meta property=\"og:site_name\" content=\"El blog de Esil de Alba\" \/>\n<meta property=\"article:published_time\" content=\"2024-01-18T17:41:35+00:00\" \/>\n<meta property=\"article:modified_time\" content=\"2024-01-18T17:41:37+00:00\" \/>\n<meta property=\"og:image\" content=\"https:\/\/esildealba.com\/blog\/wp-content\/uploads\/2024\/01\/tendencias-en-cocinas-2024.jpg\" \/>\n\t<meta property=\"og:image:width\" content=\"1920\" \/>\n\t<meta property=\"og:image:height\" content=\"1262\" \/>\n\t<meta property=\"og:image:type\" content=\"image\/jpeg\" \/>\n<meta name=\"author\" content=\"adminesil\" \/>\n<meta name=\"twitter:card\" content=\"summary_large_image\" \/>\n<meta name=\"twitter:label1\" content=\"Escrito por\" \/>\n\t<meta name=\"twitter:data1\" content=\"adminesil\" \/>\n\t<meta name=\"twitter:label2\" content=\"Tiempo de lectura\" \/>\n\t<meta name=\"twitter:data2\" content=\"2 minutos\" \/>\n<script type=\"application\/ld+json\" class=\"yoast-schema-graph\">{\"@context\":\"https:\/\/schema.org\",\"@graph\":[{\"@type\":\"Article\",\"@id\":\"https:\/\/esildealba.com\/blog\/tendencias-en-cocinas-2024\/#article\",\"isPartOf\":{\"@id\":\"https:\/\/esildealba.com\/blog\/tendencias-en-cocinas-2024\/\"},\"author\":{\"name\":\"adminesil\",\"@id\":\"https:\/\/esildealba.com\/blog\/#\/schema\/person\/6119b6b1a205fafb9d8f78934e629201\"},\"headline\":\"Tendencias en cocinas 2024 \u00a1Desc\u00fabrelas!\",\"datePublished\":\"2024-01-18T17:41:35+00:00\",\"dateModified\":\"2024-01-18T17:41:37+00:00\",\"mainEntityOfPage\":{\"@id\":\"https:\/\/esildealba.com\/blog\/tendencias-en-cocinas-2024\/\"},\"wordCount\":407,\"commentCount\":0,\"image\":{\"@id\":\"https:\/\/esildealba.com\/blog\/tendencias-en-cocinas-2024\/#primaryimage\"},\"thumbnailUrl\":\"https:\/\/esildealba.com\/blog\/wp-content\/uploads\/2024\/01\/tendencias-en-cocinas-2024.jpg\",\"articleSection\":[\"Cocinas\"],\"inLanguage\":\"es\",\"potentialAction\":[{\"@type\":\"CommentAction\",\"name\":\"Comment\",\"target\":[\"https:\/\/esildealba.com\/blog\/tendencias-en-cocinas-2024\/#respond\"]}]},{\"@type\":\"WebPage\",\"@id\":\"https:\/\/esildealba.com\/blog\/tendencias-en-cocinas-2024\/\",\"url\":\"https:\/\/esildealba.com\/blog\/tendencias-en-cocinas-2024\/\",\"name\":\"Tendencias en cocinas 2024 \u00a1Desc\u00fabrelas!\",\"isPartOf\":{\"@id\":\"https:\/\/esildealba.com\/blog\/#website\"},\"primaryImageOfPage\":{\"@id\":\"https:\/\/esildealba.com\/blog\/tendencias-en-cocinas-2024\/#primaryimage\"},\"image\":{\"@id\":\"https:\/\/esildealba.com\/blog\/tendencias-en-cocinas-2024\/#primaryimage\"},\"thumbnailUrl\":\"https:\/\/esildealba.com\/blog\/wp-content\/uploads\/2024\/01\/tendencias-en-cocinas-2024.jpg\",\"datePublished\":\"2024-01-18T17:41:35+00:00\",\"dateModified\":\"2024-01-18T17:41:37+00:00\",\"author\":{\"@id\":\"https:\/\/esildealba.com\/blog\/#\/schema\/person\/6119b6b1a205fafb9d8f78934e629201\"},\"description\":\"Si est\u00e1s pensando en renovar tu cocina descubre las tendencias en cocinas 2024 m\u00e1s vanguardistas y funcionales.\",\"breadcrumb\":{\"@id\":\"https:\/\/esildealba.com\/blog\/tendencias-en-cocinas-2024\/#breadcrumb\"},\"inLanguage\":\"es\",\"potentialAction\":[{\"@type\":\"ReadAction\",\"target\":[\"https:\/\/esildealba.com\/blog\/tendencias-en-cocinas-2024\/\"]}]},{\"@type\":\"ImageObject\",\"inLanguage\":\"es\",\"@id\":\"https:\/\/esildealba.com\/blog\/tendencias-en-cocinas-2024\/#primaryimage\",\"url\":\"https:\/\/esildealba.com\/blog\/wp-content\/uploads\/2024\/01\/tendencias-en-cocinas-2024.jpg\",\"contentUrl\":\"https:\/\/esildealba.com\/blog\/wp-content\/uploads\/2024\/01\/tendencias-en-cocinas-2024.jpg\",\"width\":1920,\"height\":1262,\"caption\":\"tendencias en cocinas 2024\"},{\"@type\":\"BreadcrumbList\",\"@id\":\"https:\/\/esildealba.com\/blog\/tendencias-en-cocinas-2024\/#breadcrumb\",\"itemListElement\":[{\"@type\":\"ListItem\",\"position\":1,\"name\":\"Portada\",\"item\":\"https:\/\/esildealba.com\/blog\/\"},{\"@type\":\"ListItem\",\"position\":2,\"name\":\"Tendencias en cocinas 2024 \u00a1Desc\u00fabrelas!\"}]},{\"@type\":\"WebSite\",\"@id\":\"https:\/\/esildealba.com\/blog\/#website\",\"url\":\"https:\/\/esildealba.com\/blog\/\",\"name\":\"El blog de Esil de Alba\",\"description\":\"Pavimentos, gres, azulejos y mobiliario del hogar en Madrid\",\"potentialAction\":[{\"@type\":\"SearchAction\",\"target\":{\"@type\":\"EntryPoint\",\"urlTemplate\":\"https:\/\/esildealba.com\/blog\/?s={search_term_string}\"},\"query-input\":{\"@type\":\"PropertyValueSpecification\",\"valueRequired\":true,\"valueName\":\"search_term_string\"}}],\"inLanguage\":\"es\"},{\"@type\":\"Person\",\"@id\":\"https:\/\/esildealba.com\/blog\/#\/schema\/person\/6119b6b1a205fafb9d8f78934e629201\",\"name\":\"adminesil\",\"image\":{\"@type\":\"ImageObject\",\"inLanguage\":\"es\",\"@id\":\"https:\/\/esildealba.com\/blog\/#\/schema\/person\/image\/\",\"url\":\"https:\/\/secure.gravatar.com\/avatar\/8485c6d1488deb63c7cedfd6362bb58533258598131f893c5efc794326c616e2?s=96&d=mm&r=g\",\"contentUrl\":\"https:\/\/secure.gravatar.com\/avatar\/8485c6d1488deb63c7cedfd6362bb58533258598131f893c5efc794326c616e2?s=96&d=mm&r=g\",\"caption\":\"adminesil\"},\"url\":\"https:\/\/esildealba.com\/blog\/author\/adminesil\/\"}]}<\/script>\n<!-- \/ Yoast SEO plugin. -->","yoast_head_json":{"title":"Tendencias en cocinas 2024 \u00a1Desc\u00fabrelas!","description":"Si est\u00e1s pensando en renovar tu cocina descubre las tendencias en cocinas 2024 m\u00e1s vanguardistas y funcionales.","robots":{"index":"index","follow":"follow","max-snippet":"max-snippet:-1","max-image-preview":"max-image-preview:large","max-video-preview":"max-video-preview:-1"},"canonical":"https:\/\/esildealba.com\/blog\/tendencias-en-cocinas-2024\/","og_locale":"es_ES","og_type":"article","og_title":"Tendencias en cocinas 2024 \u00a1Desc\u00fabrelas!","og_description":"Si est\u00e1s pensando en renovar tu cocina descubre las tendencias en cocinas 2024 m\u00e1s vanguardistas y funcionales.","og_url":"https:\/\/esildealba.com\/blog\/tendencias-en-cocinas-2024\/","og_site_name":"El blog de Esil de Alba","article_published_time":"2024-01-18T17:41:35+00:00","article_modified_time":"2024-01-18T17:41:37+00:00","og_image":[{"width":1920,"height":1262,"url":"https:\/\/esildealba.com\/blog\/wp-content\/uploads\/2024\/01\/tendencias-en-cocinas-2024.jpg","type":"image\/jpeg"}],"author":"adminesil","twitter_card":"summary_large_image","twitter_misc":{"Escrito por":"adminesil","Tiempo de lectura":"2 minutos"},"schema":{"@context":"https:\/\/schema.org","@graph":[{"@type":"Article","@id":"https:\/\/esildealba.com\/blog\/tendencias-en-cocinas-2024\/#article","isPartOf":{"@id":"https:\/\/esildealba.com\/blog\/tendencias-en-cocinas-2024\/"},"author":{"name":"adminesil","@id":"https:\/\/esildealba.com\/blog\/#\/schema\/person\/6119b6b1a205fafb9d8f78934e629201"},"headline":"Tendencias en cocinas 2024 \u00a1Desc\u00fabrelas!","datePublished":"2024-01-18T17:41:35+00:00","dateModified":"2024-01-18T17:41:37+00:00","mainEntityOfPage":{"@id":"https:\/\/esildealba.com\/blog\/tendencias-en-cocinas-2024\/"},"wordCount":407,"commentCount":0,"image":{"@id":"https:\/\/esildealba.com\/blog\/tendencias-en-cocinas-2024\/#primaryimage"},"thumbnailUrl":"https:\/\/esildealba.com\/blog\/wp-content\/uploads\/2024\/01\/tendencias-en-cocinas-2024.jpg","articleSection":["Cocinas"],"inLanguage":"es","potentialAction":[{"@type":"CommentAction","name":"Comment","target":["https:\/\/esildealba.com\/blog\/tendencias-en-cocinas-2024\/#respond"]}]},{"@type":"WebPage","@id":"https:\/\/esildealba.com\/blog\/tendencias-en-cocinas-2024\/","url":"https:\/\/esildealba.com\/blog\/tendencias-en-cocinas-2024\/","name":"Tendencias en cocinas 2024 \u00a1Desc\u00fabrelas!","isPartOf":{"@id":"https:\/\/esildealba.com\/blog\/#website"},"primaryImageOfPage":{"@id":"https:\/\/esildealba.com\/blog\/tendencias-en-cocinas-2024\/#primaryimage"},"image":{"@id":"https:\/\/esildealba.com\/blog\/tendencias-en-cocinas-2024\/#primaryimage"},"thumbnailUrl":"https:\/\/esildealba.com\/blog\/wp-content\/uploads\/2024\/01\/tendencias-en-cocinas-2024.jpg","datePublished":"2024-01-18T17:41:35+00:00","dateModified":"2024-01-18T17:41:37+00:00","author":{"@id":"https:\/\/esildealba.com\/blog\/#\/schema\/person\/6119b6b1a205fafb9d8f78934e629201"},"description":"Si est\u00e1s pensando en renovar tu cocina descubre las tendencias en cocinas 2024 m\u00e1s vanguardistas y funcionales.","breadcrumb":{"@id":"https:\/\/esildealba.com\/blog\/tendencias-en-cocinas-2024\/#breadcrumb"},"inLanguage":"es","potentialAction":[{"@type":"ReadAction","target":["https:\/\/esildealba.com\/blog\/tendencias-en-cocinas-2024\/"]}]},{"@type":"ImageObject","inLanguage":"es","@id":"https:\/\/esildealba.com\/blog\/tendencias-en-cocinas-2024\/#primaryimage","url":"https:\/\/esildealba.com\/blog\/wp-content\/uploads\/2024\/01\/tendencias-en-cocinas-2024.jpg","contentUrl":"https:\/\/esildealba.com\/blog\/wp-content\/uploads\/2024\/01\/tendencias-en-cocinas-2024.jpg","width":1920,"height":1262,"caption":"tendencias en cocinas 2024"},{"@type":"BreadcrumbList","@id":"https:\/\/esildealba.com\/blog\/tendencias-en-cocinas-2024\/#breadcrumb","itemListElement":[{"@type":"ListItem","position":1,"name":"Portada","item":"https:\/\/esildealba.com\/blog\/"},{"@type":"ListItem","position":2,"name":"Tendencias en cocinas 2024 \u00a1Desc\u00fabrelas!"}]},{"@type":"WebSite","@id":"https:\/\/esildealba.com\/blog\/#website","url":"https:\/\/esildealba.com\/blog\/","name":"El blog de Esil de Alba","description":"Pavimentos, gres, azulejos y mobiliario del hogar en Madrid","potentialAction":[{"@type":"SearchAction","target":{"@type":"EntryPoint","urlTemplate":"https:\/\/esildealba.com\/blog\/?s={search_term_string}"},"query-input":{"@type":"PropertyValueSpecification","valueRequired":true,"valueName":"search_term_string"}}],"inLanguage":"es"},{"@type":"Person","@id":"https:\/\/esildealba.com\/blog\/#\/schema\/person\/6119b6b1a205fafb9d8f78934e629201","name":"adminesil","image":{"@type":"ImageObject","inLanguage":"es","@id":"https:\/\/esildealba.com\/blog\/#\/schema\/person\/image\/","url":"https:\/\/secure.gravatar.com\/avatar\/8485c6d1488deb63c7cedfd6362bb58533258598131f893c5efc794326c616e2?s=96&d=mm&r=g","contentUrl":"https:\/\/secure.gravatar.com\/avatar\/8485c6d1488deb63c7cedfd6362bb58533258598131f893c5efc794326c616e2?s=96&d=mm&r=g","caption":"adminesil"},"url":"https:\/\/esildealba.com\/blog\/author\/adminesil\/"}]}},"_links":{"self":[{"href":"https:\/\/esildealba.com\/blog\/wp-json\/wp\/v2\/posts\/2008","targetHints":{"allow":["GET"]}}],"collection":[{"href":"https:\/\/esildealba.com\/blog\/wp-json\/wp\/v2\/posts"}],"about":[{"href":"https:\/\/esildealba.com\/blog\/wp-json\/wp\/v2\/types\/post"}],"author":[{"embeddable":true,"href":"https:\/\/esildealba.com\/blog\/wp-json\/wp\/v2\/users\/1"}],"replies":[{"embeddable":true,"href":"https:\/\/esildealba.com\/blog\/wp-json\/wp\/v2\/comments?post=2008"}],"version-history":[{"count":2,"href":"https:\/\/esildealba.com\/blog\/wp-json\/wp\/v2\/posts\/2008\/revisions"}],"predecessor-version":[{"id":2011,"href":"https:\/\/esildealba.com\/blog\/wp-json\/wp\/v2\/posts\/2008\/revisions\/2011"}],"wp:featuredmedia":[{"embeddable":true,"href":"https:\/\/esildealba.com\/blog\/wp-json\/wp\/v2\/media\/2010"}],"wp:attachment":[{"href":"https:\/\/esildealba.com\/blog\/wp-json\/wp\/v2\/media?parent=2008"}],"wp:term":[{"taxonomy":"category","embeddable":true,"href":"https:\/\/esildealba.com\/blog\/wp-json\/wp\/v2\/categories?post=2008"},{"taxonomy":"post_tag","embeddable":true,"href":"https:\/\/esildealba.com\/blog\/wp-json\/wp\/v2\/tags?post=2008"}],"curies":[{"name":"wp","href":"https:\/\/api.w.org\/{rel}","templated":true}]}}