{"id":210,"date":"2018-01-30T10:15:19","date_gmt":"2018-01-30T10:15:19","guid":{"rendered":"http:\/\/esildealba.com\/blog\/?p=210"},"modified":"2018-01-30T12:06:46","modified_gmt":"2018-01-30T12:06:46","slug":"dormitorio-decoralo-sea-espacio-ensueno","status":"publish","type":"post","link":"https:\/\/esildealba.com\/blog\/dormitorio-decoralo-sea-espacio-ensueno\/","title":{"rendered":"Tu dormitorio. Dec\u00f3ralo para que sea un espacio de ensue\u00f1o."},"content":{"rendered":"<h5><strong>Descansar, dormir, so\u00f1ar, leer, compartir, amar&#8230; Tu dormitorio es un espacio \u00edntimo y personal.<\/strong><\/h5>\n<p>En el dormitorio pasamos un tercio o m\u00e1s de nuestra vida. Su decoraci\u00f3n es muy importante, ya que puede afectar a nuestros estados de \u00e1nimo. Al decidir que ambiente vamos a crear, debemos tener en cuenta nuestra personalidad y estilo. Desde la pintura de las paredes hasta los detalles de los accesorios, buscaremos el equilibrio entre funcionalidad y decoraci\u00f3n.<\/p>\n<p>El dormitorio es un lugar para el descanso. Debemos evitar una decoraci\u00f3n demasiado recargada. Para la pintura de las paredes, lo mejor son colores claros, que contribuir\u00e1n a crear un ambiente de descanso y relax. Si la habitaci\u00f3n es luminosa, podemos empapelar una pared en un tono oscuro y primar los tonos claros en el resto de elementos, creando as\u00ed un efecto contraste.<\/p>\n<div id=\"attachment_213\" style=\"width: 810px\" class=\"wp-caption alignnone\"><img loading=\"lazy\" decoding=\"async\" aria-describedby=\"caption-attachment-213\" class=\"wp-image-213 size-full\" src=\"https:\/\/esildealba.com\/blog\/wp-content\/uploads\/2018\/01\/AMB-18-bed0020.jpg\" alt=\"Dormitorio conjunto Michelle.\" width=\"800\" height=\"793\" \/><p id=\"caption-attachment-213\" class=\"wp-caption-text\">Conjunto Michelle.<\/p><\/div>\n<p>El cabecero es muy importante, ya que captar\u00e1 el protagonismo de la estancia. El estilo y el material de su acabado marcar\u00e1n la tendenciade de coraci\u00f3n en la habitaci\u00f3n. Debemos elegir si nos gusta un estilo m\u00e1s cl\u00e1sico, m\u00e1s moderno, m\u00e1s barroco&#8230; y elegir el material para el mismo: tapizados acolchados, de forja, en madera&#8230;<\/p>\n<p>Una vez definidos el color de las paredes y nuestro cabecero, elegiremos los dem\u00e1s muebles. Generalmente el resto de muebles cumplen tambi\u00e9n una importante funci\u00f3n para el almacenaje. Las mesillas de noche y c\u00f3moda son fundamentales para completar la decoraci\u00f3n, y deben ir en consonancia para contribuir al efecto del conjunto. Si tenemos espacio, es ideal a\u00f1adir un sinfonier, un bureau o un tocador con espejo. Estos elementos aportar\u00e1n un toque m\u00e1s \u00edntimo y personal.<\/p>\n<div id=\"attachment_214\" style=\"width: 810px\" class=\"wp-caption alignnone\"><img loading=\"lazy\" decoding=\"async\" aria-describedby=\"caption-attachment-214\" class=\"wp-image-214 size-full\" src=\"https:\/\/esildealba.com\/blog\/wp-content\/uploads\/2018\/01\/AMB150008.jpg\" alt=\"Dormitorio conjunto VIVIANE . Acabado: ICARUS. CONJUNTO CABECERO+ BASE CANAP\u00c9 COMBINADO CON MESITAS CANDY. \" width=\"800\" height=\"593\" \/><p id=\"caption-attachment-214\" class=\"wp-caption-text\">Conjunto Viviane.<\/p><\/div>\n<p>Por \u00faltimo, la importancia de los detalles y accesorios. En el dormitorio no deben faltar los objetos personales, ya que refuerzan el concepto de espacio \u00edntimo. Las fotograf\u00edas y recuerdos hacen que sea un espacio muy nuestro. Tambi\u00e9n las telas: colchas, cortinas y cojines son accesorios que aportan calidez y comodidad a la estancia. Combinando colores y motivos, le aportaremos encanto al dormitorio.<\/p>\n<div id=\"attachment_216\" style=\"width: 810px\" class=\"wp-caption alignnone\"><img loading=\"lazy\" decoding=\"async\" aria-describedby=\"caption-attachment-216\" class=\"wp-image-216 size-full\" src=\"https:\/\/esildealba.com\/blog\/wp-content\/uploads\/2018\/01\/DormitorioRomantic.jpg\" alt=\" Dormitorio en roble y laca gris con aplicaciones de acero. Cabecero tapizado en aut\u00e9ntico capiton\u00e9 opcional.\" width=\"800\" height=\"600\" \/><p id=\"caption-attachment-216\" class=\"wp-caption-text\">Conjunto Majestic.<\/p><\/div>\n<p><strong>En Esil de Alba somos especialistas en decoraci\u00f3n. <\/strong>Ven a <a href=\"http:\/\/www.esildealba.com\/contacto.php\" target=\"_blank\" rel=\"noopener\">nuestra exposici\u00f3n<\/a> en Alpedrete, Madrid, descubre nuestro amplio <a href=\"http:\/\/www.esildealba.com\/categorias\/mobiliario-del-hogar_2\/dormitorios_15\">cat\u00e1logo de dormitorios<\/a> y d\u00e9jate asesorar por nuestros expertos en decoraci\u00f3n!<\/p>\n<p>&nbsp;<\/p>\n","protected":false},"excerpt":{"rendered":"<p>Descansar, dormir, so\u00f1ar, leer, compartir, amar&#8230; Tu dormitorio es un espacio \u00edntimo y personal.<\/p>\n<p>En el dormitorio pasamos un tercio o m\u00e1s de nuestra vida. Su decoraci\u00f3n es muy importante, ya que puede afectar a nuestros estados de \u00e1nimo. Al decidir que ambiente vamos a crear, debemos tener en cuenta nuestra personalidad y estilo. Desde la pintura de las paredes hasta los detalles de los accesorios, buscaremos el equilibrio entre funcionalidad y decoraci\u00f3n.<\/p>\n","protected":false},"author":1,"featured_media":217,"comment_status":"open","ping_status":"open","sticky":false,"template":"","format":"standard","meta":{"footnotes":""},"categories":[18,5],"tags":[23,19,20,22,21],"class_list":["post-210","post","type-post","status-publish","format-standard","has-post-thumbnail","hentry","category-decoracion","category-mobiliario-hogar-madrid","tag-decoracion-madrid","tag-decortacion","tag-dormitorio","tag-espacios-con-estilo","tag-muebles-del-hogar"],"yoast_head":"<!-- This site is optimized with the Yoast SEO plugin v27.0 - https:\/\/yoast.com\/product\/yoast-seo-wordpress\/ -->\n<title>Tu dormitorio. Dec\u00f3ralo para que sea un espacio de ensue\u00f1o.<\/title>\n<meta name=\"description\" content=\"Descansar, dormir, so\u00f1ar, leer, compartir, amar... Tu dormitorio es un espacio \u00edntimo y personal. En el dormitorio pasamos un tercio o m\u00e1s de nuestra vida.\" \/>\n<meta name=\"robots\" content=\"index, follow, max-snippet:-1, max-image-preview:large, max-video-preview:-1\" \/>\n<link rel=\"canonical\" href=\"https:\/\/esildealba.com\/blog\/dormitorio-decoralo-sea-espacio-ensueno\/\" \/>\n<meta property=\"og:locale\" content=\"es_ES\" \/>\n<meta property=\"og:type\" content=\"article\" \/>\n<meta property=\"og:title\" content=\"Tu dormitorio. Dec\u00f3ralo para que sea un espacio de ensue\u00f1o.\" \/>\n<meta property=\"og:description\" content=\"Descansar, dormir, so\u00f1ar, leer, compartir, amar... Tu dormitorio es un espacio \u00edntimo y personal. En el dormitorio pasamos un tercio o m\u00e1s de nuestra vida.\" \/>\n<meta property=\"og:url\" content=\"https:\/\/esildealba.com\/blog\/dormitorio-decoralo-sea-espacio-ensueno\/\" \/>\n<meta property=\"og:site_name\" content=\"El blog de Esil de Alba\" \/>\n<meta property=\"article:published_time\" content=\"2018-01-30T10:15:19+00:00\" \/>\n<meta property=\"article:modified_time\" content=\"2018-01-30T12:06:46+00:00\" \/>\n<meta property=\"og:image\" content=\"https:\/\/esildealba.com\/blog\/wp-content\/uploads\/2018\/01\/AMB10026.jpg\" \/>\n\t<meta property=\"og:image:width\" content=\"800\" \/>\n\t<meta property=\"og:image:height\" content=\"494\" \/>\n\t<meta property=\"og:image:type\" content=\"image\/jpeg\" \/>\n<meta name=\"author\" content=\"adminesil\" \/>\n<meta name=\"twitter:card\" content=\"summary_large_image\" \/>\n<meta name=\"twitter:label1\" content=\"Escrito por\" \/>\n\t<meta name=\"twitter:data1\" content=\"adminesil\" \/>\n\t<meta name=\"twitter:label2\" content=\"Tiempo de lectura\" \/>\n\t<meta name=\"twitter:data2\" content=\"2 minutos\" \/>\n<script type=\"application\/ld+json\" class=\"yoast-schema-graph\">{\"@context\":\"https:\/\/schema.org\",\"@graph\":[{\"@type\":\"Article\",\"@id\":\"https:\/\/esildealba.com\/blog\/dormitorio-decoralo-sea-espacio-ensueno\/#article\",\"isPartOf\":{\"@id\":\"https:\/\/esildealba.com\/blog\/dormitorio-decoralo-sea-espacio-ensueno\/\"},\"author\":{\"name\":\"adminesil\",\"@id\":\"https:\/\/esildealba.com\/blog\/#\/schema\/person\/6119b6b1a205fafb9d8f78934e629201\"},\"headline\":\"Tu dormitorio. Dec\u00f3ralo para que sea un espacio de ensue\u00f1o.\",\"datePublished\":\"2018-01-30T10:15:19+00:00\",\"dateModified\":\"2018-01-30T12:06:46+00:00\",\"mainEntityOfPage\":{\"@id\":\"https:\/\/esildealba.com\/blog\/dormitorio-decoralo-sea-espacio-ensueno\/\"},\"wordCount\":427,\"commentCount\":0,\"image\":{\"@id\":\"https:\/\/esildealba.com\/blog\/dormitorio-decoralo-sea-espacio-ensueno\/#primaryimage\"},\"thumbnailUrl\":\"https:\/\/esildealba.com\/blog\/wp-content\/uploads\/2018\/01\/AMB10026.jpg\",\"keywords\":[\"decoraci\u00f3n Madrid\",\"decortaci\u00f3n\",\"dormitorio\",\"espacios con estilo\",\"muebles del hogar\"],\"articleSection\":[\"Decoraci\u00f3n\",\"Mobiliario del hogar\"],\"inLanguage\":\"es\",\"potentialAction\":[{\"@type\":\"CommentAction\",\"name\":\"Comment\",\"target\":[\"https:\/\/esildealba.com\/blog\/dormitorio-decoralo-sea-espacio-ensueno\/#respond\"]}]},{\"@type\":\"WebPage\",\"@id\":\"https:\/\/esildealba.com\/blog\/dormitorio-decoralo-sea-espacio-ensueno\/\",\"url\":\"https:\/\/esildealba.com\/blog\/dormitorio-decoralo-sea-espacio-ensueno\/\",\"name\":\"Tu dormitorio. Dec\u00f3ralo para que sea un espacio de ensue\u00f1o.\",\"isPartOf\":{\"@id\":\"https:\/\/esildealba.com\/blog\/#website\"},\"primaryImageOfPage\":{\"@id\":\"https:\/\/esildealba.com\/blog\/dormitorio-decoralo-sea-espacio-ensueno\/#primaryimage\"},\"image\":{\"@id\":\"https:\/\/esildealba.com\/blog\/dormitorio-decoralo-sea-espacio-ensueno\/#primaryimage\"},\"thumbnailUrl\":\"https:\/\/esildealba.com\/blog\/wp-content\/uploads\/2018\/01\/AMB10026.jpg\",\"datePublished\":\"2018-01-30T10:15:19+00:00\",\"dateModified\":\"2018-01-30T12:06:46+00:00\",\"author\":{\"@id\":\"https:\/\/esildealba.com\/blog\/#\/schema\/person\/6119b6b1a205fafb9d8f78934e629201\"},\"description\":\"Descansar, dormir, so\u00f1ar, leer, compartir, amar... Tu dormitorio es un espacio \u00edntimo y personal. En el dormitorio pasamos un tercio o m\u00e1s de nuestra vida.\",\"breadcrumb\":{\"@id\":\"https:\/\/esildealba.com\/blog\/dormitorio-decoralo-sea-espacio-ensueno\/#breadcrumb\"},\"inLanguage\":\"es\",\"potentialAction\":[{\"@type\":\"ReadAction\",\"target\":[\"https:\/\/esildealba.com\/blog\/dormitorio-decoralo-sea-espacio-ensueno\/\"]}]},{\"@type\":\"ImageObject\",\"inLanguage\":\"es\",\"@id\":\"https:\/\/esildealba.com\/blog\/dormitorio-decoralo-sea-espacio-ensueno\/#primaryimage\",\"url\":\"https:\/\/esildealba.com\/blog\/wp-content\/uploads\/2018\/01\/AMB10026.jpg\",\"contentUrl\":\"https:\/\/esildealba.com\/blog\/wp-content\/uploads\/2018\/01\/AMB10026.jpg\",\"width\":800,\"height\":494,\"caption\":\"Dormitorio modelo Sybil.\"},{\"@type\":\"BreadcrumbList\",\"@id\":\"https:\/\/esildealba.com\/blog\/dormitorio-decoralo-sea-espacio-ensueno\/#breadcrumb\",\"itemListElement\":[{\"@type\":\"ListItem\",\"position\":1,\"name\":\"Portada\",\"item\":\"https:\/\/esildealba.com\/blog\/\"},{\"@type\":\"ListItem\",\"position\":2,\"name\":\"Tu dormitorio. Dec\u00f3ralo para que sea un espacio de ensue\u00f1o.\"}]},{\"@type\":\"WebSite\",\"@id\":\"https:\/\/esildealba.com\/blog\/#website\",\"url\":\"https:\/\/esildealba.com\/blog\/\",\"name\":\"El blog de Esil de Alba\",\"description\":\"Pavimentos, gres, azulejos y mobiliario del hogar en Madrid\",\"potentialAction\":[{\"@type\":\"SearchAction\",\"target\":{\"@type\":\"EntryPoint\",\"urlTemplate\":\"https:\/\/esildealba.com\/blog\/?s={search_term_string}\"},\"query-input\":{\"@type\":\"PropertyValueSpecification\",\"valueRequired\":true,\"valueName\":\"search_term_string\"}}],\"inLanguage\":\"es\"},{\"@type\":\"Person\",\"@id\":\"https:\/\/esildealba.com\/blog\/#\/schema\/person\/6119b6b1a205fafb9d8f78934e629201\",\"name\":\"adminesil\",\"image\":{\"@type\":\"ImageObject\",\"inLanguage\":\"es\",\"@id\":\"https:\/\/esildealba.com\/blog\/#\/schema\/person\/image\/\",\"url\":\"https:\/\/secure.gravatar.com\/avatar\/8485c6d1488deb63c7cedfd6362bb58533258598131f893c5efc794326c616e2?s=96&d=mm&r=g\",\"contentUrl\":\"https:\/\/secure.gravatar.com\/avatar\/8485c6d1488deb63c7cedfd6362bb58533258598131f893c5efc794326c616e2?s=96&d=mm&r=g\",\"caption\":\"adminesil\"},\"url\":\"https:\/\/esildealba.com\/blog\/author\/adminesil\/\"}]}<\/script>\n<!-- \/ Yoast SEO plugin. -->","yoast_head_json":{"title":"Tu dormitorio. Dec\u00f3ralo para que sea un espacio de ensue\u00f1o.","description":"Descansar, dormir, so\u00f1ar, leer, compartir, amar... Tu dormitorio es un espacio \u00edntimo y personal. En el dormitorio pasamos un tercio o m\u00e1s de nuestra vida.","robots":{"index":"index","follow":"follow","max-snippet":"max-snippet:-1","max-image-preview":"max-image-preview:large","max-video-preview":"max-video-preview:-1"},"canonical":"https:\/\/esildealba.com\/blog\/dormitorio-decoralo-sea-espacio-ensueno\/","og_locale":"es_ES","og_type":"article","og_title":"Tu dormitorio. Dec\u00f3ralo para que sea un espacio de ensue\u00f1o.","og_description":"Descansar, dormir, so\u00f1ar, leer, compartir, amar... Tu dormitorio es un espacio \u00edntimo y personal. En el dormitorio pasamos un tercio o m\u00e1s de nuestra vida.","og_url":"https:\/\/esildealba.com\/blog\/dormitorio-decoralo-sea-espacio-ensueno\/","og_site_name":"El blog de Esil de Alba","article_published_time":"2018-01-30T10:15:19+00:00","article_modified_time":"2018-01-30T12:06:46+00:00","og_image":[{"width":800,"height":494,"url":"https:\/\/esildealba.com\/blog\/wp-content\/uploads\/2018\/01\/AMB10026.jpg","type":"image\/jpeg"}],"author":"adminesil","twitter_card":"summary_large_image","twitter_misc":{"Escrito por":"adminesil","Tiempo de lectura":"2 minutos"},"schema":{"@context":"https:\/\/schema.org","@graph":[{"@type":"Article","@id":"https:\/\/esildealba.com\/blog\/dormitorio-decoralo-sea-espacio-ensueno\/#article","isPartOf":{"@id":"https:\/\/esildealba.com\/blog\/dormitorio-decoralo-sea-espacio-ensueno\/"},"author":{"name":"adminesil","@id":"https:\/\/esildealba.com\/blog\/#\/schema\/person\/6119b6b1a205fafb9d8f78934e629201"},"headline":"Tu dormitorio. Dec\u00f3ralo para que sea un espacio de ensue\u00f1o.","datePublished":"2018-01-30T10:15:19+00:00","dateModified":"2018-01-30T12:06:46+00:00","mainEntityOfPage":{"@id":"https:\/\/esildealba.com\/blog\/dormitorio-decoralo-sea-espacio-ensueno\/"},"wordCount":427,"commentCount":0,"image":{"@id":"https:\/\/esildealba.com\/blog\/dormitorio-decoralo-sea-espacio-ensueno\/#primaryimage"},"thumbnailUrl":"https:\/\/esildealba.com\/blog\/wp-content\/uploads\/2018\/01\/AMB10026.jpg","keywords":["decoraci\u00f3n Madrid","decortaci\u00f3n","dormitorio","espacios con estilo","muebles del hogar"],"articleSection":["Decoraci\u00f3n","Mobiliario del hogar"],"inLanguage":"es","potentialAction":[{"@type":"CommentAction","name":"Comment","target":["https:\/\/esildealba.com\/blog\/dormitorio-decoralo-sea-espacio-ensueno\/#respond"]}]},{"@type":"WebPage","@id":"https:\/\/esildealba.com\/blog\/dormitorio-decoralo-sea-espacio-ensueno\/","url":"https:\/\/esildealba.com\/blog\/dormitorio-decoralo-sea-espacio-ensueno\/","name":"Tu dormitorio. Dec\u00f3ralo para que sea un espacio de ensue\u00f1o.","isPartOf":{"@id":"https:\/\/esildealba.com\/blog\/#website"},"primaryImageOfPage":{"@id":"https:\/\/esildealba.com\/blog\/dormitorio-decoralo-sea-espacio-ensueno\/#primaryimage"},"image":{"@id":"https:\/\/esildealba.com\/blog\/dormitorio-decoralo-sea-espacio-ensueno\/#primaryimage"},"thumbnailUrl":"https:\/\/esildealba.com\/blog\/wp-content\/uploads\/2018\/01\/AMB10026.jpg","datePublished":"2018-01-30T10:15:19+00:00","dateModified":"2018-01-30T12:06:46+00:00","author":{"@id":"https:\/\/esildealba.com\/blog\/#\/schema\/person\/6119b6b1a205fafb9d8f78934e629201"},"description":"Descansar, dormir, so\u00f1ar, leer, compartir, amar... Tu dormitorio es un espacio \u00edntimo y personal. En el dormitorio pasamos un tercio o m\u00e1s de nuestra vida.","breadcrumb":{"@id":"https:\/\/esildealba.com\/blog\/dormitorio-decoralo-sea-espacio-ensueno\/#breadcrumb"},"inLanguage":"es","potentialAction":[{"@type":"ReadAction","target":["https:\/\/esildealba.com\/blog\/dormitorio-decoralo-sea-espacio-ensueno\/"]}]},{"@type":"ImageObject","inLanguage":"es","@id":"https:\/\/esildealba.com\/blog\/dormitorio-decoralo-sea-espacio-ensueno\/#primaryimage","url":"https:\/\/esildealba.com\/blog\/wp-content\/uploads\/2018\/01\/AMB10026.jpg","contentUrl":"https:\/\/esildealba.com\/blog\/wp-content\/uploads\/2018\/01\/AMB10026.jpg","width":800,"height":494,"caption":"Dormitorio modelo Sybil."},{"@type":"BreadcrumbList","@id":"https:\/\/esildealba.com\/blog\/dormitorio-decoralo-sea-espacio-ensueno\/#breadcrumb","itemListElement":[{"@type":"ListItem","position":1,"name":"Portada","item":"https:\/\/esildealba.com\/blog\/"},{"@type":"ListItem","position":2,"name":"Tu dormitorio. Dec\u00f3ralo para que sea un espacio de ensue\u00f1o."}]},{"@type":"WebSite","@id":"https:\/\/esildealba.com\/blog\/#website","url":"https:\/\/esildealba.com\/blog\/","name":"El blog de Esil de Alba","description":"Pavimentos, gres, azulejos y mobiliario del hogar en Madrid","potentialAction":[{"@type":"SearchAction","target":{"@type":"EntryPoint","urlTemplate":"https:\/\/esildealba.com\/blog\/?s={search_term_string}"},"query-input":{"@type":"PropertyValueSpecification","valueRequired":true,"valueName":"search_term_string"}}],"inLanguage":"es"},{"@type":"Person","@id":"https:\/\/esildealba.com\/blog\/#\/schema\/person\/6119b6b1a205fafb9d8f78934e629201","name":"adminesil","image":{"@type":"ImageObject","inLanguage":"es","@id":"https:\/\/esildealba.com\/blog\/#\/schema\/person\/image\/","url":"https:\/\/secure.gravatar.com\/avatar\/8485c6d1488deb63c7cedfd6362bb58533258598131f893c5efc794326c616e2?s=96&d=mm&r=g","contentUrl":"https:\/\/secure.gravatar.com\/avatar\/8485c6d1488deb63c7cedfd6362bb58533258598131f893c5efc794326c616e2?s=96&d=mm&r=g","caption":"adminesil"},"url":"https:\/\/esildealba.com\/blog\/author\/adminesil\/"}]}},"_links":{"self":[{"href":"https:\/\/esildealba.com\/blog\/wp-json\/wp\/v2\/posts\/210","targetHints":{"allow":["GET"]}}],"collection":[{"href":"https:\/\/esildealba.com\/blog\/wp-json\/wp\/v2\/posts"}],"about":[{"href":"https:\/\/esildealba.com\/blog\/wp-json\/wp\/v2\/types\/post"}],"author":[{"embeddable":true,"href":"https:\/\/esildealba.com\/blog\/wp-json\/wp\/v2\/users\/1"}],"replies":[{"embeddable":true,"href":"https:\/\/esildealba.com\/blog\/wp-json\/wp\/v2\/comments?post=210"}],"version-history":[{"count":5,"href":"https:\/\/esildealba.com\/blog\/wp-json\/wp\/v2\/posts\/210\/revisions"}],"predecessor-version":[{"id":220,"href":"https:\/\/esildealba.com\/blog\/wp-json\/wp\/v2\/posts\/210\/revisions\/220"}],"wp:featuredmedia":[{"embeddable":true,"href":"https:\/\/esildealba.com\/blog\/wp-json\/wp\/v2\/media\/217"}],"wp:attachment":[{"href":"https:\/\/esildealba.com\/blog\/wp-json\/wp\/v2\/media?parent=210"}],"wp:term":[{"taxonomy":"category","embeddable":true,"href":"https:\/\/esildealba.com\/blog\/wp-json\/wp\/v2\/categories?post=210"},{"taxonomy":"post_tag","embeddable":true,"href":"https:\/\/esildealba.com\/blog\/wp-json\/wp\/v2\/tags?post=210"}],"curies":[{"name":"wp","href":"https:\/\/api.w.org\/{rel}","templated":true}]}}