{"id":2142,"date":"2025-01-27T11:59:00","date_gmt":"2025-01-27T11:59:00","guid":{"rendered":"https:\/\/esildealba.com\/blog\/?p=2142"},"modified":"2025-03-15T20:16:25","modified_gmt":"2025-03-15T20:16:25","slug":"tendencias-en-azulejos-y-pavimentos-ceramicos-2025","status":"publish","type":"post","link":"https:\/\/esildealba.com\/blog\/tendencias-en-azulejos-y-pavimentos-ceramicos-2025\/","title":{"rendered":"Tendencias en azulejos y pavimentos cer\u00e1micos 2025"},"content":{"rendered":"\n<p>El 2025 ser\u00e1 un a\u00f1o de transformaci\u00f3n para el mundo de la cer\u00e1mica, donde la <strong>tecnolog\u00eda<\/strong> y el <strong>dise\u00f1o <\/strong>convergen para ofrecer soluciones \u00fanicas. Las tendencias en azulejos y pavimentos cer\u00e1micos 2025 se centran en la <strong>personalizaci\u00f3n<\/strong>, la <strong>sostenibilidad<\/strong> y la <strong>funcionalidad<\/strong> avanzada.<\/p>\n\n\n\n<p>La innovaci\u00f3n llega con <strong>superficies interactivas<\/strong>: azulejos que cambian de color con la temperatura y materiales capaces de purificar el aire. Adem\u00e1s, el uso de <strong>materiales reciclados<\/strong> y <strong>procesos de fabricaci\u00f3n con menor impacto ambiental <\/strong>hacen que la cer\u00e1mica del futuro sea m\u00e1s ecol\u00f3gica y eficiente.<\/p>\n\n\n\n<h3 class=\"wp-block-heading\"><strong>Dise\u00f1os vanguardistas y nuevas texturas<\/strong> <strong>en azulejos y pavimentos cer\u00e1micos 2025<\/strong><\/h3>\n\n\n\n<p>El realismo alcanza nuevas alturas con texturas que imitan con precisi\u00f3n el m\u00e1rmol, el metal oxidado y el hormig\u00f3n pulido. Los <strong>efectos en 3D<\/strong> crean superficies din\u00e1micas que juegan con la luz y las sombras, brindando profundidad y un toque art\u00edstico a cualquier estancia.<\/p>\n\n\n\n<h3 class=\"wp-block-heading\"><strong>Colores y formatos disruptivos<\/strong><\/h3>\n\n\n\n<p>M\u00e1s all\u00e1 de los tonos tierra y naturales, en 2025 los dise\u00f1os cer\u00e1micos incorporan<strong> colores vibrantes<\/strong> como esmeralda, coral y mostaza, ideales para destacar en espacios modernos. Se imponen las <strong>formas asim\u00e9tricas<\/strong>, con patrones geom\u00e9tricos irregulares y formatos extragrandes que permiten revestimientos sin juntas visibles.<\/p>\n\n\n\n<p>Las tendencias en azulejos y pavimentos cer\u00e1micos 2025 redefinen el <strong>concepto de revestimiento<\/strong>, apostando por tecnolog\u00eda de vanguardia, dise\u00f1os innovadores y una conciencia ecol\u00f3gica. Atr\u00e9vete a experimentar y dale a tu hogar una apariencia \u00fanica con las \u00faltimas novedades en cer\u00e1mica, que por supuesto podr\u00e1s encontrar en<strong><a href=\"https:\/\/www.esildealba.com\/categorias.php?cat=1\"> Esil de Alba<\/a><\/strong>. \u00a1Te esperamos!<\/p>\n\n\n\n<p><\/p>\n","protected":false},"excerpt":{"rendered":"<p>El 2025 ser\u00e1 un a\u00f1o de transformaci\u00f3n para el mundo de la cer\u00e1mica, donde la tecnolog\u00eda y el dise\u00f1o convergen para ofrecer soluciones \u00fanicas. Las tendencias en azulejos y pavimentos cer\u00e1micos 2025 se centran en la personalizaci\u00f3n, la sostenibilidad y la funcionalidad avanzada.<\/p>\n<p>La innovaci\u00f3n llega con superficies interactivas: azulejos que cambian de color con la temperatura y materiales capaces de purificar el aire. Adem\u00e1s, el uso de materiales reciclados y procesos de fabricaci\u00f3n con menor impacto ambiental hacen que la cer\u00e1mica del futuro sea m\u00e1s ecol\u00f3gica y eficiente.<\/p>\n","protected":false},"author":1,"featured_media":2143,"comment_status":"open","ping_status":"open","sticky":false,"template":"","format":"standard","meta":{"footnotes":""},"categories":[4],"tags":[],"class_list":["post-2142","post","type-post","status-publish","format-standard","has-post-thumbnail","hentry","category-azulejos-pavimentos-madrid"],"yoast_head":"<!-- This site is optimized with the Yoast SEO plugin v27.0 - https:\/\/yoast.com\/product\/yoast-seo-wordpress\/ -->\n<title>Tendencias en azulejos y pavimentos cer\u00e1micos 2025<\/title>\n<meta name=\"description\" content=\"Las tendencias en azulejos y pavimentos cer\u00e1micos 2025 se centran en la personalizaci\u00f3n, la sostenibilidad y la funcionalidad avanzada.\" \/>\n<meta name=\"robots\" content=\"index, follow, max-snippet:-1, max-image-preview:large, max-video-preview:-1\" \/>\n<link rel=\"canonical\" href=\"https:\/\/esildealba.com\/blog\/tendencias-en-azulejos-y-pavimentos-ceramicos-2025\/\" \/>\n<meta property=\"og:locale\" content=\"es_ES\" \/>\n<meta property=\"og:type\" content=\"article\" \/>\n<meta property=\"og:title\" content=\"Tendencias en azulejos y pavimentos cer\u00e1micos 2025\" \/>\n<meta property=\"og:description\" content=\"Las tendencias en azulejos y pavimentos cer\u00e1micos 2025 se centran en la personalizaci\u00f3n, la sostenibilidad y la funcionalidad avanzada.\" \/>\n<meta property=\"og:url\" content=\"https:\/\/esildealba.com\/blog\/tendencias-en-azulejos-y-pavimentos-ceramicos-2025\/\" \/>\n<meta property=\"og:site_name\" content=\"El blog de Esil de Alba\" \/>\n<meta property=\"article:published_time\" content=\"2025-01-27T11:59:00+00:00\" \/>\n<meta property=\"article:modified_time\" content=\"2025-03-15T20:16:25+00:00\" \/>\n<meta property=\"og:image\" content=\"https:\/\/esildealba.com\/blog\/wp-content\/uploads\/2025\/02\/cristacerblentivorysalon.jpg\" \/>\n\t<meta property=\"og:image:width\" content=\"800\" \/>\n\t<meta property=\"og:image:height\" content=\"567\" \/>\n\t<meta property=\"og:image:type\" content=\"image\/jpeg\" \/>\n<meta name=\"author\" content=\"adminesil\" \/>\n<meta name=\"twitter:card\" content=\"summary_large_image\" \/>\n<meta name=\"twitter:label1\" content=\"Escrito por\" \/>\n\t<meta name=\"twitter:data1\" content=\"adminesil\" \/>\n\t<meta name=\"twitter:label2\" content=\"Tiempo de lectura\" \/>\n\t<meta name=\"twitter:data2\" content=\"2 minutos\" \/>\n<script type=\"application\/ld+json\" class=\"yoast-schema-graph\">{\"@context\":\"https:\/\/schema.org\",\"@graph\":[{\"@type\":\"Article\",\"@id\":\"https:\/\/esildealba.com\/blog\/tendencias-en-azulejos-y-pavimentos-ceramicos-2025\/#article\",\"isPartOf\":{\"@id\":\"https:\/\/esildealba.com\/blog\/tendencias-en-azulejos-y-pavimentos-ceramicos-2025\/\"},\"author\":{\"name\":\"adminesil\",\"@id\":\"https:\/\/esildealba.com\/blog\/#\/schema\/person\/6119b6b1a205fafb9d8f78934e629201\"},\"headline\":\"Tendencias en azulejos y pavimentos cer\u00e1micos 2025\",\"datePublished\":\"2025-01-27T11:59:00+00:00\",\"dateModified\":\"2025-03-15T20:16:25+00:00\",\"mainEntityOfPage\":{\"@id\":\"https:\/\/esildealba.com\/blog\/tendencias-en-azulejos-y-pavimentos-ceramicos-2025\/\"},\"wordCount\":279,\"commentCount\":0,\"image\":{\"@id\":\"https:\/\/esildealba.com\/blog\/tendencias-en-azulejos-y-pavimentos-ceramicos-2025\/#primaryimage\"},\"thumbnailUrl\":\"https:\/\/esildealba.com\/blog\/wp-content\/uploads\/2025\/02\/cristacerblentivorysalon.jpg\",\"articleSection\":[\"Azulejos y pavimentos\"],\"inLanguage\":\"es\",\"potentialAction\":[{\"@type\":\"CommentAction\",\"name\":\"Comment\",\"target\":[\"https:\/\/esildealba.com\/blog\/tendencias-en-azulejos-y-pavimentos-ceramicos-2025\/#respond\"]}]},{\"@type\":\"WebPage\",\"@id\":\"https:\/\/esildealba.com\/blog\/tendencias-en-azulejos-y-pavimentos-ceramicos-2025\/\",\"url\":\"https:\/\/esildealba.com\/blog\/tendencias-en-azulejos-y-pavimentos-ceramicos-2025\/\",\"name\":\"Tendencias en azulejos y pavimentos cer\u00e1micos 2025\",\"isPartOf\":{\"@id\":\"https:\/\/esildealba.com\/blog\/#website\"},\"primaryImageOfPage\":{\"@id\":\"https:\/\/esildealba.com\/blog\/tendencias-en-azulejos-y-pavimentos-ceramicos-2025\/#primaryimage\"},\"image\":{\"@id\":\"https:\/\/esildealba.com\/blog\/tendencias-en-azulejos-y-pavimentos-ceramicos-2025\/#primaryimage\"},\"thumbnailUrl\":\"https:\/\/esildealba.com\/blog\/wp-content\/uploads\/2025\/02\/cristacerblentivorysalon.jpg\",\"datePublished\":\"2025-01-27T11:59:00+00:00\",\"dateModified\":\"2025-03-15T20:16:25+00:00\",\"author\":{\"@id\":\"https:\/\/esildealba.com\/blog\/#\/schema\/person\/6119b6b1a205fafb9d8f78934e629201\"},\"description\":\"Las tendencias en azulejos y pavimentos cer\u00e1micos 2025 se centran en la personalizaci\u00f3n, la sostenibilidad y la funcionalidad avanzada.\",\"breadcrumb\":{\"@id\":\"https:\/\/esildealba.com\/blog\/tendencias-en-azulejos-y-pavimentos-ceramicos-2025\/#breadcrumb\"},\"inLanguage\":\"es\",\"potentialAction\":[{\"@type\":\"ReadAction\",\"target\":[\"https:\/\/esildealba.com\/blog\/tendencias-en-azulejos-y-pavimentos-ceramicos-2025\/\"]}]},{\"@type\":\"ImageObject\",\"inLanguage\":\"es\",\"@id\":\"https:\/\/esildealba.com\/blog\/tendencias-en-azulejos-y-pavimentos-ceramicos-2025\/#primaryimage\",\"url\":\"https:\/\/esildealba.com\/blog\/wp-content\/uploads\/2025\/02\/cristacerblentivorysalon.jpg\",\"contentUrl\":\"https:\/\/esildealba.com\/blog\/wp-content\/uploads\/2025\/02\/cristacerblentivorysalon.jpg\",\"width\":800,\"height\":567,\"caption\":\"azulejos y pavimentos cer\u00e1micos 2025\"},{\"@type\":\"BreadcrumbList\",\"@id\":\"https:\/\/esildealba.com\/blog\/tendencias-en-azulejos-y-pavimentos-ceramicos-2025\/#breadcrumb\",\"itemListElement\":[{\"@type\":\"ListItem\",\"position\":1,\"name\":\"Portada\",\"item\":\"https:\/\/esildealba.com\/blog\/\"},{\"@type\":\"ListItem\",\"position\":2,\"name\":\"Tendencias en azulejos y pavimentos cer\u00e1micos 2025\"}]},{\"@type\":\"WebSite\",\"@id\":\"https:\/\/esildealba.com\/blog\/#website\",\"url\":\"https:\/\/esildealba.com\/blog\/\",\"name\":\"El blog de Esil de Alba\",\"description\":\"Pavimentos, gres, azulejos y mobiliario del hogar en Madrid\",\"potentialAction\":[{\"@type\":\"SearchAction\",\"target\":{\"@type\":\"EntryPoint\",\"urlTemplate\":\"https:\/\/esildealba.com\/blog\/?s={search_term_string}\"},\"query-input\":{\"@type\":\"PropertyValueSpecification\",\"valueRequired\":true,\"valueName\":\"search_term_string\"}}],\"inLanguage\":\"es\"},{\"@type\":\"Person\",\"@id\":\"https:\/\/esildealba.com\/blog\/#\/schema\/person\/6119b6b1a205fafb9d8f78934e629201\",\"name\":\"adminesil\",\"image\":{\"@type\":\"ImageObject\",\"inLanguage\":\"es\",\"@id\":\"https:\/\/esildealba.com\/blog\/#\/schema\/person\/image\/\",\"url\":\"https:\/\/secure.gravatar.com\/avatar\/8485c6d1488deb63c7cedfd6362bb58533258598131f893c5efc794326c616e2?s=96&d=mm&r=g\",\"contentUrl\":\"https:\/\/secure.gravatar.com\/avatar\/8485c6d1488deb63c7cedfd6362bb58533258598131f893c5efc794326c616e2?s=96&d=mm&r=g\",\"caption\":\"adminesil\"},\"url\":\"https:\/\/esildealba.com\/blog\/author\/adminesil\/\"}]}<\/script>\n<!-- \/ Yoast SEO plugin. -->","yoast_head_json":{"title":"Tendencias en azulejos y pavimentos cer\u00e1micos 2025","description":"Las tendencias en azulejos y pavimentos cer\u00e1micos 2025 se centran en la personalizaci\u00f3n, la sostenibilidad y la funcionalidad avanzada.","robots":{"index":"index","follow":"follow","max-snippet":"max-snippet:-1","max-image-preview":"max-image-preview:large","max-video-preview":"max-video-preview:-1"},"canonical":"https:\/\/esildealba.com\/blog\/tendencias-en-azulejos-y-pavimentos-ceramicos-2025\/","og_locale":"es_ES","og_type":"article","og_title":"Tendencias en azulejos y pavimentos cer\u00e1micos 2025","og_description":"Las tendencias en azulejos y pavimentos cer\u00e1micos 2025 se centran en la personalizaci\u00f3n, la sostenibilidad y la funcionalidad avanzada.","og_url":"https:\/\/esildealba.com\/blog\/tendencias-en-azulejos-y-pavimentos-ceramicos-2025\/","og_site_name":"El blog de Esil de Alba","article_published_time":"2025-01-27T11:59:00+00:00","article_modified_time":"2025-03-15T20:16:25+00:00","og_image":[{"width":800,"height":567,"url":"https:\/\/esildealba.com\/blog\/wp-content\/uploads\/2025\/02\/cristacerblentivorysalon.jpg","type":"image\/jpeg"}],"author":"adminesil","twitter_card":"summary_large_image","twitter_misc":{"Escrito por":"adminesil","Tiempo de lectura":"2 minutos"},"schema":{"@context":"https:\/\/schema.org","@graph":[{"@type":"Article","@id":"https:\/\/esildealba.com\/blog\/tendencias-en-azulejos-y-pavimentos-ceramicos-2025\/#article","isPartOf":{"@id":"https:\/\/esildealba.com\/blog\/tendencias-en-azulejos-y-pavimentos-ceramicos-2025\/"},"author":{"name":"adminesil","@id":"https:\/\/esildealba.com\/blog\/#\/schema\/person\/6119b6b1a205fafb9d8f78934e629201"},"headline":"Tendencias en azulejos y pavimentos cer\u00e1micos 2025","datePublished":"2025-01-27T11:59:00+00:00","dateModified":"2025-03-15T20:16:25+00:00","mainEntityOfPage":{"@id":"https:\/\/esildealba.com\/blog\/tendencias-en-azulejos-y-pavimentos-ceramicos-2025\/"},"wordCount":279,"commentCount":0,"image":{"@id":"https:\/\/esildealba.com\/blog\/tendencias-en-azulejos-y-pavimentos-ceramicos-2025\/#primaryimage"},"thumbnailUrl":"https:\/\/esildealba.com\/blog\/wp-content\/uploads\/2025\/02\/cristacerblentivorysalon.jpg","articleSection":["Azulejos y pavimentos"],"inLanguage":"es","potentialAction":[{"@type":"CommentAction","name":"Comment","target":["https:\/\/esildealba.com\/blog\/tendencias-en-azulejos-y-pavimentos-ceramicos-2025\/#respond"]}]},{"@type":"WebPage","@id":"https:\/\/esildealba.com\/blog\/tendencias-en-azulejos-y-pavimentos-ceramicos-2025\/","url":"https:\/\/esildealba.com\/blog\/tendencias-en-azulejos-y-pavimentos-ceramicos-2025\/","name":"Tendencias en azulejos y pavimentos cer\u00e1micos 2025","isPartOf":{"@id":"https:\/\/esildealba.com\/blog\/#website"},"primaryImageOfPage":{"@id":"https:\/\/esildealba.com\/blog\/tendencias-en-azulejos-y-pavimentos-ceramicos-2025\/#primaryimage"},"image":{"@id":"https:\/\/esildealba.com\/blog\/tendencias-en-azulejos-y-pavimentos-ceramicos-2025\/#primaryimage"},"thumbnailUrl":"https:\/\/esildealba.com\/blog\/wp-content\/uploads\/2025\/02\/cristacerblentivorysalon.jpg","datePublished":"2025-01-27T11:59:00+00:00","dateModified":"2025-03-15T20:16:25+00:00","author":{"@id":"https:\/\/esildealba.com\/blog\/#\/schema\/person\/6119b6b1a205fafb9d8f78934e629201"},"description":"Las tendencias en azulejos y pavimentos cer\u00e1micos 2025 se centran en la personalizaci\u00f3n, la sostenibilidad y la funcionalidad avanzada.","breadcrumb":{"@id":"https:\/\/esildealba.com\/blog\/tendencias-en-azulejos-y-pavimentos-ceramicos-2025\/#breadcrumb"},"inLanguage":"es","potentialAction":[{"@type":"ReadAction","target":["https:\/\/esildealba.com\/blog\/tendencias-en-azulejos-y-pavimentos-ceramicos-2025\/"]}]},{"@type":"ImageObject","inLanguage":"es","@id":"https:\/\/esildealba.com\/blog\/tendencias-en-azulejos-y-pavimentos-ceramicos-2025\/#primaryimage","url":"https:\/\/esildealba.com\/blog\/wp-content\/uploads\/2025\/02\/cristacerblentivorysalon.jpg","contentUrl":"https:\/\/esildealba.com\/blog\/wp-content\/uploads\/2025\/02\/cristacerblentivorysalon.jpg","width":800,"height":567,"caption":"azulejos y pavimentos cer\u00e1micos 2025"},{"@type":"BreadcrumbList","@id":"https:\/\/esildealba.com\/blog\/tendencias-en-azulejos-y-pavimentos-ceramicos-2025\/#breadcrumb","itemListElement":[{"@type":"ListItem","position":1,"name":"Portada","item":"https:\/\/esildealba.com\/blog\/"},{"@type":"ListItem","position":2,"name":"Tendencias en azulejos y pavimentos cer\u00e1micos 2025"}]},{"@type":"WebSite","@id":"https:\/\/esildealba.com\/blog\/#website","url":"https:\/\/esildealba.com\/blog\/","name":"El blog de Esil de Alba","description":"Pavimentos, gres, azulejos y mobiliario del hogar en Madrid","potentialAction":[{"@type":"SearchAction","target":{"@type":"EntryPoint","urlTemplate":"https:\/\/esildealba.com\/blog\/?s={search_term_string}"},"query-input":{"@type":"PropertyValueSpecification","valueRequired":true,"valueName":"search_term_string"}}],"inLanguage":"es"},{"@type":"Person","@id":"https:\/\/esildealba.com\/blog\/#\/schema\/person\/6119b6b1a205fafb9d8f78934e629201","name":"adminesil","image":{"@type":"ImageObject","inLanguage":"es","@id":"https:\/\/esildealba.com\/blog\/#\/schema\/person\/image\/","url":"https:\/\/secure.gravatar.com\/avatar\/8485c6d1488deb63c7cedfd6362bb58533258598131f893c5efc794326c616e2?s=96&d=mm&r=g","contentUrl":"https:\/\/secure.gravatar.com\/avatar\/8485c6d1488deb63c7cedfd6362bb58533258598131f893c5efc794326c616e2?s=96&d=mm&r=g","caption":"adminesil"},"url":"https:\/\/esildealba.com\/blog\/author\/adminesil\/"}]}},"_links":{"self":[{"href":"https:\/\/esildealba.com\/blog\/wp-json\/wp\/v2\/posts\/2142","targetHints":{"allow":["GET"]}}],"collection":[{"href":"https:\/\/esildealba.com\/blog\/wp-json\/wp\/v2\/posts"}],"about":[{"href":"https:\/\/esildealba.com\/blog\/wp-json\/wp\/v2\/types\/post"}],"author":[{"embeddable":true,"href":"https:\/\/esildealba.com\/blog\/wp-json\/wp\/v2\/users\/1"}],"replies":[{"embeddable":true,"href":"https:\/\/esildealba.com\/blog\/wp-json\/wp\/v2\/comments?post=2142"}],"version-history":[{"count":1,"href":"https:\/\/esildealba.com\/blog\/wp-json\/wp\/v2\/posts\/2142\/revisions"}],"predecessor-version":[{"id":2144,"href":"https:\/\/esildealba.com\/blog\/wp-json\/wp\/v2\/posts\/2142\/revisions\/2144"}],"wp:featuredmedia":[{"embeddable":true,"href":"https:\/\/esildealba.com\/blog\/wp-json\/wp\/v2\/media\/2143"}],"wp:attachment":[{"href":"https:\/\/esildealba.com\/blog\/wp-json\/wp\/v2\/media?parent=2142"}],"wp:term":[{"taxonomy":"category","embeddable":true,"href":"https:\/\/esildealba.com\/blog\/wp-json\/wp\/v2\/categories?post=2142"},{"taxonomy":"post_tag","embeddable":true,"href":"https:\/\/esildealba.com\/blog\/wp-json\/wp\/v2\/tags?post=2142"}],"curies":[{"name":"wp","href":"https:\/\/api.w.org\/{rel}","templated":true}]}}