{"id":2168,"date":"2025-04-17T19:03:40","date_gmt":"2025-04-17T19:03:40","guid":{"rendered":"https:\/\/esildealba.com\/blog\/?p=2168"},"modified":"2025-05-20T17:18:34","modified_gmt":"2025-05-20T17:18:34","slug":"cabina-de-ducha","status":"publish","type":"post","link":"https:\/\/esildealba.com\/blog\/cabina-de-ducha\/","title":{"rendered":"Cabina de ducha"},"content":{"rendered":"\n<h4 class=\"wp-block-heading\">Estilo, comodidad y tendencia para tu ba\u00f1o en 2025<\/h4>\n\n\n\n<p>Si est\u00e1s pensando en renovar tu ba\u00f1o esta primavera, una de las mejores decisiones que puedes tomar es instalar una <strong>cabina de ducha<\/strong>. En <strong>Esil de Alba<\/strong> te mostramos por qu\u00e9 este elemento no solo mejora la funcionalidad del ba\u00f1o, sino que tambi\u00e9n aporta dise\u00f1o, modernidad y confort.<\/p>\n\n\n\n<h2 class=\"wp-block-heading\">\u00bfPor qu\u00e9 elegir una cabina de ducha?<\/h2>\n\n\n\n<p>Las <strong>cabinas de ducha<\/strong> han evolucionado. Hoy son sin\u00f3nimo de dise\u00f1o inteligente, optimizaci\u00f3n del espacio y bienestar diario. Se adaptan a cualquier tipo de ba\u00f1o, desde los m\u00e1s compactos hasta los m\u00e1s amplios, y ofrecen soluciones innovadoras para un uso eficiente del agua y una experiencia relajante.<\/p>\n\n\n\n<blockquote class=\"wp-block-quote is-layout-flow wp-block-quote-is-layout-flow\">\n<p>En Esil de Alba trabajamos con firmas l\u00edderes en equipamiento de ba\u00f1o que combinan est\u00e9tica, durabilidad y tecnolog\u00eda.<\/p>\n<\/blockquote>\n\n\n\n<h2 class=\"wp-block-heading\">Tendencias en cabinas de ducha para 2025<\/h2>\n\n\n\n<h3 class=\"wp-block-heading\">1. Dise\u00f1o minimalista y perfiles negros<\/h3>\n\n\n\n<p>El estilo minimalista sigue ganando adeptos. Las <strong>cabinas con perfiles negros y cristal transparente<\/strong> aportan un look contempor\u00e1neo y elegante. Este tipo de acabado combina especialmente bien con azulejos neutros, pavimentos tipo cemento y grifer\u00edas mate.<\/p>\n\n\n\n<h3 class=\"wp-block-heading\">2. Ducha a ras de suelo: accesibilidad y est\u00e9tica<\/h3>\n\n\n\n<p>Cada vez m\u00e1s personas optan por <strong>cabinas de ducha a ras de suelo<\/strong>, sin escalones ni platos elevados. Este dise\u00f1o favorece la accesibilidad y crea una sensaci\u00f3n de amplitud visual. Se recomienda especialmente para reformas de ba\u00f1os peque\u00f1os o para viviendas adaptadas.<\/p>\n\n\n\n<h3 class=\"wp-block-heading\">3. Cabinas de ducha con hidromasaje o efecto lluvia<\/h3>\n\n\n\n<p>Para quienes buscan transformar su ba\u00f1o en un espacio de bienestar, las cabinas con funciones de <strong>hidromasaje, vapor o rociadores efecto lluvia<\/strong> son una elecci\u00f3n perfecta. Combinan tecnolog\u00eda y confort, aportando una experiencia tipo spa en tu propia casa.<\/p>\n\n\n\n<blockquote class=\"wp-block-quote is-layout-flow wp-block-quote-is-layout-flow\">\n<p>Consulta en nuestra exposici\u00f3n los modelos de cabina de ducha con funciones inteligentes, control digital y acabados exclusivos.<\/p>\n<\/blockquote>\n\n\n\n<h3 class=\"wp-block-heading\">4. Vidrios templados y tratamiento antical<\/h3>\n\n\n\n<p>La calidad del vidrio es clave. En Esil de Alba te recomendamos <strong>cabinas de ducha con cristal templado de seguridad<\/strong> y tratamientos antical para facilitar su limpieza y prolongar su durabilidad. Son opciones ideales para mantener tu ba\u00f1o impecable con poco mantenimiento.<\/p>\n\n\n\n<hr class=\"wp-block-separator has-alpha-channel-opacity\"\/>\n\n\n\n<h2 class=\"wp-block-heading\">\u00bfC\u00f3mo elegir la cabina de ducha ideal?<\/h2>\n\n\n\n<p>En Esil de Alba te ayudamos a elegir la <strong>cabina de ducha perfecta<\/strong> seg\u00fan tus necesidades, el estilo de tu ba\u00f1o y el espacio disponible. Nuestro equipo te asesora sobre modelos angulares, frontales, semicirculares, correderos o abatibles.<\/p>\n\n\n\n<p>Ya sea para una reforma integral o para actualizar solo la zona de ba\u00f1o, te ofrecemos <strong>soluciones personalizadas, marcas de confianza y montaje profesional<\/strong>.<\/p>\n\n\n\n<hr class=\"wp-block-separator has-alpha-channel-opacity\"\/>\n\n\n\n<h3 class=\"wp-block-heading\">Visita Esil de Alba y renueva tu ba\u00f1o con estilo<\/h3>\n\n\n\n<p>Descubre en nuestra exposici\u00f3n en Alba de Tormes las \u00faltimas novedades en <strong>cabinas de ducha<\/strong>, grifer\u00eda, revestimientos y muebles de ba\u00f1o. Te acompa\u00f1amos en cada paso del proceso para que tu ba\u00f1o sea tan funcional como est\u00e9tico.<\/p>\n\n\n\n<p>&#x1f449; <strong><a href=\"https:\/\/www.esildealba.com\/contacto.php\">Contacta con nosotros<\/a><\/strong> y da el primer paso hacia un ba\u00f1o moderno, c\u00f3modo y lleno de estilo.<\/p>\n\n\n\n<p><\/p>\n","protected":false},"excerpt":{"rendered":"<p>Estilo, comodidad y tendencia para tu ba\u00f1o en 2025<\/p>\n<p>Si est\u00e1s pensando en renovar tu ba\u00f1o esta primavera, una de las mejores decisiones que puedes tomar es instalar una cabina de ducha. En Esil de Alba te mostramos por qu\u00e9 este elemento no solo mejora la funcionalidad del ba\u00f1o, sino que tambi\u00e9n aporta dise\u00f1o, modernidad y confort.<\/p>\n<p>\u00bfPor qu\u00e9 elegir una cabina de ducha?<\/p>\n<p>Las cabinas de ducha han evolucionado. Hoy son sin\u00f3nimo de dise\u00f1o inteligente, optimizaci\u00f3n del espacio y bienestar diario. Se adaptan a cualquier tipo de ba\u00f1o, desde los m\u00e1s compactos hasta los m\u00e1s amplios, y ofrecen soluciones innovadoras para un uso eficiente del agua y una experiencia relajante.<\/p>\n<p>En Esil de Alba trabajamos con firmas l\u00edderes en equipamiento de ba\u00f1o que combinan est\u00e9tica, durabilidad y tecnolog\u00eda.<\/p>\n","protected":false},"author":1,"featured_media":2172,"comment_status":"open","ping_status":"open","sticky":false,"template":"","format":"standard","meta":{"footnotes":""},"categories":[7],"tags":[],"class_list":["post-2168","post","type-post","status-publish","format-standard","has-post-thumbnail","hentry","category-banos-madrid"],"yoast_head":"<!-- This site is optimized with the Yoast SEO plugin v27.0 - https:\/\/yoast.com\/product\/yoast-seo-wordpress\/ -->\n<title>Cabina de ducha<\/title>\n<meta name=\"description\" content=\"Si est\u00e1s pensando en renovar tu ba\u00f1o descubre las ventajas instalar una cabina de ducha. Te lo contamos en Esil de Alba. \u00a1Desc\u00fabrelo!\" \/>\n<meta name=\"robots\" content=\"index, follow, max-snippet:-1, max-image-preview:large, max-video-preview:-1\" \/>\n<link rel=\"canonical\" href=\"https:\/\/esildealba.com\/blog\/cabina-de-ducha\/\" \/>\n<meta property=\"og:locale\" content=\"es_ES\" \/>\n<meta property=\"og:type\" content=\"article\" \/>\n<meta property=\"og:title\" content=\"Cabina de ducha\" \/>\n<meta property=\"og:description\" content=\"Si est\u00e1s pensando en renovar tu ba\u00f1o descubre las ventajas instalar una cabina de ducha. Te lo contamos en Esil de Alba. \u00a1Desc\u00fabrelo!\" \/>\n<meta property=\"og:url\" content=\"https:\/\/esildealba.com\/blog\/cabina-de-ducha\/\" \/>\n<meta property=\"og:site_name\" content=\"El blog de Esil de Alba\" \/>\n<meta property=\"article:published_time\" content=\"2025-04-17T19:03:40+00:00\" \/>\n<meta property=\"article:modified_time\" content=\"2025-05-20T17:18:34+00:00\" \/>\n<meta property=\"og:image\" content=\"https:\/\/esildealba.com\/blog\/wp-content\/uploads\/2025\/05\/modern_bathroom_cabina_esil.jpeg\" \/>\n\t<meta property=\"og:image:width\" content=\"1536\" \/>\n\t<meta property=\"og:image:height\" content=\"1024\" \/>\n\t<meta property=\"og:image:type\" content=\"image\/jpeg\" \/>\n<meta name=\"author\" content=\"adminesil\" \/>\n<meta name=\"twitter:card\" content=\"summary_large_image\" \/>\n<meta name=\"twitter:label1\" content=\"Escrito por\" \/>\n\t<meta name=\"twitter:data1\" content=\"adminesil\" \/>\n\t<meta name=\"twitter:label2\" content=\"Tiempo de lectura\" \/>\n\t<meta name=\"twitter:data2\" content=\"3 minutos\" \/>\n<script type=\"application\/ld+json\" class=\"yoast-schema-graph\">{\"@context\":\"https:\/\/schema.org\",\"@graph\":[{\"@type\":\"Article\",\"@id\":\"https:\/\/esildealba.com\/blog\/cabina-de-ducha\/#article\",\"isPartOf\":{\"@id\":\"https:\/\/esildealba.com\/blog\/cabina-de-ducha\/\"},\"author\":{\"name\":\"adminesil\",\"@id\":\"https:\/\/esildealba.com\/blog\/#\/schema\/person\/6119b6b1a205fafb9d8f78934e629201\"},\"headline\":\"Cabina de ducha\",\"datePublished\":\"2025-04-17T19:03:40+00:00\",\"dateModified\":\"2025-05-20T17:18:34+00:00\",\"mainEntityOfPage\":{\"@id\":\"https:\/\/esildealba.com\/blog\/cabina-de-ducha\/\"},\"wordCount\":517,\"commentCount\":0,\"image\":{\"@id\":\"https:\/\/esildealba.com\/blog\/cabina-de-ducha\/#primaryimage\"},\"thumbnailUrl\":\"https:\/\/esildealba.com\/blog\/wp-content\/uploads\/2025\/05\/modern_bathroom_cabina_esil.jpeg\",\"articleSection\":[\"Ba\u00f1os\"],\"inLanguage\":\"es\",\"potentialAction\":[{\"@type\":\"CommentAction\",\"name\":\"Comment\",\"target\":[\"https:\/\/esildealba.com\/blog\/cabina-de-ducha\/#respond\"]}]},{\"@type\":\"WebPage\",\"@id\":\"https:\/\/esildealba.com\/blog\/cabina-de-ducha\/\",\"url\":\"https:\/\/esildealba.com\/blog\/cabina-de-ducha\/\",\"name\":\"Cabina de ducha\",\"isPartOf\":{\"@id\":\"https:\/\/esildealba.com\/blog\/#website\"},\"primaryImageOfPage\":{\"@id\":\"https:\/\/esildealba.com\/blog\/cabina-de-ducha\/#primaryimage\"},\"image\":{\"@id\":\"https:\/\/esildealba.com\/blog\/cabina-de-ducha\/#primaryimage\"},\"thumbnailUrl\":\"https:\/\/esildealba.com\/blog\/wp-content\/uploads\/2025\/05\/modern_bathroom_cabina_esil.jpeg\",\"datePublished\":\"2025-04-17T19:03:40+00:00\",\"dateModified\":\"2025-05-20T17:18:34+00:00\",\"author\":{\"@id\":\"https:\/\/esildealba.com\/blog\/#\/schema\/person\/6119b6b1a205fafb9d8f78934e629201\"},\"description\":\"Si est\u00e1s pensando en renovar tu ba\u00f1o descubre las ventajas instalar una cabina de ducha. Te lo contamos en Esil de Alba. \u00a1Desc\u00fabrelo!\",\"breadcrumb\":{\"@id\":\"https:\/\/esildealba.com\/blog\/cabina-de-ducha\/#breadcrumb\"},\"inLanguage\":\"es\",\"potentialAction\":[{\"@type\":\"ReadAction\",\"target\":[\"https:\/\/esildealba.com\/blog\/cabina-de-ducha\/\"]}]},{\"@type\":\"ImageObject\",\"inLanguage\":\"es\",\"@id\":\"https:\/\/esildealba.com\/blog\/cabina-de-ducha\/#primaryimage\",\"url\":\"https:\/\/esildealba.com\/blog\/wp-content\/uploads\/2025\/05\/modern_bathroom_cabina_esil.jpeg\",\"contentUrl\":\"https:\/\/esildealba.com\/blog\/wp-content\/uploads\/2025\/05\/modern_bathroom_cabina_esil.jpeg\",\"width\":1536,\"height\":1024,\"caption\":\"Ambiente simulado. La cabina mostrada no forma parte del cat\u00e1logo de Esil de Alba.\"},{\"@type\":\"BreadcrumbList\",\"@id\":\"https:\/\/esildealba.com\/blog\/cabina-de-ducha\/#breadcrumb\",\"itemListElement\":[{\"@type\":\"ListItem\",\"position\":1,\"name\":\"Portada\",\"item\":\"https:\/\/esildealba.com\/blog\/\"},{\"@type\":\"ListItem\",\"position\":2,\"name\":\"Cabina de ducha\"}]},{\"@type\":\"WebSite\",\"@id\":\"https:\/\/esildealba.com\/blog\/#website\",\"url\":\"https:\/\/esildealba.com\/blog\/\",\"name\":\"El blog de Esil de Alba\",\"description\":\"Pavimentos, gres, azulejos y mobiliario del hogar en Madrid\",\"potentialAction\":[{\"@type\":\"SearchAction\",\"target\":{\"@type\":\"EntryPoint\",\"urlTemplate\":\"https:\/\/esildealba.com\/blog\/?s={search_term_string}\"},\"query-input\":{\"@type\":\"PropertyValueSpecification\",\"valueRequired\":true,\"valueName\":\"search_term_string\"}}],\"inLanguage\":\"es\"},{\"@type\":\"Person\",\"@id\":\"https:\/\/esildealba.com\/blog\/#\/schema\/person\/6119b6b1a205fafb9d8f78934e629201\",\"name\":\"adminesil\",\"image\":{\"@type\":\"ImageObject\",\"inLanguage\":\"es\",\"@id\":\"https:\/\/esildealba.com\/blog\/#\/schema\/person\/image\/\",\"url\":\"https:\/\/secure.gravatar.com\/avatar\/8485c6d1488deb63c7cedfd6362bb58533258598131f893c5efc794326c616e2?s=96&d=mm&r=g\",\"contentUrl\":\"https:\/\/secure.gravatar.com\/avatar\/8485c6d1488deb63c7cedfd6362bb58533258598131f893c5efc794326c616e2?s=96&d=mm&r=g\",\"caption\":\"adminesil\"},\"url\":\"https:\/\/esildealba.com\/blog\/author\/adminesil\/\"}]}<\/script>\n<!-- \/ Yoast SEO plugin. -->","yoast_head_json":{"title":"Cabina de ducha","description":"Si est\u00e1s pensando en renovar tu ba\u00f1o descubre las ventajas instalar una cabina de ducha. Te lo contamos en Esil de Alba. \u00a1Desc\u00fabrelo!","robots":{"index":"index","follow":"follow","max-snippet":"max-snippet:-1","max-image-preview":"max-image-preview:large","max-video-preview":"max-video-preview:-1"},"canonical":"https:\/\/esildealba.com\/blog\/cabina-de-ducha\/","og_locale":"es_ES","og_type":"article","og_title":"Cabina de ducha","og_description":"Si est\u00e1s pensando en renovar tu ba\u00f1o descubre las ventajas instalar una cabina de ducha. Te lo contamos en Esil de Alba. \u00a1Desc\u00fabrelo!","og_url":"https:\/\/esildealba.com\/blog\/cabina-de-ducha\/","og_site_name":"El blog de Esil de Alba","article_published_time":"2025-04-17T19:03:40+00:00","article_modified_time":"2025-05-20T17:18:34+00:00","og_image":[{"width":1536,"height":1024,"url":"https:\/\/esildealba.com\/blog\/wp-content\/uploads\/2025\/05\/modern_bathroom_cabina_esil.jpeg","type":"image\/jpeg"}],"author":"adminesil","twitter_card":"summary_large_image","twitter_misc":{"Escrito por":"adminesil","Tiempo de lectura":"3 minutos"},"schema":{"@context":"https:\/\/schema.org","@graph":[{"@type":"Article","@id":"https:\/\/esildealba.com\/blog\/cabina-de-ducha\/#article","isPartOf":{"@id":"https:\/\/esildealba.com\/blog\/cabina-de-ducha\/"},"author":{"name":"adminesil","@id":"https:\/\/esildealba.com\/blog\/#\/schema\/person\/6119b6b1a205fafb9d8f78934e629201"},"headline":"Cabina de ducha","datePublished":"2025-04-17T19:03:40+00:00","dateModified":"2025-05-20T17:18:34+00:00","mainEntityOfPage":{"@id":"https:\/\/esildealba.com\/blog\/cabina-de-ducha\/"},"wordCount":517,"commentCount":0,"image":{"@id":"https:\/\/esildealba.com\/blog\/cabina-de-ducha\/#primaryimage"},"thumbnailUrl":"https:\/\/esildealba.com\/blog\/wp-content\/uploads\/2025\/05\/modern_bathroom_cabina_esil.jpeg","articleSection":["Ba\u00f1os"],"inLanguage":"es","potentialAction":[{"@type":"CommentAction","name":"Comment","target":["https:\/\/esildealba.com\/blog\/cabina-de-ducha\/#respond"]}]},{"@type":"WebPage","@id":"https:\/\/esildealba.com\/blog\/cabina-de-ducha\/","url":"https:\/\/esildealba.com\/blog\/cabina-de-ducha\/","name":"Cabina de ducha","isPartOf":{"@id":"https:\/\/esildealba.com\/blog\/#website"},"primaryImageOfPage":{"@id":"https:\/\/esildealba.com\/blog\/cabina-de-ducha\/#primaryimage"},"image":{"@id":"https:\/\/esildealba.com\/blog\/cabina-de-ducha\/#primaryimage"},"thumbnailUrl":"https:\/\/esildealba.com\/blog\/wp-content\/uploads\/2025\/05\/modern_bathroom_cabina_esil.jpeg","datePublished":"2025-04-17T19:03:40+00:00","dateModified":"2025-05-20T17:18:34+00:00","author":{"@id":"https:\/\/esildealba.com\/blog\/#\/schema\/person\/6119b6b1a205fafb9d8f78934e629201"},"description":"Si est\u00e1s pensando en renovar tu ba\u00f1o descubre las ventajas instalar una cabina de ducha. Te lo contamos en Esil de Alba. \u00a1Desc\u00fabrelo!","breadcrumb":{"@id":"https:\/\/esildealba.com\/blog\/cabina-de-ducha\/#breadcrumb"},"inLanguage":"es","potentialAction":[{"@type":"ReadAction","target":["https:\/\/esildealba.com\/blog\/cabina-de-ducha\/"]}]},{"@type":"ImageObject","inLanguage":"es","@id":"https:\/\/esildealba.com\/blog\/cabina-de-ducha\/#primaryimage","url":"https:\/\/esildealba.com\/blog\/wp-content\/uploads\/2025\/05\/modern_bathroom_cabina_esil.jpeg","contentUrl":"https:\/\/esildealba.com\/blog\/wp-content\/uploads\/2025\/05\/modern_bathroom_cabina_esil.jpeg","width":1536,"height":1024,"caption":"Ambiente simulado. La cabina mostrada no forma parte del cat\u00e1logo de Esil de Alba."},{"@type":"BreadcrumbList","@id":"https:\/\/esildealba.com\/blog\/cabina-de-ducha\/#breadcrumb","itemListElement":[{"@type":"ListItem","position":1,"name":"Portada","item":"https:\/\/esildealba.com\/blog\/"},{"@type":"ListItem","position":2,"name":"Cabina de ducha"}]},{"@type":"WebSite","@id":"https:\/\/esildealba.com\/blog\/#website","url":"https:\/\/esildealba.com\/blog\/","name":"El blog de Esil de Alba","description":"Pavimentos, gres, azulejos y mobiliario del hogar en Madrid","potentialAction":[{"@type":"SearchAction","target":{"@type":"EntryPoint","urlTemplate":"https:\/\/esildealba.com\/blog\/?s={search_term_string}"},"query-input":{"@type":"PropertyValueSpecification","valueRequired":true,"valueName":"search_term_string"}}],"inLanguage":"es"},{"@type":"Person","@id":"https:\/\/esildealba.com\/blog\/#\/schema\/person\/6119b6b1a205fafb9d8f78934e629201","name":"adminesil","image":{"@type":"ImageObject","inLanguage":"es","@id":"https:\/\/esildealba.com\/blog\/#\/schema\/person\/image\/","url":"https:\/\/secure.gravatar.com\/avatar\/8485c6d1488deb63c7cedfd6362bb58533258598131f893c5efc794326c616e2?s=96&d=mm&r=g","contentUrl":"https:\/\/secure.gravatar.com\/avatar\/8485c6d1488deb63c7cedfd6362bb58533258598131f893c5efc794326c616e2?s=96&d=mm&r=g","caption":"adminesil"},"url":"https:\/\/esildealba.com\/blog\/author\/adminesil\/"}]}},"_links":{"self":[{"href":"https:\/\/esildealba.com\/blog\/wp-json\/wp\/v2\/posts\/2168","targetHints":{"allow":["GET"]}}],"collection":[{"href":"https:\/\/esildealba.com\/blog\/wp-json\/wp\/v2\/posts"}],"about":[{"href":"https:\/\/esildealba.com\/blog\/wp-json\/wp\/v2\/types\/post"}],"author":[{"embeddable":true,"href":"https:\/\/esildealba.com\/blog\/wp-json\/wp\/v2\/users\/1"}],"replies":[{"embeddable":true,"href":"https:\/\/esildealba.com\/blog\/wp-json\/wp\/v2\/comments?post=2168"}],"version-history":[{"count":2,"href":"https:\/\/esildealba.com\/blog\/wp-json\/wp\/v2\/posts\/2168\/revisions"}],"predecessor-version":[{"id":2170,"href":"https:\/\/esildealba.com\/blog\/wp-json\/wp\/v2\/posts\/2168\/revisions\/2170"}],"wp:featuredmedia":[{"embeddable":true,"href":"https:\/\/esildealba.com\/blog\/wp-json\/wp\/v2\/media\/2172"}],"wp:attachment":[{"href":"https:\/\/esildealba.com\/blog\/wp-json\/wp\/v2\/media?parent=2168"}],"wp:term":[{"taxonomy":"category","embeddable":true,"href":"https:\/\/esildealba.com\/blog\/wp-json\/wp\/v2\/categories?post=2168"},{"taxonomy":"post_tag","embeddable":true,"href":"https:\/\/esildealba.com\/blog\/wp-json\/wp\/v2\/tags?post=2168"}],"curies":[{"name":"wp","href":"https:\/\/api.w.org\/{rel}","templated":true}]}}