{"id":2179,"date":"2025-05-14T17:37:54","date_gmt":"2025-05-14T17:37:54","guid":{"rendered":"https:\/\/esildealba.com\/blog\/?p=2179"},"modified":"2025-05-20T17:44:21","modified_gmt":"2025-05-20T17:44:21","slug":"baldosas-para-negocios","status":"publish","type":"post","link":"https:\/\/esildealba.com\/blog\/baldosas-para-negocios\/","title":{"rendered":"Baldosas para negocios: dise\u00f1o, resistencia, estilo y calidad"},"content":{"rendered":"\n<p>Elegir las baldosas adecuadas para un negocio es clave para crear un espacio resistente, funcional y con estilo. En este art\u00edculo te mostramos qu\u00e9 tipos de pavimentos cer\u00e1micos son ideales para locales comerciales y c\u00f3mo encontrar el equilibrio perfecto entre dise\u00f1o y durabilidad.<\/p>\n\n\n\n<h2 class=\"wp-block-heading\">Tipos de baldosas ideales para espacios comerciales<\/h2>\n\n\n\n<h3 class=\"wp-block-heading\">1. Gres porcel\u00e1nico<\/h3>\n\n\n\n<p>El <strong>gres porcel\u00e1nico<\/strong> es uno de los materiales m\u00e1s recomendables para negocios por su alta resistencia, baja porosidad y variedad de dise\u00f1os. Puedes encontrar acabados que imitan piedra, madera, cemento o metal, perfectos para adaptar el suelo al estilo de tu marca.<\/p>\n\n\n\n<blockquote class=\"wp-block-quote is-layout-flow wp-block-quote-is-layout-flow\">\n<p>En Esil de Alba contamos con una amplia gama de porcel\u00e1nicos t\u00e9cnicos pensados para uso intensivo en locales comerciales.<\/p>\n<\/blockquote>\n\n\n\n<h3 class=\"wp-block-heading\">2. Baldosas efecto cemento<\/h3>\n\n\n\n<p>Perfectas para negocios modernos, industriales o minimalistas. Las <strong>baldosas con efecto cemento<\/strong> aportan una imagen contempor\u00e1nea y profesional, especialmente en tiendas, showrooms o estudios creativos.<\/p>\n\n\n\n<h3 class=\"wp-block-heading\">3. Baldosas antideslizantes para zonas h\u00famedas<\/h3>\n\n\n\n<p>Si tu negocio tiene zonas h\u00famedas (como ba\u00f1os, cocinas o accesos exteriores), es fundamental instalar <strong>baldosas antideslizantes<\/strong> con clasificaci\u00f3n C3 o R11. Esto garantiza la seguridad tanto de clientes como del personal.<\/p>\n\n\n\n<h2 class=\"wp-block-heading\">Ideas de aplicaci\u00f3n seg\u00fan el tipo de negocio<\/h2>\n\n\n\n<ul class=\"wp-block-list\">\n<li><strong>Tiendas de moda<\/strong>: baldosa imitaci\u00f3n madera o piedra natural para crear un ambiente c\u00e1lido y elegante.<\/li>\n\n\n\n<li><strong>Restaurantes y cafeter\u00edas<\/strong>: porcel\u00e1nicos con dise\u00f1o hidr\u00e1ulico o vintage para dar personalidad y resistencia al suelo.<\/li>\n\n\n\n<li><strong>Oficinas modernas<\/strong>: baldosas grandes formato con acabado mate o pulido para transmitir profesionalidad y amplitud.<\/li>\n\n\n\n<li><strong>Cl\u00ednicas o centros de est\u00e9tica<\/strong>: superficies lisas, en tonos claros, f\u00e1ciles de desinfectar y con un dise\u00f1o limpio y luminoso.<\/li>\n<\/ul>\n\n\n\n<h2 class=\"wp-block-heading\">\u00bfPor qu\u00e9 elegir Esil de Alba para tus baldosas comerciales?<\/h2>\n\n\n\n<p>En <strong>Esil de Alba<\/strong> llevamos a\u00f1os trabajando con empresas y profesionales que buscan pavimentos cer\u00e1micos de calidad, con asesoramiento experto y soluciones a medida. Nuestra exposici\u00f3n re\u00fane las \u00faltimas <strong>tendencias en baldosas para negocios<\/strong>, con productos certificados, resistentes y con alto valor decorativo.<\/p>\n\n\n\n<h2 class=\"wp-block-heading\">Vis\u00edtanos y transforma tu espacio comercial<\/h2>\n\n\n\n<p>Si est\u00e1s reformando o dise\u00f1ando tu local, ven a <strong>Esil de Alba<\/strong> y descubre todas las opciones en <strong>baldosas para negocios<\/strong>: desde porcel\u00e1nicos t\u00e9cnicos hasta dise\u00f1os exclusivos que marcar\u00e1n la diferencia.<\/p>\n\n\n\n<p>Te esperamos en <a href=\"https:\/\/www.esildealba.com\/contacto.php\">Esil de Alba<\/a> con un equipo dispuesto a ayudarte a elegir los materiales perfectos para tu proyecto profesional.<\/p>\n","protected":false},"excerpt":{"rendered":"<p>Elegir las baldosas adecuadas para un negocio es clave para crear un espacio resistente, funcional y con estilo. En este art\u00edculo te mostramos qu\u00e9 tipos de pavimentos cer\u00e1micos son ideales para locales comerciales y c\u00f3mo encontrar el equilibrio perfecto entre dise\u00f1o y durabilidad.<\/p>\n","protected":false},"author":1,"featured_media":2180,"comment_status":"open","ping_status":"open","sticky":false,"template":"","format":"standard","meta":{"footnotes":""},"categories":[4],"tags":[],"class_list":["post-2179","post","type-post","status-publish","format-standard","has-post-thumbnail","hentry","category-azulejos-pavimentos-madrid"],"yoast_head":"<!-- This site is optimized with the Yoast SEO plugin v27.0 - https:\/\/yoast.com\/product\/yoast-seo-wordpress\/ -->\n<title>Baldosas para negocios<\/title>\n<meta name=\"description\" content=\"Baldosas para negocios: dise\u00f1o, resistencia, estilo y calidad. Encuentra todo lo que necesitas para la reforma de tu local en Esil de Alba.\" \/>\n<meta name=\"robots\" content=\"index, follow, max-snippet:-1, max-image-preview:large, max-video-preview:-1\" \/>\n<link rel=\"canonical\" href=\"https:\/\/esildealba.com\/blog\/baldosas-para-negocios\/\" \/>\n<meta property=\"og:locale\" content=\"es_ES\" \/>\n<meta property=\"og:type\" content=\"article\" \/>\n<meta property=\"og:title\" content=\"Baldosas para negocios\" \/>\n<meta property=\"og:description\" content=\"Baldosas para negocios: dise\u00f1o, resistencia, estilo y calidad. Encuentra todo lo que necesitas para la reforma de tu local en Esil de Alba.\" \/>\n<meta property=\"og:url\" content=\"https:\/\/esildealba.com\/blog\/baldosas-para-negocios\/\" \/>\n<meta property=\"og:site_name\" content=\"El blog de Esil de Alba\" \/>\n<meta property=\"article:published_time\" content=\"2025-05-14T17:37:54+00:00\" \/>\n<meta property=\"article:modified_time\" content=\"2025-05-20T17:44:21+00:00\" \/>\n<meta property=\"og:image\" content=\"https:\/\/esildealba.com\/blog\/wp-content\/uploads\/2025\/05\/CAPRAIAPERLA60X60.jpg\" \/>\n\t<meta property=\"og:image:width\" content=\"800\" \/>\n\t<meta property=\"og:image:height\" content=\"567\" \/>\n\t<meta property=\"og:image:type\" content=\"image\/jpeg\" \/>\n<meta name=\"author\" content=\"adminesil\" \/>\n<meta name=\"twitter:card\" content=\"summary_large_image\" \/>\n<meta name=\"twitter:label1\" content=\"Escrito por\" \/>\n\t<meta name=\"twitter:data1\" content=\"adminesil\" \/>\n\t<meta name=\"twitter:label2\" content=\"Tiempo de lectura\" \/>\n\t<meta name=\"twitter:data2\" content=\"2 minutos\" \/>\n<script type=\"application\/ld+json\" class=\"yoast-schema-graph\">{\"@context\":\"https:\/\/schema.org\",\"@graph\":[{\"@type\":\"Article\",\"@id\":\"https:\/\/esildealba.com\/blog\/baldosas-para-negocios\/#article\",\"isPartOf\":{\"@id\":\"https:\/\/esildealba.com\/blog\/baldosas-para-negocios\/\"},\"author\":{\"name\":\"adminesil\",\"@id\":\"https:\/\/esildealba.com\/blog\/#\/schema\/person\/6119b6b1a205fafb9d8f78934e629201\"},\"headline\":\"Baldosas para negocios: dise\u00f1o, resistencia, estilo y calidad\",\"datePublished\":\"2025-05-14T17:37:54+00:00\",\"dateModified\":\"2025-05-20T17:44:21+00:00\",\"mainEntityOfPage\":{\"@id\":\"https:\/\/esildealba.com\/blog\/baldosas-para-negocios\/\"},\"wordCount\":411,\"commentCount\":0,\"image\":{\"@id\":\"https:\/\/esildealba.com\/blog\/baldosas-para-negocios\/#primaryimage\"},\"thumbnailUrl\":\"https:\/\/esildealba.com\/blog\/wp-content\/uploads\/2025\/05\/CAPRAIAPERLA60X60.jpg\",\"articleSection\":[\"Azulejos y pavimentos\"],\"inLanguage\":\"es\",\"potentialAction\":[{\"@type\":\"CommentAction\",\"name\":\"Comment\",\"target\":[\"https:\/\/esildealba.com\/blog\/baldosas-para-negocios\/#respond\"]}]},{\"@type\":\"WebPage\",\"@id\":\"https:\/\/esildealba.com\/blog\/baldosas-para-negocios\/\",\"url\":\"https:\/\/esildealba.com\/blog\/baldosas-para-negocios\/\",\"name\":\"Baldosas para negocios\",\"isPartOf\":{\"@id\":\"https:\/\/esildealba.com\/blog\/#website\"},\"primaryImageOfPage\":{\"@id\":\"https:\/\/esildealba.com\/blog\/baldosas-para-negocios\/#primaryimage\"},\"image\":{\"@id\":\"https:\/\/esildealba.com\/blog\/baldosas-para-negocios\/#primaryimage\"},\"thumbnailUrl\":\"https:\/\/esildealba.com\/blog\/wp-content\/uploads\/2025\/05\/CAPRAIAPERLA60X60.jpg\",\"datePublished\":\"2025-05-14T17:37:54+00:00\",\"dateModified\":\"2025-05-20T17:44:21+00:00\",\"author\":{\"@id\":\"https:\/\/esildealba.com\/blog\/#\/schema\/person\/6119b6b1a205fafb9d8f78934e629201\"},\"description\":\"Baldosas para negocios: dise\u00f1o, resistencia, estilo y calidad. Encuentra todo lo que necesitas para la reforma de tu local en Esil de Alba.\",\"breadcrumb\":{\"@id\":\"https:\/\/esildealba.com\/blog\/baldosas-para-negocios\/#breadcrumb\"},\"inLanguage\":\"es\",\"potentialAction\":[{\"@type\":\"ReadAction\",\"target\":[\"https:\/\/esildealba.com\/blog\/baldosas-para-negocios\/\"]}]},{\"@type\":\"ImageObject\",\"inLanguage\":\"es\",\"@id\":\"https:\/\/esildealba.com\/blog\/baldosas-para-negocios\/#primaryimage\",\"url\":\"https:\/\/esildealba.com\/blog\/wp-content\/uploads\/2025\/05\/CAPRAIAPERLA60X60.jpg\",\"contentUrl\":\"https:\/\/esildealba.com\/blog\/wp-content\/uploads\/2025\/05\/CAPRAIAPERLA60X60.jpg\",\"width\":800,\"height\":567,\"caption\":\"Baldosas para negocios\"},{\"@type\":\"BreadcrumbList\",\"@id\":\"https:\/\/esildealba.com\/blog\/baldosas-para-negocios\/#breadcrumb\",\"itemListElement\":[{\"@type\":\"ListItem\",\"position\":1,\"name\":\"Portada\",\"item\":\"https:\/\/esildealba.com\/blog\/\"},{\"@type\":\"ListItem\",\"position\":2,\"name\":\"Baldosas para negocios: dise\u00f1o, resistencia, estilo y calidad\"}]},{\"@type\":\"WebSite\",\"@id\":\"https:\/\/esildealba.com\/blog\/#website\",\"url\":\"https:\/\/esildealba.com\/blog\/\",\"name\":\"El blog de Esil de Alba\",\"description\":\"Pavimentos, gres, azulejos y mobiliario del hogar en Madrid\",\"potentialAction\":[{\"@type\":\"SearchAction\",\"target\":{\"@type\":\"EntryPoint\",\"urlTemplate\":\"https:\/\/esildealba.com\/blog\/?s={search_term_string}\"},\"query-input\":{\"@type\":\"PropertyValueSpecification\",\"valueRequired\":true,\"valueName\":\"search_term_string\"}}],\"inLanguage\":\"es\"},{\"@type\":\"Person\",\"@id\":\"https:\/\/esildealba.com\/blog\/#\/schema\/person\/6119b6b1a205fafb9d8f78934e629201\",\"name\":\"adminesil\",\"image\":{\"@type\":\"ImageObject\",\"inLanguage\":\"es\",\"@id\":\"https:\/\/esildealba.com\/blog\/#\/schema\/person\/image\/\",\"url\":\"https:\/\/secure.gravatar.com\/avatar\/8485c6d1488deb63c7cedfd6362bb58533258598131f893c5efc794326c616e2?s=96&d=mm&r=g\",\"contentUrl\":\"https:\/\/secure.gravatar.com\/avatar\/8485c6d1488deb63c7cedfd6362bb58533258598131f893c5efc794326c616e2?s=96&d=mm&r=g\",\"caption\":\"adminesil\"},\"url\":\"https:\/\/esildealba.com\/blog\/author\/adminesil\/\"}]}<\/script>\n<!-- \/ Yoast SEO plugin. -->","yoast_head_json":{"title":"Baldosas para negocios","description":"Baldosas para negocios: dise\u00f1o, resistencia, estilo y calidad. Encuentra todo lo que necesitas para la reforma de tu local en Esil de Alba.","robots":{"index":"index","follow":"follow","max-snippet":"max-snippet:-1","max-image-preview":"max-image-preview:large","max-video-preview":"max-video-preview:-1"},"canonical":"https:\/\/esildealba.com\/blog\/baldosas-para-negocios\/","og_locale":"es_ES","og_type":"article","og_title":"Baldosas para negocios","og_description":"Baldosas para negocios: dise\u00f1o, resistencia, estilo y calidad. Encuentra todo lo que necesitas para la reforma de tu local en Esil de Alba.","og_url":"https:\/\/esildealba.com\/blog\/baldosas-para-negocios\/","og_site_name":"El blog de Esil de Alba","article_published_time":"2025-05-14T17:37:54+00:00","article_modified_time":"2025-05-20T17:44:21+00:00","og_image":[{"width":800,"height":567,"url":"https:\/\/esildealba.com\/blog\/wp-content\/uploads\/2025\/05\/CAPRAIAPERLA60X60.jpg","type":"image\/jpeg"}],"author":"adminesil","twitter_card":"summary_large_image","twitter_misc":{"Escrito por":"adminesil","Tiempo de lectura":"2 minutos"},"schema":{"@context":"https:\/\/schema.org","@graph":[{"@type":"Article","@id":"https:\/\/esildealba.com\/blog\/baldosas-para-negocios\/#article","isPartOf":{"@id":"https:\/\/esildealba.com\/blog\/baldosas-para-negocios\/"},"author":{"name":"adminesil","@id":"https:\/\/esildealba.com\/blog\/#\/schema\/person\/6119b6b1a205fafb9d8f78934e629201"},"headline":"Baldosas para negocios: dise\u00f1o, resistencia, estilo y calidad","datePublished":"2025-05-14T17:37:54+00:00","dateModified":"2025-05-20T17:44:21+00:00","mainEntityOfPage":{"@id":"https:\/\/esildealba.com\/blog\/baldosas-para-negocios\/"},"wordCount":411,"commentCount":0,"image":{"@id":"https:\/\/esildealba.com\/blog\/baldosas-para-negocios\/#primaryimage"},"thumbnailUrl":"https:\/\/esildealba.com\/blog\/wp-content\/uploads\/2025\/05\/CAPRAIAPERLA60X60.jpg","articleSection":["Azulejos y pavimentos"],"inLanguage":"es","potentialAction":[{"@type":"CommentAction","name":"Comment","target":["https:\/\/esildealba.com\/blog\/baldosas-para-negocios\/#respond"]}]},{"@type":"WebPage","@id":"https:\/\/esildealba.com\/blog\/baldosas-para-negocios\/","url":"https:\/\/esildealba.com\/blog\/baldosas-para-negocios\/","name":"Baldosas para negocios","isPartOf":{"@id":"https:\/\/esildealba.com\/blog\/#website"},"primaryImageOfPage":{"@id":"https:\/\/esildealba.com\/blog\/baldosas-para-negocios\/#primaryimage"},"image":{"@id":"https:\/\/esildealba.com\/blog\/baldosas-para-negocios\/#primaryimage"},"thumbnailUrl":"https:\/\/esildealba.com\/blog\/wp-content\/uploads\/2025\/05\/CAPRAIAPERLA60X60.jpg","datePublished":"2025-05-14T17:37:54+00:00","dateModified":"2025-05-20T17:44:21+00:00","author":{"@id":"https:\/\/esildealba.com\/blog\/#\/schema\/person\/6119b6b1a205fafb9d8f78934e629201"},"description":"Baldosas para negocios: dise\u00f1o, resistencia, estilo y calidad. Encuentra todo lo que necesitas para la reforma de tu local en Esil de Alba.","breadcrumb":{"@id":"https:\/\/esildealba.com\/blog\/baldosas-para-negocios\/#breadcrumb"},"inLanguage":"es","potentialAction":[{"@type":"ReadAction","target":["https:\/\/esildealba.com\/blog\/baldosas-para-negocios\/"]}]},{"@type":"ImageObject","inLanguage":"es","@id":"https:\/\/esildealba.com\/blog\/baldosas-para-negocios\/#primaryimage","url":"https:\/\/esildealba.com\/blog\/wp-content\/uploads\/2025\/05\/CAPRAIAPERLA60X60.jpg","contentUrl":"https:\/\/esildealba.com\/blog\/wp-content\/uploads\/2025\/05\/CAPRAIAPERLA60X60.jpg","width":800,"height":567,"caption":"Baldosas para negocios"},{"@type":"BreadcrumbList","@id":"https:\/\/esildealba.com\/blog\/baldosas-para-negocios\/#breadcrumb","itemListElement":[{"@type":"ListItem","position":1,"name":"Portada","item":"https:\/\/esildealba.com\/blog\/"},{"@type":"ListItem","position":2,"name":"Baldosas para negocios: dise\u00f1o, resistencia, estilo y calidad"}]},{"@type":"WebSite","@id":"https:\/\/esildealba.com\/blog\/#website","url":"https:\/\/esildealba.com\/blog\/","name":"El blog de Esil de Alba","description":"Pavimentos, gres, azulejos y mobiliario del hogar en Madrid","potentialAction":[{"@type":"SearchAction","target":{"@type":"EntryPoint","urlTemplate":"https:\/\/esildealba.com\/blog\/?s={search_term_string}"},"query-input":{"@type":"PropertyValueSpecification","valueRequired":true,"valueName":"search_term_string"}}],"inLanguage":"es"},{"@type":"Person","@id":"https:\/\/esildealba.com\/blog\/#\/schema\/person\/6119b6b1a205fafb9d8f78934e629201","name":"adminesil","image":{"@type":"ImageObject","inLanguage":"es","@id":"https:\/\/esildealba.com\/blog\/#\/schema\/person\/image\/","url":"https:\/\/secure.gravatar.com\/avatar\/8485c6d1488deb63c7cedfd6362bb58533258598131f893c5efc794326c616e2?s=96&d=mm&r=g","contentUrl":"https:\/\/secure.gravatar.com\/avatar\/8485c6d1488deb63c7cedfd6362bb58533258598131f893c5efc794326c616e2?s=96&d=mm&r=g","caption":"adminesil"},"url":"https:\/\/esildealba.com\/blog\/author\/adminesil\/"}]}},"_links":{"self":[{"href":"https:\/\/esildealba.com\/blog\/wp-json\/wp\/v2\/posts\/2179","targetHints":{"allow":["GET"]}}],"collection":[{"href":"https:\/\/esildealba.com\/blog\/wp-json\/wp\/v2\/posts"}],"about":[{"href":"https:\/\/esildealba.com\/blog\/wp-json\/wp\/v2\/types\/post"}],"author":[{"embeddable":true,"href":"https:\/\/esildealba.com\/blog\/wp-json\/wp\/v2\/users\/1"}],"replies":[{"embeddable":true,"href":"https:\/\/esildealba.com\/blog\/wp-json\/wp\/v2\/comments?post=2179"}],"version-history":[{"count":1,"href":"https:\/\/esildealba.com\/blog\/wp-json\/wp\/v2\/posts\/2179\/revisions"}],"predecessor-version":[{"id":2181,"href":"https:\/\/esildealba.com\/blog\/wp-json\/wp\/v2\/posts\/2179\/revisions\/2181"}],"wp:featuredmedia":[{"embeddable":true,"href":"https:\/\/esildealba.com\/blog\/wp-json\/wp\/v2\/media\/2180"}],"wp:attachment":[{"href":"https:\/\/esildealba.com\/blog\/wp-json\/wp\/v2\/media?parent=2179"}],"wp:term":[{"taxonomy":"category","embeddable":true,"href":"https:\/\/esildealba.com\/blog\/wp-json\/wp\/v2\/categories?post=2179"},{"taxonomy":"post_tag","embeddable":true,"href":"https:\/\/esildealba.com\/blog\/wp-json\/wp\/v2\/tags?post=2179"}],"curies":[{"name":"wp","href":"https:\/\/api.w.org\/{rel}","templated":true}]}}