{"id":2253,"date":"2025-12-09T11:49:10","date_gmt":"2025-12-09T11:49:10","guid":{"rendered":"https:\/\/esildealba.com\/blog\/?p=2253"},"modified":"2025-12-09T11:49:10","modified_gmt":"2025-12-09T11:49:10","slug":"columna-de-ducha","status":"publish","type":"post","link":"https:\/\/esildealba.com\/blog\/columna-de-ducha\/","title":{"rendered":"La columna de ducha perfecta"},"content":{"rendered":"\n<h2 class=\"wp-block-heading\">\u00bfPor qu\u00e9 elegir una columna de ducha para renovar tu ba\u00f1o? Tendencias y consejos de Esil de Alba<\/h2>\n\n\n\n<p>Si est\u00e1s pensando en renovar tu ba\u00f1o, la <strong>columna de ducha<\/strong> se ha convertido en uno de los elementos m\u00e1s demandados por quienes buscan mejorar el confort, la est\u00e9tica y la funcionalidad del espacio. En <strong><a href=\"https:\/\/www.esildealba.com\/categorias.php?cat=4\">Esil de Alba<\/a><\/strong>, dentro de nuestro departamento de muebles de ba\u00f1o, contamos con una amplia selecci\u00f3n de mobiliario, sanitarios, grifer\u00eda, ba\u00f1eras, cabinas, platos de ducha y columnas de ducha que se adaptan a todos los estilos y necesidades.<\/p>\n\n\n\n<h3 class=\"wp-block-heading\">Qu\u00e9 es una columna de ducha y por qu\u00e9 est\u00e1 tan de moda<\/h3>\n\n\n\n<p>Una <strong>columna de ducha<\/strong> es un sistema completo que integra grifer\u00eda, rociador superior y teleducha en una misma estructura vertical. Su popularidad se debe a que ofrece una experiencia m\u00e1s c\u00f3moda, est\u00e9tica y pr\u00e1ctica sin necesidad de grandes reformas.<\/p>\n\n\n\n<p>Entre sus ventajas destacan:<\/p>\n\n\n\n<ul class=\"wp-block-list\">\n<li><strong>Instalaci\u00f3n sencilla<\/strong>, ideal tanto para reformas integrales como para renovaciones r\u00e1pidas.<\/li>\n\n\n\n<li><strong>Mejora del confort<\/strong>, gracias a rociadores de gran tama\u00f1o y funciones avanzadas.<\/li>\n\n\n\n<li><strong>Estilo moderno y elegante<\/strong>, que transforma visualmente la zona de ducha.<\/li>\n\n\n\n<li><strong>Gran variedad de dise\u00f1os y materiales<\/strong>, para combinar con cualquier tipo de ba\u00f1o.<\/li>\n<\/ul>\n\n\n\n<h3 class=\"wp-block-heading\">C\u00f3mo elegir la columna de ducha ideal<\/h3>\n\n\n\n<p>En Esil de Alba te asesoramos para seleccionar la columna de ducha que mejor se adapte a tu estilo de vida y al dise\u00f1o de tu ba\u00f1o. Algunos aspectos clave a tener en cuenta son:<\/p>\n\n\n\n<h4 class=\"wp-block-heading\">1. Materiales y acabados<\/h4>\n\n\n\n<p>Puedes elegir entre acero inoxidable, lat\u00f3n cromado, negro mate, acabados en oro cepillado o incluso tonos especiales para ba\u00f1os m\u00e1s personalizados.<\/p>\n\n\n\n<h4 class=\"wp-block-heading\">2. Tipo de rociador<\/h4>\n\n\n\n<ul class=\"wp-block-list\">\n<li><strong>Rociador cuadrado o redondo<\/strong>, seg\u00fan el dise\u00f1o del ba\u00f1o.<\/li>\n\n\n\n<li><strong>Efecto lluvia<\/strong>, para una experiencia relajante.<\/li>\n\n\n\n<li><strong>Multifunci\u00f3n<\/strong>, para quienes buscan mayor versatilidad.<\/li>\n<\/ul>\n\n\n\n<h4 class=\"wp-block-heading\">3. Funciones adicionales<\/h4>\n\n\n\n<p>Las columnas de ducha actuales pueden incluir jets laterales, sistemas termost\u00e1ticos de seguridad, regulaci\u00f3n de caudal y opciones de hidromasaje.<\/p>\n\n\n\n<h3 class=\"wp-block-heading\">Combina tu columna de ducha con los muebles de ba\u00f1o adecuados<\/h3>\n\n\n\n<p>La zona de ducha es el coraz\u00f3n del ba\u00f1o, pero su dise\u00f1o debe integrarse con el resto del mobiliario. En nuestro departamento encontrar\u00e1s:<\/p>\n\n\n\n<ul class=\"wp-block-list\">\n<li><strong>Muebles de ba\u00f1o<\/strong> contempor\u00e1neos y personalizables.<\/li>\n\n\n\n<li><strong>Sanitarios<\/strong> eficientes y est\u00e9ticos.<\/li>\n\n\n\n<li><strong>Grifer\u00eda<\/strong> de alta calidad para lavabos y ba\u00f1eras.<\/li>\n\n\n\n<li><strong>Ba\u00f1eras exentas<\/strong>, ideales para proyectos m\u00e1s exclusivos.<\/li>\n\n\n\n<li><strong>Cabinas de ducha<\/strong> para maximizar espacio y confort.<\/li>\n\n\n\n<li><strong>Platos de ducha<\/strong> antideslizantes y con distintos acabados.<\/li>\n<\/ul>\n\n\n\n<p>As\u00ed podr\u00e1s crear un ba\u00f1o equilibrado, elegante y funcional, combinando tu nueva <strong>columna de ducha<\/strong> con un ambiente completamente armonizado.<\/p>\n\n\n\n<p>En <strong>Esil de Alba<\/strong> te ayudamos a encontrar todo lo que necesitas para la reforma de tu cuarto de ba\u00f1o: desde la elecci\u00f3n del mobiliario y la grifer\u00eda, hasta la selecci\u00f3n de la columna de ducha y el dise\u00f1o del ambiente completo. Nuestro objetivo es ofrecerte soluciones duraderas, est\u00e9ticas y adaptadas a tus necesidades reales.<\/p>\n\n\n\n<p>Si est\u00e1s pensando en renovar tu ba\u00f1o, ven a visitarnos y d\u00e9jate asesorar por nuestros profesionales. Tu nuevo espacio de bienestar comienza aqu\u00ed.<\/p>\n","protected":false},"excerpt":{"rendered":"<p>\u00bfPor qu\u00e9 elegir una columna de ducha para renovar tu ba\u00f1o? Tendencias y consejos de Esil de Alba<\/p>\n<p>Si est\u00e1s pensando en renovar tu ba\u00f1o, la columna de ducha se ha convertido en uno de los elementos m\u00e1s demandados por quienes buscan mejorar el confort, la est\u00e9tica y la funcionalidad del espacio. En Esil de Alba, dentro de nuestro departamento de muebles de ba\u00f1o, contamos con una amplia selecci\u00f3n de mobiliario, sanitarios, grifer\u00eda, ba\u00f1eras, cabinas, platos de ducha y columnas de ducha que se adaptan a todos los estilos y necesidades.<\/p>\n","protected":false},"author":1,"featured_media":2255,"comment_status":"open","ping_status":"open","sticky":false,"template":"","format":"standard","meta":{"footnotes":""},"categories":[7],"tags":[],"class_list":["post-2253","post","type-post","status-publish","format-standard","has-post-thumbnail","hentry","category-banos-madrid"],"yoast_head":"<!-- This site is optimized with the Yoast SEO plugin v27.0 - https:\/\/yoast.com\/product\/yoast-seo-wordpress\/ -->\n<title>columna de ducha<\/title>\n<meta name=\"description\" content=\"\u00bfPor qu\u00e9 elegir una columna de ducha para renovar tu ba\u00f1o? Tendencias y consejos de Esil de Alba. Descubre opciones en nuestro cat\u00e1logo.\" \/>\n<meta name=\"robots\" content=\"index, follow, max-snippet:-1, max-image-preview:large, max-video-preview:-1\" \/>\n<link rel=\"canonical\" href=\"https:\/\/esildealba.com\/blog\/columna-de-ducha\/\" \/>\n<meta property=\"og:locale\" content=\"es_ES\" \/>\n<meta property=\"og:type\" content=\"article\" \/>\n<meta property=\"og:title\" content=\"columna de ducha\" \/>\n<meta property=\"og:description\" content=\"\u00bfPor qu\u00e9 elegir una columna de ducha para renovar tu ba\u00f1o? Tendencias y consejos de Esil de Alba. Descubre opciones en nuestro cat\u00e1logo.\" \/>\n<meta property=\"og:url\" content=\"https:\/\/esildealba.com\/blog\/columna-de-ducha\/\" \/>\n<meta property=\"og:site_name\" content=\"El blog de Esil de Alba\" \/>\n<meta property=\"article:published_time\" content=\"2025-12-09T11:49:10+00:00\" \/>\n<meta property=\"og:image\" content=\"https:\/\/esildealba.com\/blog\/wp-content\/uploads\/2025\/12\/COLUMNA-DE-DUCHA.jpg\" \/>\n\t<meta property=\"og:image:width\" content=\"1375\" \/>\n\t<meta property=\"og:image:height\" content=\"1024\" \/>\n\t<meta property=\"og:image:type\" content=\"image\/jpeg\" \/>\n<meta name=\"author\" content=\"adminesil\" \/>\n<meta name=\"twitter:card\" content=\"summary_large_image\" \/>\n<meta name=\"twitter:label1\" content=\"Escrito por\" \/>\n\t<meta name=\"twitter:data1\" content=\"adminesil\" \/>\n\t<meta name=\"twitter:label2\" content=\"Tiempo de lectura\" \/>\n\t<meta name=\"twitter:data2\" content=\"3 minutos\" \/>\n<script type=\"application\/ld+json\" class=\"yoast-schema-graph\">{\"@context\":\"https:\/\/schema.org\",\"@graph\":[{\"@type\":\"Article\",\"@id\":\"https:\/\/esildealba.com\/blog\/columna-de-ducha\/#article\",\"isPartOf\":{\"@id\":\"https:\/\/esildealba.com\/blog\/columna-de-ducha\/\"},\"author\":{\"name\":\"adminesil\",\"@id\":\"https:\/\/esildealba.com\/blog\/#\/schema\/person\/6119b6b1a205fafb9d8f78934e629201\"},\"headline\":\"La columna de ducha perfecta\",\"datePublished\":\"2025-12-09T11:49:10+00:00\",\"mainEntityOfPage\":{\"@id\":\"https:\/\/esildealba.com\/blog\/columna-de-ducha\/\"},\"wordCount\":538,\"commentCount\":0,\"image\":{\"@id\":\"https:\/\/esildealba.com\/blog\/columna-de-ducha\/#primaryimage\"},\"thumbnailUrl\":\"https:\/\/esildealba.com\/blog\/wp-content\/uploads\/2025\/12\/COLUMNA-DE-DUCHA.jpg\",\"articleSection\":[\"Ba\u00f1os\"],\"inLanguage\":\"es\",\"potentialAction\":[{\"@type\":\"CommentAction\",\"name\":\"Comment\",\"target\":[\"https:\/\/esildealba.com\/blog\/columna-de-ducha\/#respond\"]}]},{\"@type\":\"WebPage\",\"@id\":\"https:\/\/esildealba.com\/blog\/columna-de-ducha\/\",\"url\":\"https:\/\/esildealba.com\/blog\/columna-de-ducha\/\",\"name\":\"columna de ducha\",\"isPartOf\":{\"@id\":\"https:\/\/esildealba.com\/blog\/#website\"},\"primaryImageOfPage\":{\"@id\":\"https:\/\/esildealba.com\/blog\/columna-de-ducha\/#primaryimage\"},\"image\":{\"@id\":\"https:\/\/esildealba.com\/blog\/columna-de-ducha\/#primaryimage\"},\"thumbnailUrl\":\"https:\/\/esildealba.com\/blog\/wp-content\/uploads\/2025\/12\/COLUMNA-DE-DUCHA.jpg\",\"datePublished\":\"2025-12-09T11:49:10+00:00\",\"author\":{\"@id\":\"https:\/\/esildealba.com\/blog\/#\/schema\/person\/6119b6b1a205fafb9d8f78934e629201\"},\"description\":\"\u00bfPor qu\u00e9 elegir una columna de ducha para renovar tu ba\u00f1o? Tendencias y consejos de Esil de Alba. Descubre opciones en nuestro cat\u00e1logo.\",\"breadcrumb\":{\"@id\":\"https:\/\/esildealba.com\/blog\/columna-de-ducha\/#breadcrumb\"},\"inLanguage\":\"es\",\"potentialAction\":[{\"@type\":\"ReadAction\",\"target\":[\"https:\/\/esildealba.com\/blog\/columna-de-ducha\/\"]}]},{\"@type\":\"ImageObject\",\"inLanguage\":\"es\",\"@id\":\"https:\/\/esildealba.com\/blog\/columna-de-ducha\/#primaryimage\",\"url\":\"https:\/\/esildealba.com\/blog\/wp-content\/uploads\/2025\/12\/COLUMNA-DE-DUCHA.jpg\",\"contentUrl\":\"https:\/\/esildealba.com\/blog\/wp-content\/uploads\/2025\/12\/COLUMNA-DE-DUCHA.jpg\",\"width\":1375,\"height\":1024,\"caption\":\"columna de ducha\"},{\"@type\":\"BreadcrumbList\",\"@id\":\"https:\/\/esildealba.com\/blog\/columna-de-ducha\/#breadcrumb\",\"itemListElement\":[{\"@type\":\"ListItem\",\"position\":1,\"name\":\"Portada\",\"item\":\"https:\/\/esildealba.com\/blog\/\"},{\"@type\":\"ListItem\",\"position\":2,\"name\":\"La columna de ducha perfecta\"}]},{\"@type\":\"WebSite\",\"@id\":\"https:\/\/esildealba.com\/blog\/#website\",\"url\":\"https:\/\/esildealba.com\/blog\/\",\"name\":\"El blog de Esil de Alba\",\"description\":\"Pavimentos, gres, azulejos y mobiliario del hogar en Madrid\",\"potentialAction\":[{\"@type\":\"SearchAction\",\"target\":{\"@type\":\"EntryPoint\",\"urlTemplate\":\"https:\/\/esildealba.com\/blog\/?s={search_term_string}\"},\"query-input\":{\"@type\":\"PropertyValueSpecification\",\"valueRequired\":true,\"valueName\":\"search_term_string\"}}],\"inLanguage\":\"es\"},{\"@type\":\"Person\",\"@id\":\"https:\/\/esildealba.com\/blog\/#\/schema\/person\/6119b6b1a205fafb9d8f78934e629201\",\"name\":\"adminesil\",\"image\":{\"@type\":\"ImageObject\",\"inLanguage\":\"es\",\"@id\":\"https:\/\/esildealba.com\/blog\/#\/schema\/person\/image\/\",\"url\":\"https:\/\/secure.gravatar.com\/avatar\/8485c6d1488deb63c7cedfd6362bb58533258598131f893c5efc794326c616e2?s=96&d=mm&r=g\",\"contentUrl\":\"https:\/\/secure.gravatar.com\/avatar\/8485c6d1488deb63c7cedfd6362bb58533258598131f893c5efc794326c616e2?s=96&d=mm&r=g\",\"caption\":\"adminesil\"},\"url\":\"https:\/\/esildealba.com\/blog\/author\/adminesil\/\"}]}<\/script>\n<!-- \/ Yoast SEO plugin. -->","yoast_head_json":{"title":"columna de ducha","description":"\u00bfPor qu\u00e9 elegir una columna de ducha para renovar tu ba\u00f1o? Tendencias y consejos de Esil de Alba. Descubre opciones en nuestro cat\u00e1logo.","robots":{"index":"index","follow":"follow","max-snippet":"max-snippet:-1","max-image-preview":"max-image-preview:large","max-video-preview":"max-video-preview:-1"},"canonical":"https:\/\/esildealba.com\/blog\/columna-de-ducha\/","og_locale":"es_ES","og_type":"article","og_title":"columna de ducha","og_description":"\u00bfPor qu\u00e9 elegir una columna de ducha para renovar tu ba\u00f1o? Tendencias y consejos de Esil de Alba. Descubre opciones en nuestro cat\u00e1logo.","og_url":"https:\/\/esildealba.com\/blog\/columna-de-ducha\/","og_site_name":"El blog de Esil de Alba","article_published_time":"2025-12-09T11:49:10+00:00","og_image":[{"width":1375,"height":1024,"url":"https:\/\/esildealba.com\/blog\/wp-content\/uploads\/2025\/12\/COLUMNA-DE-DUCHA.jpg","type":"image\/jpeg"}],"author":"adminesil","twitter_card":"summary_large_image","twitter_misc":{"Escrito por":"adminesil","Tiempo de lectura":"3 minutos"},"schema":{"@context":"https:\/\/schema.org","@graph":[{"@type":"Article","@id":"https:\/\/esildealba.com\/blog\/columna-de-ducha\/#article","isPartOf":{"@id":"https:\/\/esildealba.com\/blog\/columna-de-ducha\/"},"author":{"name":"adminesil","@id":"https:\/\/esildealba.com\/blog\/#\/schema\/person\/6119b6b1a205fafb9d8f78934e629201"},"headline":"La columna de ducha perfecta","datePublished":"2025-12-09T11:49:10+00:00","mainEntityOfPage":{"@id":"https:\/\/esildealba.com\/blog\/columna-de-ducha\/"},"wordCount":538,"commentCount":0,"image":{"@id":"https:\/\/esildealba.com\/blog\/columna-de-ducha\/#primaryimage"},"thumbnailUrl":"https:\/\/esildealba.com\/blog\/wp-content\/uploads\/2025\/12\/COLUMNA-DE-DUCHA.jpg","articleSection":["Ba\u00f1os"],"inLanguage":"es","potentialAction":[{"@type":"CommentAction","name":"Comment","target":["https:\/\/esildealba.com\/blog\/columna-de-ducha\/#respond"]}]},{"@type":"WebPage","@id":"https:\/\/esildealba.com\/blog\/columna-de-ducha\/","url":"https:\/\/esildealba.com\/blog\/columna-de-ducha\/","name":"columna de ducha","isPartOf":{"@id":"https:\/\/esildealba.com\/blog\/#website"},"primaryImageOfPage":{"@id":"https:\/\/esildealba.com\/blog\/columna-de-ducha\/#primaryimage"},"image":{"@id":"https:\/\/esildealba.com\/blog\/columna-de-ducha\/#primaryimage"},"thumbnailUrl":"https:\/\/esildealba.com\/blog\/wp-content\/uploads\/2025\/12\/COLUMNA-DE-DUCHA.jpg","datePublished":"2025-12-09T11:49:10+00:00","author":{"@id":"https:\/\/esildealba.com\/blog\/#\/schema\/person\/6119b6b1a205fafb9d8f78934e629201"},"description":"\u00bfPor qu\u00e9 elegir una columna de ducha para renovar tu ba\u00f1o? Tendencias y consejos de Esil de Alba. Descubre opciones en nuestro cat\u00e1logo.","breadcrumb":{"@id":"https:\/\/esildealba.com\/blog\/columna-de-ducha\/#breadcrumb"},"inLanguage":"es","potentialAction":[{"@type":"ReadAction","target":["https:\/\/esildealba.com\/blog\/columna-de-ducha\/"]}]},{"@type":"ImageObject","inLanguage":"es","@id":"https:\/\/esildealba.com\/blog\/columna-de-ducha\/#primaryimage","url":"https:\/\/esildealba.com\/blog\/wp-content\/uploads\/2025\/12\/COLUMNA-DE-DUCHA.jpg","contentUrl":"https:\/\/esildealba.com\/blog\/wp-content\/uploads\/2025\/12\/COLUMNA-DE-DUCHA.jpg","width":1375,"height":1024,"caption":"columna de ducha"},{"@type":"BreadcrumbList","@id":"https:\/\/esildealba.com\/blog\/columna-de-ducha\/#breadcrumb","itemListElement":[{"@type":"ListItem","position":1,"name":"Portada","item":"https:\/\/esildealba.com\/blog\/"},{"@type":"ListItem","position":2,"name":"La columna de ducha perfecta"}]},{"@type":"WebSite","@id":"https:\/\/esildealba.com\/blog\/#website","url":"https:\/\/esildealba.com\/blog\/","name":"El blog de Esil de Alba","description":"Pavimentos, gres, azulejos y mobiliario del hogar en Madrid","potentialAction":[{"@type":"SearchAction","target":{"@type":"EntryPoint","urlTemplate":"https:\/\/esildealba.com\/blog\/?s={search_term_string}"},"query-input":{"@type":"PropertyValueSpecification","valueRequired":true,"valueName":"search_term_string"}}],"inLanguage":"es"},{"@type":"Person","@id":"https:\/\/esildealba.com\/blog\/#\/schema\/person\/6119b6b1a205fafb9d8f78934e629201","name":"adminesil","image":{"@type":"ImageObject","inLanguage":"es","@id":"https:\/\/esildealba.com\/blog\/#\/schema\/person\/image\/","url":"https:\/\/secure.gravatar.com\/avatar\/8485c6d1488deb63c7cedfd6362bb58533258598131f893c5efc794326c616e2?s=96&d=mm&r=g","contentUrl":"https:\/\/secure.gravatar.com\/avatar\/8485c6d1488deb63c7cedfd6362bb58533258598131f893c5efc794326c616e2?s=96&d=mm&r=g","caption":"adminesil"},"url":"https:\/\/esildealba.com\/blog\/author\/adminesil\/"}]}},"_links":{"self":[{"href":"https:\/\/esildealba.com\/blog\/wp-json\/wp\/v2\/posts\/2253","targetHints":{"allow":["GET"]}}],"collection":[{"href":"https:\/\/esildealba.com\/blog\/wp-json\/wp\/v2\/posts"}],"about":[{"href":"https:\/\/esildealba.com\/blog\/wp-json\/wp\/v2\/types\/post"}],"author":[{"embeddable":true,"href":"https:\/\/esildealba.com\/blog\/wp-json\/wp\/v2\/users\/1"}],"replies":[{"embeddable":true,"href":"https:\/\/esildealba.com\/blog\/wp-json\/wp\/v2\/comments?post=2253"}],"version-history":[{"count":1,"href":"https:\/\/esildealba.com\/blog\/wp-json\/wp\/v2\/posts\/2253\/revisions"}],"predecessor-version":[{"id":2254,"href":"https:\/\/esildealba.com\/blog\/wp-json\/wp\/v2\/posts\/2253\/revisions\/2254"}],"wp:featuredmedia":[{"embeddable":true,"href":"https:\/\/esildealba.com\/blog\/wp-json\/wp\/v2\/media\/2255"}],"wp:attachment":[{"href":"https:\/\/esildealba.com\/blog\/wp-json\/wp\/v2\/media?parent=2253"}],"wp:term":[{"taxonomy":"category","embeddable":true,"href":"https:\/\/esildealba.com\/blog\/wp-json\/wp\/v2\/categories?post=2253"},{"taxonomy":"post_tag","embeddable":true,"href":"https:\/\/esildealba.com\/blog\/wp-json\/wp\/v2\/tags?post=2253"}],"curies":[{"name":"wp","href":"https:\/\/api.w.org\/{rel}","templated":true}]}}