{"id":23,"date":"2017-11-30T11:45:06","date_gmt":"2017-11-30T11:45:06","guid":{"rendered":"http:\/\/esildealba.com\/blog\/?p=23"},"modified":"2017-12-05T09:53:37","modified_gmt":"2017-12-05T09:53:37","slug":"muebles-decoracion-sofas-madrid","status":"publish","type":"post","link":"https:\/\/esildealba.com\/blog\/muebles-decoracion-sofas-madrid\/","title":{"rendered":"Tips de decoraci\u00f3n para todos los estilos"},"content":{"rendered":"<p>Os damos la bienvenida al nuevo <strong>blog de Esil de Alba.<\/strong> Para inaugurarlo comenzamos con este post en el que os traemos unos <strong>tips de decoraci\u00f3n.<\/strong> Con estos consejos, y siempre seg\u00fan tus gustos y tu estilo, acertar\u00e1s en la decoraci\u00f3n de tu hogar.<\/p>\n<p>Cuando nos planteamos la decoraci\u00f3n de un espacio en nuestra casa y no queremos meternos en grandes reformas, es importante tener en cuenta varios aspectos como el espacio del que disponemos, la luz natural que posee la habitaci\u00f3n, los elementos fijos que no se pueden modificar como la disposici\u00f3n de puertas, ventanas y radiadores y el color del suelo.<\/p>\n<h6><strong>La luz es un factor importante en la decoraci\u00f3n. <\/strong><\/h6>\n<p>Las habitaciones luminosas dan la impresi\u00f3n de ser m\u00e1s grandes. Si no tienes una ventana grande o con buena orientaci\u00f3n para la luz, es importante que los elementos de la decoraci\u00f3n contribuyan a hacer la estancia m\u00e1s luminosa. Pintar las paredes y\/o utilizar papel pintado de tonos claros, amueblarla con piezas y alfombras de colores suaves y utilizar telas y visillos o estores translucidos ayudar\u00e1n a conseguir un ambiente m\u00e1s luminoso.<\/p>\n<p><img loading=\"lazy\" decoding=\"async\" class=\"alignnone wp-image-29 size-full\" title=\"Sal\u00f3n luminoso decorado con muebles de dise\u00f1o. Sof\u00e1 y butaca, complementos y decoraci\u00f3n con alfombras, cuadros y pavimento.\" src=\"https:\/\/esildealba.com\/blog\/wp-content\/uploads\/2017\/11\/Salon-Sofa-Luminoso.jpg\" alt=\"Sal\u00f3n luminoso decorado con muebles de dise\u00f1o. Sof\u00e1 y butaca, complementos y decoraci\u00f3n con alfombras, cuadros y pavimento.\" width=\"794\" height=\"557\" \/><\/p>\n<h6><strong>Combinar diferentes estilos. <\/strong><\/h6>\n<p>Independientemente de cual sea tu estilo, <strong>lo mejor es combinar muebles de l\u00edneas sencillas con los m\u00e1s ornamentados.<\/strong> As\u00ed evitar\u00e1s un efecto recargado en la habitaci\u00f3n. Los sof\u00e1s de color claro y con la tapicer\u00eda lisa son perfectos para combinarlos con accesorios como cojines y mantas de colores mas fuertes y estampados.<\/p>\n<p><img loading=\"lazy\" decoding=\"async\" class=\"alignnone size-full wp-image-30\" src=\"https:\/\/esildealba.com\/blog\/wp-content\/uploads\/2017\/11\/Decoracion-Complementos.jpg\" alt=\"\" width=\"794\" height=\"529\" \/><\/p>\n<h6><strong>Complementos de moda.<\/strong><\/h6>\n<p>Los complementos y adornos sobre mesas, aparadores y estanter\u00edas son geniales para darle a la habitaci\u00f3n tu toque personal. Marcos para fotograf\u00edas, porta velas, jarrones\u2026 <strong>Los complementos son ideales para ir cambiando detalles de la decoraci\u00f3n seg\u00fan las tendencias<\/strong>. Cuando vayas a combinarlos ten en cuenta los colores y los tama\u00f1os para no crear un efecto recargado.<\/p>\n<p><img loading=\"lazy\" decoding=\"async\" class=\"alignnone size-full wp-image-31\" src=\"https:\/\/esildealba.com\/blog\/wp-content\/uploads\/2017\/11\/Complementos-Muebles.jpg\" alt=\"\" width=\"794\" height=\"687\" \/><\/p>\n<h6><strong>Decorar las paredes. <\/strong><\/h6>\n<p>Por \u00faltimo, a la hora de decorar la pared, lo habitual es colgar algunos cuadros o combinar fotograf\u00edas. <strong>Podemos crear composiciones muy bonitas con marcos de diferentes tama\u00f1os<\/strong>. Para asegurarnos de que la composici\u00f3n va a quedar bien, lo mejor es probarla primero en el suelo o sobre una mesa. Cuando tengamos claro c\u00f3mo nos gusta, lo colgaremos en la pared.<\/p>\n<p><img loading=\"lazy\" decoding=\"async\" class=\"alignnone size-full wp-image-32\" src=\"https:\/\/esildealba.com\/blog\/wp-content\/uploads\/2017\/11\/Cuadros-Decoracion.jpg\" alt=\"\" width=\"794\" height=\"655\" \/><\/p>\n<p><strong>En Esil de Alba nos encanta ayudarte a hacer realidad tus proyectos<\/strong>. \u00c9chale un vistazo a nuestro <a href=\"http:\/\/www.esildealba.com\/categorias.php\" target=\"_blank\" rel=\"noopener\">cat\u00e1logo<\/a> y ven a visitarnos a <a href=\"http:\/\/www.esildealba.com\/contacto.php\" target=\"_blank\" rel=\"noopener\">nuestra exposici\u00f3n<\/a>, en la que encontrar\u00e1s las \u00faltimas tendencias en muebles y decoraci\u00f3n, complementos, telas y tapicer\u00edas. Te esperamos!<\/p>\n","protected":false},"excerpt":{"rendered":"<p>Os damos la bienvenida al nuevo blog de Esil de Alba. Para inaugurarlo comenzamos con este post en el que os traemos unos tips de decoraci\u00f3n. Con estos consejos, y siempre seg\u00fan tus gustos y tu estilo, acertar\u00e1s en la decoraci\u00f3n de tu hogar.<\/p>\n<p>Cuando nos planteamos la decoraci\u00f3n de un espacio en nuestra casa y no queremos meternos en grandes reformas, es importante tener en cuenta varios aspectos como el espacio del que disponemos, la luz natural que posee la habitaci\u00f3n, los elementos fijos que no se pueden modificar como la disposici\u00f3n de puertas, ventanas y radiadores y el color del suelo.<\/p>\n","protected":false},"author":1,"featured_media":34,"comment_status":"open","ping_status":"open","sticky":false,"template":"","format":"standard","meta":{"footnotes":""},"categories":[5],"tags":[10,11,9],"class_list":["post-23","post","type-post","status-publish","format-standard","has-post-thumbnail","hentry","category-mobiliario-hogar-madrid","tag-decoracion","tag-mobiliario","tag-tips"],"yoast_head":"<!-- This site is optimized with the Yoast SEO plugin v27.0 - https:\/\/yoast.com\/product\/yoast-seo-wordpress\/ -->\n<title>Decoraci\u00f3n del hogar en Madrid para todos los estilos.<\/title>\n<meta name=\"description\" content=\"Visita nuestra exposici\u00f3n de azulejos y pavimentos, mobiliario del hogar, decoraci\u00f3n, cocinas y ba\u00f1os en Alpedrete, en la Comunidad de Madrid.\" \/>\n<meta name=\"robots\" content=\"index, follow, max-snippet:-1, max-image-preview:large, max-video-preview:-1\" \/>\n<link rel=\"canonical\" href=\"https:\/\/esildealba.com\/blog\/muebles-decoracion-sofas-madrid\/\" \/>\n<meta property=\"og:locale\" content=\"es_ES\" \/>\n<meta property=\"og:type\" content=\"article\" \/>\n<meta property=\"og:title\" content=\"Decoraci\u00f3n del hogar en Madrid para todos los estilos.\" \/>\n<meta property=\"og:description\" content=\"Visita nuestra exposici\u00f3n de azulejos y pavimentos, mobiliario del hogar, decoraci\u00f3n, cocinas y ba\u00f1os en Alpedrete, en la Comunidad de Madrid.\" \/>\n<meta property=\"og:url\" content=\"https:\/\/esildealba.com\/blog\/muebles-decoracion-sofas-madrid\/\" \/>\n<meta property=\"og:site_name\" content=\"El blog de Esil de Alba\" \/>\n<meta property=\"article:published_time\" content=\"2017-11-30T11:45:06+00:00\" \/>\n<meta property=\"article:modified_time\" content=\"2017-12-05T09:53:37+00:00\" \/>\n<meta property=\"og:image\" content=\"https:\/\/esildealba.com\/blog\/wp-content\/uploads\/2017\/11\/salon-muebles-esil-de-alba.jpg\" \/>\n\t<meta property=\"og:image:width\" content=\"794\" \/>\n\t<meta property=\"og:image:height\" content=\"613\" \/>\n\t<meta property=\"og:image:type\" content=\"image\/jpeg\" \/>\n<meta name=\"author\" content=\"adminesil\" \/>\n<meta name=\"twitter:card\" content=\"summary_large_image\" \/>\n<meta name=\"twitter:label1\" content=\"Escrito por\" \/>\n\t<meta name=\"twitter:data1\" content=\"adminesil\" \/>\n\t<meta name=\"twitter:label2\" content=\"Tiempo de lectura\" \/>\n\t<meta name=\"twitter:data2\" content=\"2 minutos\" \/>\n<script type=\"application\/ld+json\" class=\"yoast-schema-graph\">{\"@context\":\"https:\/\/schema.org\",\"@graph\":[{\"@type\":\"Article\",\"@id\":\"https:\/\/esildealba.com\/blog\/muebles-decoracion-sofas-madrid\/#article\",\"isPartOf\":{\"@id\":\"https:\/\/esildealba.com\/blog\/muebles-decoracion-sofas-madrid\/\"},\"author\":{\"name\":\"adminesil\",\"@id\":\"https:\/\/esildealba.com\/blog\/#\/schema\/person\/6119b6b1a205fafb9d8f78934e629201\"},\"headline\":\"Tips de decoraci\u00f3n para todos los estilos\",\"datePublished\":\"2017-11-30T11:45:06+00:00\",\"dateModified\":\"2017-12-05T09:53:37+00:00\",\"mainEntityOfPage\":{\"@id\":\"https:\/\/esildealba.com\/blog\/muebles-decoracion-sofas-madrid\/\"},\"wordCount\":449,\"commentCount\":0,\"image\":{\"@id\":\"https:\/\/esildealba.com\/blog\/muebles-decoracion-sofas-madrid\/#primaryimage\"},\"thumbnailUrl\":\"https:\/\/esildealba.com\/blog\/wp-content\/uploads\/2017\/11\/salon-muebles-esil-de-alba.jpg\",\"keywords\":[\"decoraci\u00f3n\",\"mobiliario\",\"tips\"],\"articleSection\":[\"Mobiliario del hogar\"],\"inLanguage\":\"es\",\"potentialAction\":[{\"@type\":\"CommentAction\",\"name\":\"Comment\",\"target\":[\"https:\/\/esildealba.com\/blog\/muebles-decoracion-sofas-madrid\/#respond\"]}]},{\"@type\":\"WebPage\",\"@id\":\"https:\/\/esildealba.com\/blog\/muebles-decoracion-sofas-madrid\/\",\"url\":\"https:\/\/esildealba.com\/blog\/muebles-decoracion-sofas-madrid\/\",\"name\":\"Decoraci\u00f3n del hogar en Madrid para todos los estilos.\",\"isPartOf\":{\"@id\":\"https:\/\/esildealba.com\/blog\/#website\"},\"primaryImageOfPage\":{\"@id\":\"https:\/\/esildealba.com\/blog\/muebles-decoracion-sofas-madrid\/#primaryimage\"},\"image\":{\"@id\":\"https:\/\/esildealba.com\/blog\/muebles-decoracion-sofas-madrid\/#primaryimage\"},\"thumbnailUrl\":\"https:\/\/esildealba.com\/blog\/wp-content\/uploads\/2017\/11\/salon-muebles-esil-de-alba.jpg\",\"datePublished\":\"2017-11-30T11:45:06+00:00\",\"dateModified\":\"2017-12-05T09:53:37+00:00\",\"author\":{\"@id\":\"https:\/\/esildealba.com\/blog\/#\/schema\/person\/6119b6b1a205fafb9d8f78934e629201\"},\"description\":\"Visita nuestra exposici\u00f3n de azulejos y pavimentos, mobiliario del hogar, decoraci\u00f3n, cocinas y ba\u00f1os en Alpedrete, en la Comunidad de Madrid.\",\"breadcrumb\":{\"@id\":\"https:\/\/esildealba.com\/blog\/muebles-decoracion-sofas-madrid\/#breadcrumb\"},\"inLanguage\":\"es\",\"potentialAction\":[{\"@type\":\"ReadAction\",\"target\":[\"https:\/\/esildealba.com\/blog\/muebles-decoracion-sofas-madrid\/\"]}]},{\"@type\":\"ImageObject\",\"inLanguage\":\"es\",\"@id\":\"https:\/\/esildealba.com\/blog\/muebles-decoracion-sofas-madrid\/#primaryimage\",\"url\":\"https:\/\/esildealba.com\/blog\/wp-content\/uploads\/2017\/11\/salon-muebles-esil-de-alba.jpg\",\"contentUrl\":\"https:\/\/esildealba.com\/blog\/wp-content\/uploads\/2017\/11\/salon-muebles-esil-de-alba.jpg\",\"width\":794,\"height\":613},{\"@type\":\"BreadcrumbList\",\"@id\":\"https:\/\/esildealba.com\/blog\/muebles-decoracion-sofas-madrid\/#breadcrumb\",\"itemListElement\":[{\"@type\":\"ListItem\",\"position\":1,\"name\":\"Portada\",\"item\":\"https:\/\/esildealba.com\/blog\/\"},{\"@type\":\"ListItem\",\"position\":2,\"name\":\"Tips de decoraci\u00f3n para todos los estilos\"}]},{\"@type\":\"WebSite\",\"@id\":\"https:\/\/esildealba.com\/blog\/#website\",\"url\":\"https:\/\/esildealba.com\/blog\/\",\"name\":\"El blog de Esil de Alba\",\"description\":\"Pavimentos, gres, azulejos y mobiliario del hogar en Madrid\",\"potentialAction\":[{\"@type\":\"SearchAction\",\"target\":{\"@type\":\"EntryPoint\",\"urlTemplate\":\"https:\/\/esildealba.com\/blog\/?s={search_term_string}\"},\"query-input\":{\"@type\":\"PropertyValueSpecification\",\"valueRequired\":true,\"valueName\":\"search_term_string\"}}],\"inLanguage\":\"es\"},{\"@type\":\"Person\",\"@id\":\"https:\/\/esildealba.com\/blog\/#\/schema\/person\/6119b6b1a205fafb9d8f78934e629201\",\"name\":\"adminesil\",\"image\":{\"@type\":\"ImageObject\",\"inLanguage\":\"es\",\"@id\":\"https:\/\/esildealba.com\/blog\/#\/schema\/person\/image\/\",\"url\":\"https:\/\/secure.gravatar.com\/avatar\/8485c6d1488deb63c7cedfd6362bb58533258598131f893c5efc794326c616e2?s=96&d=mm&r=g\",\"contentUrl\":\"https:\/\/secure.gravatar.com\/avatar\/8485c6d1488deb63c7cedfd6362bb58533258598131f893c5efc794326c616e2?s=96&d=mm&r=g\",\"caption\":\"adminesil\"},\"url\":\"https:\/\/esildealba.com\/blog\/author\/adminesil\/\"}]}<\/script>\n<!-- \/ Yoast SEO plugin. -->","yoast_head_json":{"title":"Decoraci\u00f3n del hogar en Madrid para todos los estilos.","description":"Visita nuestra exposici\u00f3n de azulejos y pavimentos, mobiliario del hogar, decoraci\u00f3n, cocinas y ba\u00f1os en Alpedrete, en la Comunidad de Madrid.","robots":{"index":"index","follow":"follow","max-snippet":"max-snippet:-1","max-image-preview":"max-image-preview:large","max-video-preview":"max-video-preview:-1"},"canonical":"https:\/\/esildealba.com\/blog\/muebles-decoracion-sofas-madrid\/","og_locale":"es_ES","og_type":"article","og_title":"Decoraci\u00f3n del hogar en Madrid para todos los estilos.","og_description":"Visita nuestra exposici\u00f3n de azulejos y pavimentos, mobiliario del hogar, decoraci\u00f3n, cocinas y ba\u00f1os en Alpedrete, en la Comunidad de Madrid.","og_url":"https:\/\/esildealba.com\/blog\/muebles-decoracion-sofas-madrid\/","og_site_name":"El blog de Esil de Alba","article_published_time":"2017-11-30T11:45:06+00:00","article_modified_time":"2017-12-05T09:53:37+00:00","og_image":[{"width":794,"height":613,"url":"https:\/\/esildealba.com\/blog\/wp-content\/uploads\/2017\/11\/salon-muebles-esil-de-alba.jpg","type":"image\/jpeg"}],"author":"adminesil","twitter_card":"summary_large_image","twitter_misc":{"Escrito por":"adminesil","Tiempo de lectura":"2 minutos"},"schema":{"@context":"https:\/\/schema.org","@graph":[{"@type":"Article","@id":"https:\/\/esildealba.com\/blog\/muebles-decoracion-sofas-madrid\/#article","isPartOf":{"@id":"https:\/\/esildealba.com\/blog\/muebles-decoracion-sofas-madrid\/"},"author":{"name":"adminesil","@id":"https:\/\/esildealba.com\/blog\/#\/schema\/person\/6119b6b1a205fafb9d8f78934e629201"},"headline":"Tips de decoraci\u00f3n para todos los estilos","datePublished":"2017-11-30T11:45:06+00:00","dateModified":"2017-12-05T09:53:37+00:00","mainEntityOfPage":{"@id":"https:\/\/esildealba.com\/blog\/muebles-decoracion-sofas-madrid\/"},"wordCount":449,"commentCount":0,"image":{"@id":"https:\/\/esildealba.com\/blog\/muebles-decoracion-sofas-madrid\/#primaryimage"},"thumbnailUrl":"https:\/\/esildealba.com\/blog\/wp-content\/uploads\/2017\/11\/salon-muebles-esil-de-alba.jpg","keywords":["decoraci\u00f3n","mobiliario","tips"],"articleSection":["Mobiliario del hogar"],"inLanguage":"es","potentialAction":[{"@type":"CommentAction","name":"Comment","target":["https:\/\/esildealba.com\/blog\/muebles-decoracion-sofas-madrid\/#respond"]}]},{"@type":"WebPage","@id":"https:\/\/esildealba.com\/blog\/muebles-decoracion-sofas-madrid\/","url":"https:\/\/esildealba.com\/blog\/muebles-decoracion-sofas-madrid\/","name":"Decoraci\u00f3n del hogar en Madrid para todos los estilos.","isPartOf":{"@id":"https:\/\/esildealba.com\/blog\/#website"},"primaryImageOfPage":{"@id":"https:\/\/esildealba.com\/blog\/muebles-decoracion-sofas-madrid\/#primaryimage"},"image":{"@id":"https:\/\/esildealba.com\/blog\/muebles-decoracion-sofas-madrid\/#primaryimage"},"thumbnailUrl":"https:\/\/esildealba.com\/blog\/wp-content\/uploads\/2017\/11\/salon-muebles-esil-de-alba.jpg","datePublished":"2017-11-30T11:45:06+00:00","dateModified":"2017-12-05T09:53:37+00:00","author":{"@id":"https:\/\/esildealba.com\/blog\/#\/schema\/person\/6119b6b1a205fafb9d8f78934e629201"},"description":"Visita nuestra exposici\u00f3n de azulejos y pavimentos, mobiliario del hogar, decoraci\u00f3n, cocinas y ba\u00f1os en Alpedrete, en la Comunidad de Madrid.","breadcrumb":{"@id":"https:\/\/esildealba.com\/blog\/muebles-decoracion-sofas-madrid\/#breadcrumb"},"inLanguage":"es","potentialAction":[{"@type":"ReadAction","target":["https:\/\/esildealba.com\/blog\/muebles-decoracion-sofas-madrid\/"]}]},{"@type":"ImageObject","inLanguage":"es","@id":"https:\/\/esildealba.com\/blog\/muebles-decoracion-sofas-madrid\/#primaryimage","url":"https:\/\/esildealba.com\/blog\/wp-content\/uploads\/2017\/11\/salon-muebles-esil-de-alba.jpg","contentUrl":"https:\/\/esildealba.com\/blog\/wp-content\/uploads\/2017\/11\/salon-muebles-esil-de-alba.jpg","width":794,"height":613},{"@type":"BreadcrumbList","@id":"https:\/\/esildealba.com\/blog\/muebles-decoracion-sofas-madrid\/#breadcrumb","itemListElement":[{"@type":"ListItem","position":1,"name":"Portada","item":"https:\/\/esildealba.com\/blog\/"},{"@type":"ListItem","position":2,"name":"Tips de decoraci\u00f3n para todos los estilos"}]},{"@type":"WebSite","@id":"https:\/\/esildealba.com\/blog\/#website","url":"https:\/\/esildealba.com\/blog\/","name":"El blog de Esil de Alba","description":"Pavimentos, gres, azulejos y mobiliario del hogar en Madrid","potentialAction":[{"@type":"SearchAction","target":{"@type":"EntryPoint","urlTemplate":"https:\/\/esildealba.com\/blog\/?s={search_term_string}"},"query-input":{"@type":"PropertyValueSpecification","valueRequired":true,"valueName":"search_term_string"}}],"inLanguage":"es"},{"@type":"Person","@id":"https:\/\/esildealba.com\/blog\/#\/schema\/person\/6119b6b1a205fafb9d8f78934e629201","name":"adminesil","image":{"@type":"ImageObject","inLanguage":"es","@id":"https:\/\/esildealba.com\/blog\/#\/schema\/person\/image\/","url":"https:\/\/secure.gravatar.com\/avatar\/8485c6d1488deb63c7cedfd6362bb58533258598131f893c5efc794326c616e2?s=96&d=mm&r=g","contentUrl":"https:\/\/secure.gravatar.com\/avatar\/8485c6d1488deb63c7cedfd6362bb58533258598131f893c5efc794326c616e2?s=96&d=mm&r=g","caption":"adminesil"},"url":"https:\/\/esildealba.com\/blog\/author\/adminesil\/"}]}},"_links":{"self":[{"href":"https:\/\/esildealba.com\/blog\/wp-json\/wp\/v2\/posts\/23","targetHints":{"allow":["GET"]}}],"collection":[{"href":"https:\/\/esildealba.com\/blog\/wp-json\/wp\/v2\/posts"}],"about":[{"href":"https:\/\/esildealba.com\/blog\/wp-json\/wp\/v2\/types\/post"}],"author":[{"embeddable":true,"href":"https:\/\/esildealba.com\/blog\/wp-json\/wp\/v2\/users\/1"}],"replies":[{"embeddable":true,"href":"https:\/\/esildealba.com\/blog\/wp-json\/wp\/v2\/comments?post=23"}],"version-history":[{"count":22,"href":"https:\/\/esildealba.com\/blog\/wp-json\/wp\/v2\/posts\/23\/revisions"}],"predecessor-version":[{"id":52,"href":"https:\/\/esildealba.com\/blog\/wp-json\/wp\/v2\/posts\/23\/revisions\/52"}],"wp:featuredmedia":[{"embeddable":true,"href":"https:\/\/esildealba.com\/blog\/wp-json\/wp\/v2\/media\/34"}],"wp:attachment":[{"href":"https:\/\/esildealba.com\/blog\/wp-json\/wp\/v2\/media?parent=23"}],"wp:term":[{"taxonomy":"category","embeddable":true,"href":"https:\/\/esildealba.com\/blog\/wp-json\/wp\/v2\/categories?post=23"},{"taxonomy":"post_tag","embeddable":true,"href":"https:\/\/esildealba.com\/blog\/wp-json\/wp\/v2\/tags?post=23"}],"curies":[{"name":"wp","href":"https:\/\/api.w.org\/{rel}","templated":true}]}}