{"id":2307,"date":"2026-04-30T11:40:13","date_gmt":"2026-04-30T11:40:13","guid":{"rendered":"https:\/\/esildealba.com\/blog\/?p=2307"},"modified":"2026-04-30T11:40:14","modified_gmt":"2026-04-30T11:40:14","slug":"zonas-pavimentadas-en-el-jardin","status":"publish","type":"post","link":"https:\/\/esildealba.com\/blog\/zonas-pavimentadas-en-el-jardin\/","title":{"rendered":"Zonas pavimentadas en el jard\u00edn: c\u00f3mo dise\u00f1arlas y elegir el mejor material"},"content":{"rendered":"\n<p>Las zonas pavimentadas en el jard\u00edn son clave para dar <strong>forma, funcionalidad y estilo<\/strong> a cualquier espacio exterior. No se trata solo de est\u00e9tica: <strong>un buen pavimento permite organizar el jard\u00edn, mejorar su uso diario y facilitar su mantenimiento<\/strong>.<\/p>\n\n\n\n<p>Hoy en d\u00eda, los pavimentos para jard\u00edn ofrecen una enorme variedad de opciones que se adaptan tanto a estilos modernos como m\u00e1s naturales. Elegir bien marcar\u00e1 la diferencia entre un jard\u00edn bonito y uno realmente c\u00f3modo y duradero.<\/p>\n\n\n\n<h2 class=\"wp-block-heading\">Qu\u00e9 aportan las zonas pavimentadas<\/h2>\n\n\n\n<p><strong>Incorporar superficies pavimentadas ayuda a estructurar el espacio y a definir distintos ambientes<\/strong>. Permiten crear caminos, zonas de descanso, \u00e1reas de comedor o espacios alrededor de la piscina, haciendo que el jard\u00edn sea mucho m\u00e1s pr\u00e1ctico.<\/p>\n\n\n\n<p>Adem\u00e1s, reducen el mantenimiento en comparaci\u00f3n con superficies completamente verdes y mejoran la accesibilidad, especialmente en jardines grandes o con desniveles.<\/p>\n\n\n\n<h2 class=\"wp-block-heading\">Materiales m\u00e1s utilizados para pavimentar un jard\u00edn<\/h2>\n\n\n\n<p>A la hora de elegir entre distintos <strong>materiales para suelos de jard\u00edn<\/strong>, conviene pensar tanto en el uso como en el estilo que quieres conseguir.<\/p>\n\n\n\n<p>La piedra natural sigue siendo una de las opciones m\u00e1s valoradas por su resistencia y su capacidad para integrarse con el entorno. Funciona especialmente bien en jardines de estilo mediterr\u00e1neo o r\u00fastico.<\/p>\n\n\n\n<p>El hormig\u00f3n, por su parte, es una soluci\u00f3n vers\u00e1til y cada vez m\u00e1s utilizada. Permite acabados continuos, modernos y minimalistas, adem\u00e1s de ser una alternativa pr\u00e1ctica y econ\u00f3mica.<\/p>\n\n\n\n<p>Si buscas un ambiente m\u00e1s c\u00e1lido, la madera o tarima exterior aporta una sensaci\u00f3n acogedora dif\u00edcil de igualar. Es muy habitual en zonas de descanso o junto a piscinas, aunque requiere algo m\u00e1s de mantenimiento.<\/p>\n\n\n\n<p>Y la opci\u00f3n m\u00e1s recomendada: <strong>los pavimentos cer\u00e1micos o porcel\u00e1nicos han ganado mucho protagonismo en proyectos contempor\u00e1neos. Ofrecen gran resistencia, m\u00faltiples acabados y una est\u00e9tica muy cuidada<\/strong>.<\/p>\n\n\n\n<h2 class=\"wp-block-heading\">Ideas para integrar pavimentos en tu jard\u00edn<\/h2>\n\n\n\n<p>El secreto no est\u00e1 solo en el material, sino en c\u00f3mo lo integras dentro del conjunto. Combinar diferentes superficies suele dar mejores resultados que utilizar una \u00fanica soluci\u00f3n en todo el jard\u00edn.<\/p>\n\n\n\n<p>Por ejemplo, los caminos de baldosas de gres porcel\u00e1nico entre zonas verdes crean un efecto natural muy atractivo, o tambi\u00e9n pueden delimitar perfectamente un espacio de descanso. Tambi\u00e9n es habitual utilizar porcel\u00e1nico en terrazas para dar continuidad visual entre interior y exterior.<\/p>\n\n\n\n<p>Pensar en estas combinaciones desde el inicio ayuda a crear un jard\u00edn m\u00e1s equilibrado y con personalidad.<\/p>\n\n\n\n<h2 class=\"wp-block-heading\">C\u00f3mo elegir la mejor opci\u00f3n<\/h2>\n\n\n\n<p>Antes de decidir c\u00f3mo <strong>pavimentar un jard\u00edn<\/strong>, conviene tener en cuenta algunos aspectos clave. El uso del espacio es fundamental: no es lo mismo una zona de paso que un \u00e1rea donde se va a estar mucho tiempo.<\/p>\n\n\n\n<p>El clima tambi\u00e9n influye m\u00e1s de lo que parece, ya que algunos materiales, como los solados porcel\u00e1nicos responden mejor a la humedad, al sol intenso o a los cambios de temperatura. A esto se suma el nivel de mantenimiento que est\u00e1s dispuesto a asumir y, por supuesto, la coherencia con el estilo general del jard\u00edn.<\/p>\n\n\n\n<p>Cuando todos estos factores encajan, el resultado es un espacio exterior que no solo se ve bien, sino que realmente funciona en el d\u00eda a d\u00eda.<\/p>\n\n\n\n<p>En <strong><a href=\"https:\/\/www.esildealba.com\/\">Esil de Alba<\/a><\/strong> entendemos el jard\u00edn como una extensi\u00f3n natural de la vivienda, donde cada material y cada detalle cuentan. Por eso, dise\u00f1ar correctamente las zonas pavimentadas no es un paso m\u00e1s, sino una parte esencial del proyecto.<\/p>\n","protected":false},"excerpt":{"rendered":"<p>Las zonas pavimentadas en el jard\u00edn son clave para dar forma, funcionalidad y estilo a cualquier espacio exterior. No se trata solo de est\u00e9tica: un buen pavimento permite organizar el jard\u00edn, mejorar su uso diario y facilitar su mantenimiento.<\/p>\n<p>Hoy en d\u00eda, los pavimentos para jard\u00edn ofrecen una enorme variedad de opciones que se adaptan tanto a estilos modernos como m\u00e1s naturales. Elegir bien marcar\u00e1 la diferencia entre un jard\u00edn bonito y uno realmente c\u00f3modo y duradero.<\/p>\n","protected":false},"author":1,"featured_media":2308,"comment_status":"open","ping_status":"open","sticky":false,"template":"","format":"standard","meta":{"footnotes":""},"categories":[4,133],"tags":[],"class_list":["post-2307","post","type-post","status-publish","format-standard","has-post-thumbnail","hentry","category-azulejos-pavimentos-madrid","category-ceramica-para-exterior"],"yoast_head":"<!-- This site is optimized with the Yoast SEO plugin v27.0 - https:\/\/yoast.com\/product\/yoast-seo-wordpress\/ -->\n<title>Zonas pavimentadas en el jard\u00edn<\/title>\n<meta name=\"description\" content=\"Las zonas pavimentadas en el jard\u00edn son clave para dar forma, funcionalidad y estilo a cualquier espacio exterior.\" \/>\n<meta name=\"robots\" content=\"index, follow, max-snippet:-1, max-image-preview:large, max-video-preview:-1\" \/>\n<link rel=\"canonical\" href=\"https:\/\/esildealba.com\/blog\/zonas-pavimentadas-en-el-jardin\/\" \/>\n<meta property=\"og:locale\" content=\"es_ES\" \/>\n<meta property=\"og:type\" content=\"article\" \/>\n<meta property=\"og:title\" content=\"Zonas pavimentadas en el jard\u00edn\" \/>\n<meta property=\"og:description\" content=\"Las zonas pavimentadas en el jard\u00edn son clave para dar forma, funcionalidad y estilo a cualquier espacio exterior.\" \/>\n<meta property=\"og:url\" content=\"https:\/\/esildealba.com\/blog\/zonas-pavimentadas-en-el-jardin\/\" \/>\n<meta property=\"og:site_name\" content=\"El blog de Esil de Alba\" \/>\n<meta property=\"article:published_time\" content=\"2026-04-30T11:40:13+00:00\" \/>\n<meta property=\"article:modified_time\" content=\"2026-04-30T11:40:14+00:00\" \/>\n<meta property=\"og:image\" content=\"https:\/\/esildealba.com\/blog\/wp-content\/uploads\/2026\/04\/SOLADO-JARDIN.jpg\" \/>\n\t<meta property=\"og:image:width\" content=\"1448\" \/>\n\t<meta property=\"og:image:height\" content=\"1086\" \/>\n\t<meta property=\"og:image:type\" content=\"image\/jpeg\" \/>\n<meta name=\"author\" content=\"adminesil\" \/>\n<meta name=\"twitter:card\" content=\"summary_large_image\" \/>\n<meta name=\"twitter:label1\" content=\"Escrito por\" \/>\n\t<meta name=\"twitter:data1\" content=\"adminesil\" \/>\n\t<meta name=\"twitter:label2\" content=\"Tiempo de lectura\" \/>\n\t<meta name=\"twitter:data2\" content=\"3 minutos\" \/>\n<script type=\"application\/ld+json\" class=\"yoast-schema-graph\">{\"@context\":\"https:\/\/schema.org\",\"@graph\":[{\"@type\":\"Article\",\"@id\":\"https:\/\/esildealba.com\/blog\/zonas-pavimentadas-en-el-jardin\/#article\",\"isPartOf\":{\"@id\":\"https:\/\/esildealba.com\/blog\/zonas-pavimentadas-en-el-jardin\/\"},\"author\":{\"name\":\"adminesil\",\"@id\":\"https:\/\/esildealba.com\/blog\/#\/schema\/person\/6119b6b1a205fafb9d8f78934e629201\"},\"headline\":\"Zonas pavimentadas en el jard\u00edn: c\u00f3mo dise\u00f1arlas y elegir el mejor material\",\"datePublished\":\"2026-04-30T11:40:13+00:00\",\"dateModified\":\"2026-04-30T11:40:14+00:00\",\"mainEntityOfPage\":{\"@id\":\"https:\/\/esildealba.com\/blog\/zonas-pavimentadas-en-el-jardin\/\"},\"wordCount\":632,\"commentCount\":0,\"image\":{\"@id\":\"https:\/\/esildealba.com\/blog\/zonas-pavimentadas-en-el-jardin\/#primaryimage\"},\"thumbnailUrl\":\"https:\/\/esildealba.com\/blog\/wp-content\/uploads\/2026\/04\/SOLADO-JARDIN.jpg\",\"articleSection\":[\"Azulejos y pavimentos\",\"Cer\u00e1mica para exterior\"],\"inLanguage\":\"es\",\"potentialAction\":[{\"@type\":\"CommentAction\",\"name\":\"Comment\",\"target\":[\"https:\/\/esildealba.com\/blog\/zonas-pavimentadas-en-el-jardin\/#respond\"]}]},{\"@type\":\"WebPage\",\"@id\":\"https:\/\/esildealba.com\/blog\/zonas-pavimentadas-en-el-jardin\/\",\"url\":\"https:\/\/esildealba.com\/blog\/zonas-pavimentadas-en-el-jardin\/\",\"name\":\"Zonas pavimentadas en el jard\u00edn\",\"isPartOf\":{\"@id\":\"https:\/\/esildealba.com\/blog\/#website\"},\"primaryImageOfPage\":{\"@id\":\"https:\/\/esildealba.com\/blog\/zonas-pavimentadas-en-el-jardin\/#primaryimage\"},\"image\":{\"@id\":\"https:\/\/esildealba.com\/blog\/zonas-pavimentadas-en-el-jardin\/#primaryimage\"},\"thumbnailUrl\":\"https:\/\/esildealba.com\/blog\/wp-content\/uploads\/2026\/04\/SOLADO-JARDIN.jpg\",\"datePublished\":\"2026-04-30T11:40:13+00:00\",\"dateModified\":\"2026-04-30T11:40:14+00:00\",\"author\":{\"@id\":\"https:\/\/esildealba.com\/blog\/#\/schema\/person\/6119b6b1a205fafb9d8f78934e629201\"},\"description\":\"Las zonas pavimentadas en el jard\u00edn son clave para dar forma, funcionalidad y estilo a cualquier espacio exterior.\",\"breadcrumb\":{\"@id\":\"https:\/\/esildealba.com\/blog\/zonas-pavimentadas-en-el-jardin\/#breadcrumb\"},\"inLanguage\":\"es\",\"potentialAction\":[{\"@type\":\"ReadAction\",\"target\":[\"https:\/\/esildealba.com\/blog\/zonas-pavimentadas-en-el-jardin\/\"]}]},{\"@type\":\"ImageObject\",\"inLanguage\":\"es\",\"@id\":\"https:\/\/esildealba.com\/blog\/zonas-pavimentadas-en-el-jardin\/#primaryimage\",\"url\":\"https:\/\/esildealba.com\/blog\/wp-content\/uploads\/2026\/04\/SOLADO-JARDIN.jpg\",\"contentUrl\":\"https:\/\/esildealba.com\/blog\/wp-content\/uploads\/2026\/04\/SOLADO-JARDIN.jpg\",\"width\":1448,\"height\":1086,\"caption\":\"Zonas pavimentadas en el jard\u00edn\"},{\"@type\":\"BreadcrumbList\",\"@id\":\"https:\/\/esildealba.com\/blog\/zonas-pavimentadas-en-el-jardin\/#breadcrumb\",\"itemListElement\":[{\"@type\":\"ListItem\",\"position\":1,\"name\":\"Portada\",\"item\":\"https:\/\/esildealba.com\/blog\/\"},{\"@type\":\"ListItem\",\"position\":2,\"name\":\"Zonas pavimentadas en el jard\u00edn: c\u00f3mo dise\u00f1arlas y elegir el mejor material\"}]},{\"@type\":\"WebSite\",\"@id\":\"https:\/\/esildealba.com\/blog\/#website\",\"url\":\"https:\/\/esildealba.com\/blog\/\",\"name\":\"El blog de Esil de Alba\",\"description\":\"Pavimentos, gres, azulejos y mobiliario del hogar en Madrid\",\"potentialAction\":[{\"@type\":\"SearchAction\",\"target\":{\"@type\":\"EntryPoint\",\"urlTemplate\":\"https:\/\/esildealba.com\/blog\/?s={search_term_string}\"},\"query-input\":{\"@type\":\"PropertyValueSpecification\",\"valueRequired\":true,\"valueName\":\"search_term_string\"}}],\"inLanguage\":\"es\"},{\"@type\":\"Person\",\"@id\":\"https:\/\/esildealba.com\/blog\/#\/schema\/person\/6119b6b1a205fafb9d8f78934e629201\",\"name\":\"adminesil\",\"image\":{\"@type\":\"ImageObject\",\"inLanguage\":\"es\",\"@id\":\"https:\/\/esildealba.com\/blog\/#\/schema\/person\/image\/\",\"url\":\"https:\/\/secure.gravatar.com\/avatar\/8485c6d1488deb63c7cedfd6362bb58533258598131f893c5efc794326c616e2?s=96&d=mm&r=g\",\"contentUrl\":\"https:\/\/secure.gravatar.com\/avatar\/8485c6d1488deb63c7cedfd6362bb58533258598131f893c5efc794326c616e2?s=96&d=mm&r=g\",\"caption\":\"adminesil\"},\"url\":\"https:\/\/esildealba.com\/blog\/author\/adminesil\/\"}]}<\/script>\n<!-- \/ Yoast SEO plugin. -->","yoast_head_json":{"title":"Zonas pavimentadas en el jard\u00edn","description":"Las zonas pavimentadas en el jard\u00edn son clave para dar forma, funcionalidad y estilo a cualquier espacio exterior.","robots":{"index":"index","follow":"follow","max-snippet":"max-snippet:-1","max-image-preview":"max-image-preview:large","max-video-preview":"max-video-preview:-1"},"canonical":"https:\/\/esildealba.com\/blog\/zonas-pavimentadas-en-el-jardin\/","og_locale":"es_ES","og_type":"article","og_title":"Zonas pavimentadas en el jard\u00edn","og_description":"Las zonas pavimentadas en el jard\u00edn son clave para dar forma, funcionalidad y estilo a cualquier espacio exterior.","og_url":"https:\/\/esildealba.com\/blog\/zonas-pavimentadas-en-el-jardin\/","og_site_name":"El blog de Esil de Alba","article_published_time":"2026-04-30T11:40:13+00:00","article_modified_time":"2026-04-30T11:40:14+00:00","og_image":[{"width":1448,"height":1086,"url":"https:\/\/esildealba.com\/blog\/wp-content\/uploads\/2026\/04\/SOLADO-JARDIN.jpg","type":"image\/jpeg"}],"author":"adminesil","twitter_card":"summary_large_image","twitter_misc":{"Escrito por":"adminesil","Tiempo de lectura":"3 minutos"},"schema":{"@context":"https:\/\/schema.org","@graph":[{"@type":"Article","@id":"https:\/\/esildealba.com\/blog\/zonas-pavimentadas-en-el-jardin\/#article","isPartOf":{"@id":"https:\/\/esildealba.com\/blog\/zonas-pavimentadas-en-el-jardin\/"},"author":{"name":"adminesil","@id":"https:\/\/esildealba.com\/blog\/#\/schema\/person\/6119b6b1a205fafb9d8f78934e629201"},"headline":"Zonas pavimentadas en el jard\u00edn: c\u00f3mo dise\u00f1arlas y elegir el mejor material","datePublished":"2026-04-30T11:40:13+00:00","dateModified":"2026-04-30T11:40:14+00:00","mainEntityOfPage":{"@id":"https:\/\/esildealba.com\/blog\/zonas-pavimentadas-en-el-jardin\/"},"wordCount":632,"commentCount":0,"image":{"@id":"https:\/\/esildealba.com\/blog\/zonas-pavimentadas-en-el-jardin\/#primaryimage"},"thumbnailUrl":"https:\/\/esildealba.com\/blog\/wp-content\/uploads\/2026\/04\/SOLADO-JARDIN.jpg","articleSection":["Azulejos y pavimentos","Cer\u00e1mica para exterior"],"inLanguage":"es","potentialAction":[{"@type":"CommentAction","name":"Comment","target":["https:\/\/esildealba.com\/blog\/zonas-pavimentadas-en-el-jardin\/#respond"]}]},{"@type":"WebPage","@id":"https:\/\/esildealba.com\/blog\/zonas-pavimentadas-en-el-jardin\/","url":"https:\/\/esildealba.com\/blog\/zonas-pavimentadas-en-el-jardin\/","name":"Zonas pavimentadas en el jard\u00edn","isPartOf":{"@id":"https:\/\/esildealba.com\/blog\/#website"},"primaryImageOfPage":{"@id":"https:\/\/esildealba.com\/blog\/zonas-pavimentadas-en-el-jardin\/#primaryimage"},"image":{"@id":"https:\/\/esildealba.com\/blog\/zonas-pavimentadas-en-el-jardin\/#primaryimage"},"thumbnailUrl":"https:\/\/esildealba.com\/blog\/wp-content\/uploads\/2026\/04\/SOLADO-JARDIN.jpg","datePublished":"2026-04-30T11:40:13+00:00","dateModified":"2026-04-30T11:40:14+00:00","author":{"@id":"https:\/\/esildealba.com\/blog\/#\/schema\/person\/6119b6b1a205fafb9d8f78934e629201"},"description":"Las zonas pavimentadas en el jard\u00edn son clave para dar forma, funcionalidad y estilo a cualquier espacio exterior.","breadcrumb":{"@id":"https:\/\/esildealba.com\/blog\/zonas-pavimentadas-en-el-jardin\/#breadcrumb"},"inLanguage":"es","potentialAction":[{"@type":"ReadAction","target":["https:\/\/esildealba.com\/blog\/zonas-pavimentadas-en-el-jardin\/"]}]},{"@type":"ImageObject","inLanguage":"es","@id":"https:\/\/esildealba.com\/blog\/zonas-pavimentadas-en-el-jardin\/#primaryimage","url":"https:\/\/esildealba.com\/blog\/wp-content\/uploads\/2026\/04\/SOLADO-JARDIN.jpg","contentUrl":"https:\/\/esildealba.com\/blog\/wp-content\/uploads\/2026\/04\/SOLADO-JARDIN.jpg","width":1448,"height":1086,"caption":"Zonas pavimentadas en el jard\u00edn"},{"@type":"BreadcrumbList","@id":"https:\/\/esildealba.com\/blog\/zonas-pavimentadas-en-el-jardin\/#breadcrumb","itemListElement":[{"@type":"ListItem","position":1,"name":"Portada","item":"https:\/\/esildealba.com\/blog\/"},{"@type":"ListItem","position":2,"name":"Zonas pavimentadas en el jard\u00edn: c\u00f3mo dise\u00f1arlas y elegir el mejor material"}]},{"@type":"WebSite","@id":"https:\/\/esildealba.com\/blog\/#website","url":"https:\/\/esildealba.com\/blog\/","name":"El blog de Esil de Alba","description":"Pavimentos, gres, azulejos y mobiliario del hogar en Madrid","potentialAction":[{"@type":"SearchAction","target":{"@type":"EntryPoint","urlTemplate":"https:\/\/esildealba.com\/blog\/?s={search_term_string}"},"query-input":{"@type":"PropertyValueSpecification","valueRequired":true,"valueName":"search_term_string"}}],"inLanguage":"es"},{"@type":"Person","@id":"https:\/\/esildealba.com\/blog\/#\/schema\/person\/6119b6b1a205fafb9d8f78934e629201","name":"adminesil","image":{"@type":"ImageObject","inLanguage":"es","@id":"https:\/\/esildealba.com\/blog\/#\/schema\/person\/image\/","url":"https:\/\/secure.gravatar.com\/avatar\/8485c6d1488deb63c7cedfd6362bb58533258598131f893c5efc794326c616e2?s=96&d=mm&r=g","contentUrl":"https:\/\/secure.gravatar.com\/avatar\/8485c6d1488deb63c7cedfd6362bb58533258598131f893c5efc794326c616e2?s=96&d=mm&r=g","caption":"adminesil"},"url":"https:\/\/esildealba.com\/blog\/author\/adminesil\/"}]}},"_links":{"self":[{"href":"https:\/\/esildealba.com\/blog\/wp-json\/wp\/v2\/posts\/2307","targetHints":{"allow":["GET"]}}],"collection":[{"href":"https:\/\/esildealba.com\/blog\/wp-json\/wp\/v2\/posts"}],"about":[{"href":"https:\/\/esildealba.com\/blog\/wp-json\/wp\/v2\/types\/post"}],"author":[{"embeddable":true,"href":"https:\/\/esildealba.com\/blog\/wp-json\/wp\/v2\/users\/1"}],"replies":[{"embeddable":true,"href":"https:\/\/esildealba.com\/blog\/wp-json\/wp\/v2\/comments?post=2307"}],"version-history":[{"count":1,"href":"https:\/\/esildealba.com\/blog\/wp-json\/wp\/v2\/posts\/2307\/revisions"}],"predecessor-version":[{"id":2309,"href":"https:\/\/esildealba.com\/blog\/wp-json\/wp\/v2\/posts\/2307\/revisions\/2309"}],"wp:featuredmedia":[{"embeddable":true,"href":"https:\/\/esildealba.com\/blog\/wp-json\/wp\/v2\/media\/2308"}],"wp:attachment":[{"href":"https:\/\/esildealba.com\/blog\/wp-json\/wp\/v2\/media?parent=2307"}],"wp:term":[{"taxonomy":"category","embeddable":true,"href":"https:\/\/esildealba.com\/blog\/wp-json\/wp\/v2\/categories?post=2307"},{"taxonomy":"post_tag","embeddable":true,"href":"https:\/\/esildealba.com\/blog\/wp-json\/wp\/v2\/tags?post=2307"}],"curies":[{"name":"wp","href":"https:\/\/api.w.org\/{rel}","templated":true}]}}