{"id":360,"date":"2018-05-17T13:55:17","date_gmt":"2018-05-17T13:55:17","guid":{"rendered":"http:\/\/esildealba.com\/blog\/?p=360"},"modified":"2018-05-17T13:56:32","modified_gmt":"2018-05-17T13:56:32","slug":"comedor-exterior-terrazas-porches","status":"publish","type":"post","link":"https:\/\/esildealba.com\/blog\/comedor-exterior-terrazas-porches\/","title":{"rendered":"Comedor exterior: muebles y decoraci\u00f3n en terrazas y porches."},"content":{"rendered":"<h5><strong>Se acerca el verano, los d\u00edas son m\u00e1s largos y c\u00e1lidos&#8230; Nos apetece sentir el aire fresco en nuestras terrazas, patios porches y jardines! En un comedor exterior disfrutaremos de los mejores almuerzos y veladas al aire libre!<\/strong><\/h5>\n<p>Si en nuestro hogar contamos con un lugar al <strong>aire libre<\/strong> en el que dispongamos del espacio suficiente para al menos una mesita y dos sillas, ya podemos <strong>crear nuestro rinc\u00f3n para disfrutar de desayunos, comidas y cenas en nuestro comedor de exterior<\/strong>. Indudablemente, a mayor espacio, podremos tener m\u00e1s comensales fuera. Pero en un espacio peque\u00f1o tambi\u00e9n podemos crear un comedor exterior en el que disfrutar de un buen libro y una taza de caf\u00e9 o con nuestra pareja.<\/p>\n<div id=\"attachment_363\" style=\"width: 810px\" class=\"wp-caption alignnone\"><img loading=\"lazy\" decoding=\"async\" aria-describedby=\"caption-attachment-363\" class=\"size-full wp-image-363\" src=\"https:\/\/esildealba.com\/blog\/wp-content\/uploads\/2018\/05\/madison.jpg\" alt=\"Comedor exterior modelo Madison.\" width=\"800\" height=\"800\" \/><p id=\"caption-attachment-363\" class=\"wp-caption-text\">Comedor exterior modelo Madison.<\/p><\/div>\n<p><strong>Acondicionar y decorar<\/strong> este espacio de nuestro hogar de la mejor forma depende de varios factores. Es importante elegir el <strong>mobiliario de exterior acorde al espacio del que disponemos y a su funcionalidad<\/strong>. Con los complementos conseguiremos aportarle al conjunto de la decoraci\u00f3n nuestra propia personalidad.<\/p>\n<p>Con respecto a los muebles, tanto la mesa como las sillas y sillones deben ser <strong>muebles para exterior<\/strong>. Preparados para estar expuestos a la luz solar y a las posibles inclemencias del tiempo. Existen en el mercado cojines realizados en telas con estas mismas caracter\u00edsticas.<\/p>\n<div id=\"attachment_362\" style=\"width: 810px\" class=\"wp-caption alignnone\"><img loading=\"lazy\" decoding=\"async\" aria-describedby=\"caption-attachment-362\" class=\"size-full wp-image-362\" src=\"https:\/\/esildealba.com\/blog\/wp-content\/uploads\/2018\/05\/Calderansillonmesa.jpg\" alt=\"Comedor exterior modelo Calder\u00e1n Nautic.\" width=\"800\" height=\"1032\" \/><p id=\"caption-attachment-362\" class=\"wp-caption-text\">Comedor exterior modelo Calderan Nautic.<\/p><\/div>\n<p>Para la decoraci\u00f3n, en nuestra terraza o patio, <strong>las macetas con plantas vistosas, son protagonistas<\/strong>. Las flores tanto en las macetas, como en jarrones y en los estampados de los cojines aportar\u00e1n un estilo rom\u00e1ntico. Podemos jugar con los colores de accesorios como farolillos y centros de mesa. <strong>Por la noche, podemos crear una iluminaci\u00f3n \u00edntima y rom\u00e1ntica jugando con la luz de las velas estrat\u00e9gicamente colocadas.<\/strong><\/p>\n<p><strong>En Esil de Alba somos especialistas en decoraci\u00f3n<\/strong>. \u00c9chale un vistazo a nuestro <strong><a href=\"http:\/\/www.esildealba.com\/categorias\/mobiliario-del-hogar_2\/exterior_18\" target=\"_blank\" rel=\"noopener\">cat\u00e1logo<\/a> de muebles para exterior<\/strong>. Encontrar\u00e1s las \u00faltimas tendencias en sillones relax, comedores exterior, conjuntos y mucho m\u00e1s! Tambi\u00e9n puedes venir a visitarnos a <a href=\"http:\/\/www.esildealba.com\/contacto.php\" target=\"_blank\" rel=\"noopener\">nuestra exposici\u00f3n<\/a> en Alpedrete, Madrid. Te esperamos!<\/p>\n","protected":false},"excerpt":{"rendered":"<p>Se acerca el verano, los d\u00edas son m\u00e1s largos y c\u00e1lidos&#8230; Nos apetece sentir el aire fresco en nuestras terrazas, patios porches y jardines! En un comedor exterior disfrutaremos de los mejores almuerzos y veladas al aire libre!<\/p>\n<p>Si en nuestro hogar contamos con un lugar al aire libre en el que dispongamos del espacio suficiente para al menos una mesita y dos sillas, ya podemos crear nuestro rinc\u00f3n para disfrutar de desayunos, comidas y cenas en nuestro comedor de exterior. Indudablemente, a mayor espacio, podremos tener m\u00e1s comensales fuera. Pero en un espacio peque\u00f1o tambi\u00e9n podemos crear un comedor exterior en el que disfrutar de un buen libro y una taza de caf\u00e9 o con nuestra pareja.<\/p>\n","protected":false},"author":1,"featured_media":364,"comment_status":"open","ping_status":"open","sticky":false,"template":"","format":"standard","meta":{"footnotes":""},"categories":[5,48],"tags":[49,10,21],"class_list":["post-360","post","type-post","status-publish","format-standard","has-post-thumbnail","hentry","category-mobiliario-hogar-madrid","category-muebles-para-exterior","tag-comedor-exterior","tag-decoracion","tag-muebles-del-hogar"],"yoast_head":"<!-- This site is optimized with the Yoast SEO plugin v27.0 - https:\/\/yoast.com\/product\/yoast-seo-wordpress\/ -->\n<title>Comedor exterior: muebles y decoraci\u00f3n en terrazas y porches.<\/title>\n<meta name=\"description\" content=\"Si contamos en casa con un lugar al aire libre, ya sea terraza, patio, porche o jard\u00edn, podemos crear un espacio ideal con un comedor exterior.\" \/>\n<meta name=\"robots\" content=\"index, follow, max-snippet:-1, max-image-preview:large, max-video-preview:-1\" \/>\n<link rel=\"canonical\" href=\"https:\/\/esildealba.com\/blog\/comedor-exterior-terrazas-porches\/\" \/>\n<meta property=\"og:locale\" content=\"es_ES\" \/>\n<meta property=\"og:type\" content=\"article\" \/>\n<meta property=\"og:title\" content=\"Comedor exterior: muebles y decoraci\u00f3n en terrazas y porches.\" \/>\n<meta property=\"og:description\" content=\"Si contamos en casa con un lugar al aire libre, ya sea terraza, patio, porche o jard\u00edn, podemos crear un espacio ideal con un comedor exterior.\" \/>\n<meta property=\"og:url\" content=\"https:\/\/esildealba.com\/blog\/comedor-exterior-terrazas-porches\/\" \/>\n<meta property=\"og:site_name\" content=\"El blog de Esil de Alba\" \/>\n<meta property=\"article:published_time\" content=\"2018-05-17T13:55:17+00:00\" \/>\n<meta property=\"article:modified_time\" content=\"2018-05-17T13:56:32+00:00\" \/>\n<meta property=\"og:image\" content=\"https:\/\/esildealba.com\/blog\/wp-content\/uploads\/2018\/05\/skylinedinasty.jpg\" \/>\n\t<meta property=\"og:image:width\" content=\"800\" \/>\n\t<meta property=\"og:image:height\" content=\"600\" \/>\n\t<meta property=\"og:image:type\" content=\"image\/jpeg\" \/>\n<meta name=\"author\" content=\"adminesil\" \/>\n<meta name=\"twitter:card\" content=\"summary_large_image\" \/>\n<meta name=\"twitter:label1\" content=\"Escrito por\" \/>\n\t<meta name=\"twitter:data1\" content=\"adminesil\" \/>\n\t<meta name=\"twitter:label2\" content=\"Tiempo de lectura\" \/>\n\t<meta name=\"twitter:data2\" content=\"2 minutos\" \/>\n<script type=\"application\/ld+json\" class=\"yoast-schema-graph\">{\"@context\":\"https:\/\/schema.org\",\"@graph\":[{\"@type\":\"Article\",\"@id\":\"https:\/\/esildealba.com\/blog\/comedor-exterior-terrazas-porches\/#article\",\"isPartOf\":{\"@id\":\"https:\/\/esildealba.com\/blog\/comedor-exterior-terrazas-porches\/\"},\"author\":{\"name\":\"adminesil\",\"@id\":\"https:\/\/esildealba.com\/blog\/#\/schema\/person\/6119b6b1a205fafb9d8f78934e629201\"},\"headline\":\"Comedor exterior: muebles y decoraci\u00f3n en terrazas y porches.\",\"datePublished\":\"2018-05-17T13:55:17+00:00\",\"dateModified\":\"2018-05-17T13:56:32+00:00\",\"mainEntityOfPage\":{\"@id\":\"https:\/\/esildealba.com\/blog\/comedor-exterior-terrazas-porches\/\"},\"wordCount\":374,\"commentCount\":0,\"image\":{\"@id\":\"https:\/\/esildealba.com\/blog\/comedor-exterior-terrazas-porches\/#primaryimage\"},\"thumbnailUrl\":\"https:\/\/esildealba.com\/blog\/wp-content\/uploads\/2018\/05\/skylinedinasty.jpg\",\"keywords\":[\"comedor exterior\",\"decoraci\u00f3n\",\"muebles del hogar\"],\"articleSection\":[\"Mobiliario del hogar\",\"Muebles para exterior\"],\"inLanguage\":\"es\",\"potentialAction\":[{\"@type\":\"CommentAction\",\"name\":\"Comment\",\"target\":[\"https:\/\/esildealba.com\/blog\/comedor-exterior-terrazas-porches\/#respond\"]}]},{\"@type\":\"WebPage\",\"@id\":\"https:\/\/esildealba.com\/blog\/comedor-exterior-terrazas-porches\/\",\"url\":\"https:\/\/esildealba.com\/blog\/comedor-exterior-terrazas-porches\/\",\"name\":\"Comedor exterior: muebles y decoraci\u00f3n en terrazas y porches.\",\"isPartOf\":{\"@id\":\"https:\/\/esildealba.com\/blog\/#website\"},\"primaryImageOfPage\":{\"@id\":\"https:\/\/esildealba.com\/blog\/comedor-exterior-terrazas-porches\/#primaryimage\"},\"image\":{\"@id\":\"https:\/\/esildealba.com\/blog\/comedor-exterior-terrazas-porches\/#primaryimage\"},\"thumbnailUrl\":\"https:\/\/esildealba.com\/blog\/wp-content\/uploads\/2018\/05\/skylinedinasty.jpg\",\"datePublished\":\"2018-05-17T13:55:17+00:00\",\"dateModified\":\"2018-05-17T13:56:32+00:00\",\"author\":{\"@id\":\"https:\/\/esildealba.com\/blog\/#\/schema\/person\/6119b6b1a205fafb9d8f78934e629201\"},\"description\":\"Si contamos en casa con un lugar al aire libre, ya sea terraza, patio, porche o jard\u00edn, podemos crear un espacio ideal con un comedor exterior.\",\"breadcrumb\":{\"@id\":\"https:\/\/esildealba.com\/blog\/comedor-exterior-terrazas-porches\/#breadcrumb\"},\"inLanguage\":\"es\",\"potentialAction\":[{\"@type\":\"ReadAction\",\"target\":[\"https:\/\/esildealba.com\/blog\/comedor-exterior-terrazas-porches\/\"]}]},{\"@type\":\"ImageObject\",\"inLanguage\":\"es\",\"@id\":\"https:\/\/esildealba.com\/blog\/comedor-exterior-terrazas-porches\/#primaryimage\",\"url\":\"https:\/\/esildealba.com\/blog\/wp-content\/uploads\/2018\/05\/skylinedinasty.jpg\",\"contentUrl\":\"https:\/\/esildealba.com\/blog\/wp-content\/uploads\/2018\/05\/skylinedinasty.jpg\",\"width\":800,\"height\":600,\"caption\":\"Comedor exterio modelo Dynasty.\"},{\"@type\":\"BreadcrumbList\",\"@id\":\"https:\/\/esildealba.com\/blog\/comedor-exterior-terrazas-porches\/#breadcrumb\",\"itemListElement\":[{\"@type\":\"ListItem\",\"position\":1,\"name\":\"Portada\",\"item\":\"https:\/\/esildealba.com\/blog\/\"},{\"@type\":\"ListItem\",\"position\":2,\"name\":\"Comedor exterior: muebles y decoraci\u00f3n en terrazas y porches.\"}]},{\"@type\":\"WebSite\",\"@id\":\"https:\/\/esildealba.com\/blog\/#website\",\"url\":\"https:\/\/esildealba.com\/blog\/\",\"name\":\"El blog de Esil de Alba\",\"description\":\"Pavimentos, gres, azulejos y mobiliario del hogar en Madrid\",\"potentialAction\":[{\"@type\":\"SearchAction\",\"target\":{\"@type\":\"EntryPoint\",\"urlTemplate\":\"https:\/\/esildealba.com\/blog\/?s={search_term_string}\"},\"query-input\":{\"@type\":\"PropertyValueSpecification\",\"valueRequired\":true,\"valueName\":\"search_term_string\"}}],\"inLanguage\":\"es\"},{\"@type\":\"Person\",\"@id\":\"https:\/\/esildealba.com\/blog\/#\/schema\/person\/6119b6b1a205fafb9d8f78934e629201\",\"name\":\"adminesil\",\"image\":{\"@type\":\"ImageObject\",\"inLanguage\":\"es\",\"@id\":\"https:\/\/esildealba.com\/blog\/#\/schema\/person\/image\/\",\"url\":\"https:\/\/secure.gravatar.com\/avatar\/8485c6d1488deb63c7cedfd6362bb58533258598131f893c5efc794326c616e2?s=96&d=mm&r=g\",\"contentUrl\":\"https:\/\/secure.gravatar.com\/avatar\/8485c6d1488deb63c7cedfd6362bb58533258598131f893c5efc794326c616e2?s=96&d=mm&r=g\",\"caption\":\"adminesil\"},\"url\":\"https:\/\/esildealba.com\/blog\/author\/adminesil\/\"}]}<\/script>\n<!-- \/ Yoast SEO plugin. -->","yoast_head_json":{"title":"Comedor exterior: muebles y decoraci\u00f3n en terrazas y porches.","description":"Si contamos en casa con un lugar al aire libre, ya sea terraza, patio, porche o jard\u00edn, podemos crear un espacio ideal con un comedor exterior.","robots":{"index":"index","follow":"follow","max-snippet":"max-snippet:-1","max-image-preview":"max-image-preview:large","max-video-preview":"max-video-preview:-1"},"canonical":"https:\/\/esildealba.com\/blog\/comedor-exterior-terrazas-porches\/","og_locale":"es_ES","og_type":"article","og_title":"Comedor exterior: muebles y decoraci\u00f3n en terrazas y porches.","og_description":"Si contamos en casa con un lugar al aire libre, ya sea terraza, patio, porche o jard\u00edn, podemos crear un espacio ideal con un comedor exterior.","og_url":"https:\/\/esildealba.com\/blog\/comedor-exterior-terrazas-porches\/","og_site_name":"El blog de Esil de Alba","article_published_time":"2018-05-17T13:55:17+00:00","article_modified_time":"2018-05-17T13:56:32+00:00","og_image":[{"width":800,"height":600,"url":"https:\/\/esildealba.com\/blog\/wp-content\/uploads\/2018\/05\/skylinedinasty.jpg","type":"image\/jpeg"}],"author":"adminesil","twitter_card":"summary_large_image","twitter_misc":{"Escrito por":"adminesil","Tiempo de lectura":"2 minutos"},"schema":{"@context":"https:\/\/schema.org","@graph":[{"@type":"Article","@id":"https:\/\/esildealba.com\/blog\/comedor-exterior-terrazas-porches\/#article","isPartOf":{"@id":"https:\/\/esildealba.com\/blog\/comedor-exterior-terrazas-porches\/"},"author":{"name":"adminesil","@id":"https:\/\/esildealba.com\/blog\/#\/schema\/person\/6119b6b1a205fafb9d8f78934e629201"},"headline":"Comedor exterior: muebles y decoraci\u00f3n en terrazas y porches.","datePublished":"2018-05-17T13:55:17+00:00","dateModified":"2018-05-17T13:56:32+00:00","mainEntityOfPage":{"@id":"https:\/\/esildealba.com\/blog\/comedor-exterior-terrazas-porches\/"},"wordCount":374,"commentCount":0,"image":{"@id":"https:\/\/esildealba.com\/blog\/comedor-exterior-terrazas-porches\/#primaryimage"},"thumbnailUrl":"https:\/\/esildealba.com\/blog\/wp-content\/uploads\/2018\/05\/skylinedinasty.jpg","keywords":["comedor exterior","decoraci\u00f3n","muebles del hogar"],"articleSection":["Mobiliario del hogar","Muebles para exterior"],"inLanguage":"es","potentialAction":[{"@type":"CommentAction","name":"Comment","target":["https:\/\/esildealba.com\/blog\/comedor-exterior-terrazas-porches\/#respond"]}]},{"@type":"WebPage","@id":"https:\/\/esildealba.com\/blog\/comedor-exterior-terrazas-porches\/","url":"https:\/\/esildealba.com\/blog\/comedor-exterior-terrazas-porches\/","name":"Comedor exterior: muebles y decoraci\u00f3n en terrazas y porches.","isPartOf":{"@id":"https:\/\/esildealba.com\/blog\/#website"},"primaryImageOfPage":{"@id":"https:\/\/esildealba.com\/blog\/comedor-exterior-terrazas-porches\/#primaryimage"},"image":{"@id":"https:\/\/esildealba.com\/blog\/comedor-exterior-terrazas-porches\/#primaryimage"},"thumbnailUrl":"https:\/\/esildealba.com\/blog\/wp-content\/uploads\/2018\/05\/skylinedinasty.jpg","datePublished":"2018-05-17T13:55:17+00:00","dateModified":"2018-05-17T13:56:32+00:00","author":{"@id":"https:\/\/esildealba.com\/blog\/#\/schema\/person\/6119b6b1a205fafb9d8f78934e629201"},"description":"Si contamos en casa con un lugar al aire libre, ya sea terraza, patio, porche o jard\u00edn, podemos crear un espacio ideal con un comedor exterior.","breadcrumb":{"@id":"https:\/\/esildealba.com\/blog\/comedor-exterior-terrazas-porches\/#breadcrumb"},"inLanguage":"es","potentialAction":[{"@type":"ReadAction","target":["https:\/\/esildealba.com\/blog\/comedor-exterior-terrazas-porches\/"]}]},{"@type":"ImageObject","inLanguage":"es","@id":"https:\/\/esildealba.com\/blog\/comedor-exterior-terrazas-porches\/#primaryimage","url":"https:\/\/esildealba.com\/blog\/wp-content\/uploads\/2018\/05\/skylinedinasty.jpg","contentUrl":"https:\/\/esildealba.com\/blog\/wp-content\/uploads\/2018\/05\/skylinedinasty.jpg","width":800,"height":600,"caption":"Comedor exterio modelo Dynasty."},{"@type":"BreadcrumbList","@id":"https:\/\/esildealba.com\/blog\/comedor-exterior-terrazas-porches\/#breadcrumb","itemListElement":[{"@type":"ListItem","position":1,"name":"Portada","item":"https:\/\/esildealba.com\/blog\/"},{"@type":"ListItem","position":2,"name":"Comedor exterior: muebles y decoraci\u00f3n en terrazas y porches."}]},{"@type":"WebSite","@id":"https:\/\/esildealba.com\/blog\/#website","url":"https:\/\/esildealba.com\/blog\/","name":"El blog de Esil de Alba","description":"Pavimentos, gres, azulejos y mobiliario del hogar en Madrid","potentialAction":[{"@type":"SearchAction","target":{"@type":"EntryPoint","urlTemplate":"https:\/\/esildealba.com\/blog\/?s={search_term_string}"},"query-input":{"@type":"PropertyValueSpecification","valueRequired":true,"valueName":"search_term_string"}}],"inLanguage":"es"},{"@type":"Person","@id":"https:\/\/esildealba.com\/blog\/#\/schema\/person\/6119b6b1a205fafb9d8f78934e629201","name":"adminesil","image":{"@type":"ImageObject","inLanguage":"es","@id":"https:\/\/esildealba.com\/blog\/#\/schema\/person\/image\/","url":"https:\/\/secure.gravatar.com\/avatar\/8485c6d1488deb63c7cedfd6362bb58533258598131f893c5efc794326c616e2?s=96&d=mm&r=g","contentUrl":"https:\/\/secure.gravatar.com\/avatar\/8485c6d1488deb63c7cedfd6362bb58533258598131f893c5efc794326c616e2?s=96&d=mm&r=g","caption":"adminesil"},"url":"https:\/\/esildealba.com\/blog\/author\/adminesil\/"}]}},"_links":{"self":[{"href":"https:\/\/esildealba.com\/blog\/wp-json\/wp\/v2\/posts\/360","targetHints":{"allow":["GET"]}}],"collection":[{"href":"https:\/\/esildealba.com\/blog\/wp-json\/wp\/v2\/posts"}],"about":[{"href":"https:\/\/esildealba.com\/blog\/wp-json\/wp\/v2\/types\/post"}],"author":[{"embeddable":true,"href":"https:\/\/esildealba.com\/blog\/wp-json\/wp\/v2\/users\/1"}],"replies":[{"embeddable":true,"href":"https:\/\/esildealba.com\/blog\/wp-json\/wp\/v2\/comments?post=360"}],"version-history":[{"count":2,"href":"https:\/\/esildealba.com\/blog\/wp-json\/wp\/v2\/posts\/360\/revisions"}],"predecessor-version":[{"id":366,"href":"https:\/\/esildealba.com\/blog\/wp-json\/wp\/v2\/posts\/360\/revisions\/366"}],"wp:featuredmedia":[{"embeddable":true,"href":"https:\/\/esildealba.com\/blog\/wp-json\/wp\/v2\/media\/364"}],"wp:attachment":[{"href":"https:\/\/esildealba.com\/blog\/wp-json\/wp\/v2\/media?parent=360"}],"wp:term":[{"taxonomy":"category","embeddable":true,"href":"https:\/\/esildealba.com\/blog\/wp-json\/wp\/v2\/categories?post=360"},{"taxonomy":"post_tag","embeddable":true,"href":"https:\/\/esildealba.com\/blog\/wp-json\/wp\/v2\/tags?post=360"}],"curies":[{"name":"wp","href":"https:\/\/api.w.org\/{rel}","templated":true}]}}