{"id":392,"date":"2018-06-08T12:00:46","date_gmt":"2018-06-08T12:00:46","guid":{"rendered":"http:\/\/esildealba.com\/blog\/?p=392"},"modified":"2018-06-08T12:03:23","modified_gmt":"2018-06-08T12:03:23","slug":"muebles-para-el-dormitorio-propuestas-con-estilo-propio","status":"publish","type":"post","link":"https:\/\/esildealba.com\/blog\/muebles-para-el-dormitorio-propuestas-con-estilo-propio\/","title":{"rendered":"Muebles para el dormitorio: propuestas con estilo propio!"},"content":{"rendered":"<h5><strong>El dormitorio es uno de los espacios m\u00e1s \u00edntimos de nuestro hogar. Aqu\u00ed es donde descansamos, nos relajamos, solemos vestirnos y en muchas ocasiones disfrutamos de nuestro tiempo libre<\/strong>.<\/h5>\n<p><strong>Al ser el dormitorio un espacio tan personal, elegir los muebles adecuados es una tarea complicada pero al mismo tiempo muy grata.<\/strong> Los muebles para el dormitorio deben ir por supuesto acordes a nuestros gustos. Pero tambi\u00e9n debemos tener en cuenta que nos van a durar mucho tiempo, por lo que debemos pensar bien qu\u00e9 tipo de muebles y qu\u00e9 estilo elegimos. Decidiremos los materiales, los colores, los elementos&#8230; y luego con el paso del tiempo iremos cambiando los complemento. Esto nos permitir\u00e1 darle una vuelta al look de nuestra habitaci\u00f3n sin tener que cambiar los muebles para el dormitorio.<\/p>\n<h6><strong>Elegancia y maderas nobles.<\/strong><\/h6>\n<p>Para aquellos que les gusta un estilo entre <strong>cl\u00e1sico y moderno<\/strong> al mismo tiempo, <strong>un dormitorio que combine las maderas nobles con el dise\u00f1o en l\u00edneas rectas ser\u00e1 ideal<\/strong>. En nuestro cat\u00e1logo podr\u00e1s encontrar la <strong>Colecci\u00f3n Soho<\/strong>, que se ajusta perfectamente a estas caracter\u00edsticas. Est\u00e1 realizada en <strong>maderas de alt\u00edsima calidad<\/strong> y combinando tonos oscuros con los claros de los frontales de los cajones y en el cabecero acolchado. <strong>Elegancia cl\u00e1sica en un conjunto de muebles para el dormitorio de estilo moderno<\/strong>.<\/p>\n<div id=\"attachment_395\" style=\"width: 810px\" class=\"wp-caption alignnone\"><img loading=\"lazy\" decoding=\"async\" aria-describedby=\"caption-attachment-395\" class=\"size-full wp-image-395\" src=\"https:\/\/esildealba.com\/blog\/wp-content\/uploads\/2018\/06\/Sohobedroom.jpg\" alt=\"Muebles para el dormitorio Colecci\u00f3n Soho.\" width=\"800\" height=\"600\" \/><p id=\"caption-attachment-395\" class=\"wp-caption-text\">Muebles para el dormitorio Colecci\u00f3n Soho.<\/p><\/div>\n<h6><strong>Rom\u00e1ntic@s incurables.<\/strong><\/h6>\n<p>Nuestros conjuntos para dormitorio <strong>Michelle<\/strong> y <strong>Alpes<\/strong> combinan el <strong>estilo rom\u00e1ntico<\/strong> con <strong>materiales de la mejor calidad<\/strong>. El conjunto de muebles para el dormitorio modelo <strong>Michelle<\/strong> est\u00e1 compuesto por las <strong>mesitas lacadas en blanco mate y la cama tapizada mustang con base canap\u00e9<\/strong>. Combinado con ropa de cama en tonos m\u00e1s oscuros se crear\u00e1 un bonito <strong>efecto contraste<\/strong>. El conjunto <strong>Alpes<\/strong> est\u00e1 realizado en <strong>madera de cerezo con tratamiento envejecido<\/strong>. Tanto las mesitas de noche como la estructura de la cama destacan por sus l\u00edneas y la combinaci\u00f3n de tonos en el dise\u00f1o.<\/p>\n<div id=\"attachment_396\" style=\"width: 810px\" class=\"wp-caption alignnone\"><img loading=\"lazy\" decoding=\"async\" aria-describedby=\"caption-attachment-396\" class=\"size-full wp-image-396\" src=\"https:\/\/esildealba.com\/blog\/wp-content\/uploads\/2018\/06\/AMB-18-bed0020.jpg\" alt=\"Muebles para el dormitorio Conjunto Michelle.\" width=\"800\" height=\"793\" \/><p id=\"caption-attachment-396\" class=\"wp-caption-text\">Conjunto Michelle.<\/p><\/div>\n<div id=\"attachment_397\" style=\"width: 810px\" class=\"wp-caption alignnone\"><img loading=\"lazy\" decoding=\"async\" aria-describedby=\"caption-attachment-397\" class=\"size-full wp-image-397\" src=\"https:\/\/esildealba.com\/blog\/wp-content\/uploads\/2018\/06\/ALPES-I.jpg\" alt=\"Muebles para el dormitorio Conjunto Alpes.\" width=\"800\" height=\"800\" \/><p id=\"caption-attachment-397\" class=\"wp-caption-text\">Conjunto Alpes.<\/p><\/div>\n<h6><strong>Muebles para el dormitorio: estilo y vanguardia.<\/strong><\/h6>\n<p>Para un estilo muy actual, nuestra colecci\u00f3n <strong>Ten<\/strong> est\u00e1 formada por una serie de <strong>piezas modernas y elegantes<\/strong>. El cabecero a dos alturas combina laca mate con roble natural. Esta combinaci\u00f3n elegancia, y al mismo tiempo <strong>la asimetr\u00eda de los elementos aporta dinamismo al conjunto<\/strong>. Es una colecci\u00f3n de muebles que combina de forma ideal con ropa de cama y complementos en colores sobrios y lisos. <strong>Perfectos para crear un ambiente de estilo moderno y cosmopolita.<\/strong><\/p>\n<div id=\"attachment_399\" style=\"width: 810px\" class=\"wp-caption alignnone\"><img loading=\"lazy\" decoding=\"async\" aria-describedby=\"caption-attachment-399\" class=\"size-full wp-image-399\" src=\"https:\/\/esildealba.com\/blog\/wp-content\/uploads\/2018\/06\/TQ13.jpg\" alt=\"Muebles para el dormitorio Colecci\u00f3n Ten.\" width=\"800\" height=\"445\" \/><p id=\"caption-attachment-399\" class=\"wp-caption-text\">Colecci\u00f3n Ten.<\/p><\/div>\n<p><strong>En Esil de Alba somos especialistas en decoraci\u00f3n. <\/strong>En nuestro <a href=\"http:\/\/www.esildealba.com\/categorias.php\"><strong>cat\u00e1logo<\/strong><\/a> y en <strong><a href=\"http:\/\/www.esildealba.com\/contacto.php\" target=\"_blank\" rel=\"noopener\">nuestra exposici\u00f3n<\/a><\/strong> en Alpedrete, Madrid, encontrar\u00e1s todo lo que necesitas para darle <strong>estilo a tu hogar<\/strong>. <strong>Te esperamos!<\/strong><\/p>\n","protected":false},"excerpt":{"rendered":"<p>El dormitorio es uno de los espacios m\u00e1s \u00edntimos de nuestro hogar. Aqu\u00ed es donde descansamos, nos relajamos, solemos vestirnos y en muchas ocasiones disfrutamos de nuestro tiempo libre.<\/p>\n<p>Al ser el dormitorio un espacio tan personal, elegir los muebles adecuados es una tarea complicada pero al mismo tiempo muy grata. Los muebles para el dormitorio deben ir por supuesto acordes a nuestros gustos. <\/p>\n","protected":false},"author":1,"featured_media":398,"comment_status":"open","ping_status":"open","sticky":false,"template":"","format":"standard","meta":{"footnotes":""},"categories":[18,5,40,1],"tags":[52,53,10,51,50,54],"class_list":["post-392","post","type-post","status-publish","format-standard","has-post-thumbnail","hentry","category-decoracion","category-mobiliario-hogar-madrid","category-muebles-auxiliares","category-uncategorized","tag-cama","tag-comoda","tag-decoracion","tag-mesillas","tag-muebles-para-el-dormitorio","tag-sinfonier"],"yoast_head":"<!-- This site is optimized with the Yoast SEO plugin v27.0 - https:\/\/yoast.com\/product\/yoast-seo-wordpress\/ -->\n<title>Muebles para el dormitorio: propuestas con estilo propio!<\/title>\n<meta name=\"description\" content=\"Al ser el dormitorio un espacio tan personal, elegir los muebles adecuados es una tarea complicada pero al mismo tiempo muy grata.\" \/>\n<meta name=\"robots\" content=\"index, follow, max-snippet:-1, max-image-preview:large, max-video-preview:-1\" \/>\n<link rel=\"canonical\" href=\"https:\/\/esildealba.com\/blog\/muebles-para-el-dormitorio-propuestas-con-estilo-propio\/\" \/>\n<meta property=\"og:locale\" content=\"es_ES\" \/>\n<meta property=\"og:type\" content=\"article\" \/>\n<meta property=\"og:title\" content=\"Muebles para el dormitorio: propuestas con estilo propio!\" \/>\n<meta property=\"og:description\" content=\"Al ser el dormitorio un espacio tan personal, elegir los muebles adecuados es una tarea complicada pero al mismo tiempo muy grata.\" \/>\n<meta property=\"og:url\" content=\"https:\/\/esildealba.com\/blog\/muebles-para-el-dormitorio-propuestas-con-estilo-propio\/\" \/>\n<meta property=\"og:site_name\" content=\"El blog de Esil de Alba\" \/>\n<meta property=\"article:published_time\" content=\"2018-06-08T12:00:46+00:00\" \/>\n<meta property=\"article:modified_time\" content=\"2018-06-08T12:03:23+00:00\" \/>\n<meta property=\"og:image\" content=\"https:\/\/esildealba.com\/blog\/wp-content\/uploads\/2018\/06\/AMB60001.jpg\" \/>\n\t<meta property=\"og:image:width\" content=\"800\" \/>\n\t<meta property=\"og:image:height\" content=\"450\" \/>\n\t<meta property=\"og:image:type\" content=\"image\/jpeg\" \/>\n<meta name=\"author\" content=\"adminesil\" \/>\n<meta name=\"twitter:card\" content=\"summary_large_image\" \/>\n<meta name=\"twitter:label1\" content=\"Escrito por\" \/>\n\t<meta name=\"twitter:data1\" content=\"adminesil\" \/>\n\t<meta name=\"twitter:label2\" content=\"Tiempo de lectura\" \/>\n\t<meta name=\"twitter:data2\" content=\"2 minutos\" \/>\n<script type=\"application\/ld+json\" class=\"yoast-schema-graph\">{\"@context\":\"https:\/\/schema.org\",\"@graph\":[{\"@type\":\"Article\",\"@id\":\"https:\/\/esildealba.com\/blog\/muebles-para-el-dormitorio-propuestas-con-estilo-propio\/#article\",\"isPartOf\":{\"@id\":\"https:\/\/esildealba.com\/blog\/muebles-para-el-dormitorio-propuestas-con-estilo-propio\/\"},\"author\":{\"name\":\"adminesil\",\"@id\":\"https:\/\/esildealba.com\/blog\/#\/schema\/person\/6119b6b1a205fafb9d8f78934e629201\"},\"headline\":\"Muebles para el dormitorio: propuestas con estilo propio!\",\"datePublished\":\"2018-06-08T12:00:46+00:00\",\"dateModified\":\"2018-06-08T12:03:23+00:00\",\"mainEntityOfPage\":{\"@id\":\"https:\/\/esildealba.com\/blog\/muebles-para-el-dormitorio-propuestas-con-estilo-propio\/\"},\"wordCount\":501,\"commentCount\":0,\"image\":{\"@id\":\"https:\/\/esildealba.com\/blog\/muebles-para-el-dormitorio-propuestas-con-estilo-propio\/#primaryimage\"},\"thumbnailUrl\":\"https:\/\/esildealba.com\/blog\/wp-content\/uploads\/2018\/06\/AMB60001.jpg\",\"keywords\":[\"cama\",\"c\u00f3moda\",\"decoraci\u00f3n\",\"mesillas\",\"muebles para el dormitorio\",\"sinfonier\"],\"articleSection\":[\"Decoraci\u00f3n\",\"Mobiliario del hogar\",\"Muebles auxiliares\",\"Uncategorized\"],\"inLanguage\":\"es\",\"potentialAction\":[{\"@type\":\"CommentAction\",\"name\":\"Comment\",\"target\":[\"https:\/\/esildealba.com\/blog\/muebles-para-el-dormitorio-propuestas-con-estilo-propio\/#respond\"]}]},{\"@type\":\"WebPage\",\"@id\":\"https:\/\/esildealba.com\/blog\/muebles-para-el-dormitorio-propuestas-con-estilo-propio\/\",\"url\":\"https:\/\/esildealba.com\/blog\/muebles-para-el-dormitorio-propuestas-con-estilo-propio\/\",\"name\":\"Muebles para el dormitorio: propuestas con estilo propio!\",\"isPartOf\":{\"@id\":\"https:\/\/esildealba.com\/blog\/#website\"},\"primaryImageOfPage\":{\"@id\":\"https:\/\/esildealba.com\/blog\/muebles-para-el-dormitorio-propuestas-con-estilo-propio\/#primaryimage\"},\"image\":{\"@id\":\"https:\/\/esildealba.com\/blog\/muebles-para-el-dormitorio-propuestas-con-estilo-propio\/#primaryimage\"},\"thumbnailUrl\":\"https:\/\/esildealba.com\/blog\/wp-content\/uploads\/2018\/06\/AMB60001.jpg\",\"datePublished\":\"2018-06-08T12:00:46+00:00\",\"dateModified\":\"2018-06-08T12:03:23+00:00\",\"author\":{\"@id\":\"https:\/\/esildealba.com\/blog\/#\/schema\/person\/6119b6b1a205fafb9d8f78934e629201\"},\"description\":\"Al ser el dormitorio un espacio tan personal, elegir los muebles adecuados es una tarea complicada pero al mismo tiempo muy grata.\",\"breadcrumb\":{\"@id\":\"https:\/\/esildealba.com\/blog\/muebles-para-el-dormitorio-propuestas-con-estilo-propio\/#breadcrumb\"},\"inLanguage\":\"es\",\"potentialAction\":[{\"@type\":\"ReadAction\",\"target\":[\"https:\/\/esildealba.com\/blog\/muebles-para-el-dormitorio-propuestas-con-estilo-propio\/\"]}]},{\"@type\":\"ImageObject\",\"inLanguage\":\"es\",\"@id\":\"https:\/\/esildealba.com\/blog\/muebles-para-el-dormitorio-propuestas-con-estilo-propio\/#primaryimage\",\"url\":\"https:\/\/esildealba.com\/blog\/wp-content\/uploads\/2018\/06\/AMB60001.jpg\",\"contentUrl\":\"https:\/\/esildealba.com\/blog\/wp-content\/uploads\/2018\/06\/AMB60001.jpg\",\"width\":800,\"height\":450,\"caption\":\"Colecci\u00f3n Par\u00eds.\"},{\"@type\":\"BreadcrumbList\",\"@id\":\"https:\/\/esildealba.com\/blog\/muebles-para-el-dormitorio-propuestas-con-estilo-propio\/#breadcrumb\",\"itemListElement\":[{\"@type\":\"ListItem\",\"position\":1,\"name\":\"Portada\",\"item\":\"https:\/\/esildealba.com\/blog\/\"},{\"@type\":\"ListItem\",\"position\":2,\"name\":\"Muebles para el dormitorio: propuestas con estilo propio!\"}]},{\"@type\":\"WebSite\",\"@id\":\"https:\/\/esildealba.com\/blog\/#website\",\"url\":\"https:\/\/esildealba.com\/blog\/\",\"name\":\"El blog de Esil de Alba\",\"description\":\"Pavimentos, gres, azulejos y mobiliario del hogar en Madrid\",\"potentialAction\":[{\"@type\":\"SearchAction\",\"target\":{\"@type\":\"EntryPoint\",\"urlTemplate\":\"https:\/\/esildealba.com\/blog\/?s={search_term_string}\"},\"query-input\":{\"@type\":\"PropertyValueSpecification\",\"valueRequired\":true,\"valueName\":\"search_term_string\"}}],\"inLanguage\":\"es\"},{\"@type\":\"Person\",\"@id\":\"https:\/\/esildealba.com\/blog\/#\/schema\/person\/6119b6b1a205fafb9d8f78934e629201\",\"name\":\"adminesil\",\"image\":{\"@type\":\"ImageObject\",\"inLanguage\":\"es\",\"@id\":\"https:\/\/esildealba.com\/blog\/#\/schema\/person\/image\/\",\"url\":\"https:\/\/secure.gravatar.com\/avatar\/8485c6d1488deb63c7cedfd6362bb58533258598131f893c5efc794326c616e2?s=96&d=mm&r=g\",\"contentUrl\":\"https:\/\/secure.gravatar.com\/avatar\/8485c6d1488deb63c7cedfd6362bb58533258598131f893c5efc794326c616e2?s=96&d=mm&r=g\",\"caption\":\"adminesil\"},\"url\":\"https:\/\/esildealba.com\/blog\/author\/adminesil\/\"}]}<\/script>\n<!-- \/ Yoast SEO plugin. -->","yoast_head_json":{"title":"Muebles para el dormitorio: propuestas con estilo propio!","description":"Al ser el dormitorio un espacio tan personal, elegir los muebles adecuados es una tarea complicada pero al mismo tiempo muy grata.","robots":{"index":"index","follow":"follow","max-snippet":"max-snippet:-1","max-image-preview":"max-image-preview:large","max-video-preview":"max-video-preview:-1"},"canonical":"https:\/\/esildealba.com\/blog\/muebles-para-el-dormitorio-propuestas-con-estilo-propio\/","og_locale":"es_ES","og_type":"article","og_title":"Muebles para el dormitorio: propuestas con estilo propio!","og_description":"Al ser el dormitorio un espacio tan personal, elegir los muebles adecuados es una tarea complicada pero al mismo tiempo muy grata.","og_url":"https:\/\/esildealba.com\/blog\/muebles-para-el-dormitorio-propuestas-con-estilo-propio\/","og_site_name":"El blog de Esil de Alba","article_published_time":"2018-06-08T12:00:46+00:00","article_modified_time":"2018-06-08T12:03:23+00:00","og_image":[{"width":800,"height":450,"url":"https:\/\/esildealba.com\/blog\/wp-content\/uploads\/2018\/06\/AMB60001.jpg","type":"image\/jpeg"}],"author":"adminesil","twitter_card":"summary_large_image","twitter_misc":{"Escrito por":"adminesil","Tiempo de lectura":"2 minutos"},"schema":{"@context":"https:\/\/schema.org","@graph":[{"@type":"Article","@id":"https:\/\/esildealba.com\/blog\/muebles-para-el-dormitorio-propuestas-con-estilo-propio\/#article","isPartOf":{"@id":"https:\/\/esildealba.com\/blog\/muebles-para-el-dormitorio-propuestas-con-estilo-propio\/"},"author":{"name":"adminesil","@id":"https:\/\/esildealba.com\/blog\/#\/schema\/person\/6119b6b1a205fafb9d8f78934e629201"},"headline":"Muebles para el dormitorio: propuestas con estilo propio!","datePublished":"2018-06-08T12:00:46+00:00","dateModified":"2018-06-08T12:03:23+00:00","mainEntityOfPage":{"@id":"https:\/\/esildealba.com\/blog\/muebles-para-el-dormitorio-propuestas-con-estilo-propio\/"},"wordCount":501,"commentCount":0,"image":{"@id":"https:\/\/esildealba.com\/blog\/muebles-para-el-dormitorio-propuestas-con-estilo-propio\/#primaryimage"},"thumbnailUrl":"https:\/\/esildealba.com\/blog\/wp-content\/uploads\/2018\/06\/AMB60001.jpg","keywords":["cama","c\u00f3moda","decoraci\u00f3n","mesillas","muebles para el dormitorio","sinfonier"],"articleSection":["Decoraci\u00f3n","Mobiliario del hogar","Muebles auxiliares","Uncategorized"],"inLanguage":"es","potentialAction":[{"@type":"CommentAction","name":"Comment","target":["https:\/\/esildealba.com\/blog\/muebles-para-el-dormitorio-propuestas-con-estilo-propio\/#respond"]}]},{"@type":"WebPage","@id":"https:\/\/esildealba.com\/blog\/muebles-para-el-dormitorio-propuestas-con-estilo-propio\/","url":"https:\/\/esildealba.com\/blog\/muebles-para-el-dormitorio-propuestas-con-estilo-propio\/","name":"Muebles para el dormitorio: propuestas con estilo propio!","isPartOf":{"@id":"https:\/\/esildealba.com\/blog\/#website"},"primaryImageOfPage":{"@id":"https:\/\/esildealba.com\/blog\/muebles-para-el-dormitorio-propuestas-con-estilo-propio\/#primaryimage"},"image":{"@id":"https:\/\/esildealba.com\/blog\/muebles-para-el-dormitorio-propuestas-con-estilo-propio\/#primaryimage"},"thumbnailUrl":"https:\/\/esildealba.com\/blog\/wp-content\/uploads\/2018\/06\/AMB60001.jpg","datePublished":"2018-06-08T12:00:46+00:00","dateModified":"2018-06-08T12:03:23+00:00","author":{"@id":"https:\/\/esildealba.com\/blog\/#\/schema\/person\/6119b6b1a205fafb9d8f78934e629201"},"description":"Al ser el dormitorio un espacio tan personal, elegir los muebles adecuados es una tarea complicada pero al mismo tiempo muy grata.","breadcrumb":{"@id":"https:\/\/esildealba.com\/blog\/muebles-para-el-dormitorio-propuestas-con-estilo-propio\/#breadcrumb"},"inLanguage":"es","potentialAction":[{"@type":"ReadAction","target":["https:\/\/esildealba.com\/blog\/muebles-para-el-dormitorio-propuestas-con-estilo-propio\/"]}]},{"@type":"ImageObject","inLanguage":"es","@id":"https:\/\/esildealba.com\/blog\/muebles-para-el-dormitorio-propuestas-con-estilo-propio\/#primaryimage","url":"https:\/\/esildealba.com\/blog\/wp-content\/uploads\/2018\/06\/AMB60001.jpg","contentUrl":"https:\/\/esildealba.com\/blog\/wp-content\/uploads\/2018\/06\/AMB60001.jpg","width":800,"height":450,"caption":"Colecci\u00f3n Par\u00eds."},{"@type":"BreadcrumbList","@id":"https:\/\/esildealba.com\/blog\/muebles-para-el-dormitorio-propuestas-con-estilo-propio\/#breadcrumb","itemListElement":[{"@type":"ListItem","position":1,"name":"Portada","item":"https:\/\/esildealba.com\/blog\/"},{"@type":"ListItem","position":2,"name":"Muebles para el dormitorio: propuestas con estilo propio!"}]},{"@type":"WebSite","@id":"https:\/\/esildealba.com\/blog\/#website","url":"https:\/\/esildealba.com\/blog\/","name":"El blog de Esil de Alba","description":"Pavimentos, gres, azulejos y mobiliario del hogar en Madrid","potentialAction":[{"@type":"SearchAction","target":{"@type":"EntryPoint","urlTemplate":"https:\/\/esildealba.com\/blog\/?s={search_term_string}"},"query-input":{"@type":"PropertyValueSpecification","valueRequired":true,"valueName":"search_term_string"}}],"inLanguage":"es"},{"@type":"Person","@id":"https:\/\/esildealba.com\/blog\/#\/schema\/person\/6119b6b1a205fafb9d8f78934e629201","name":"adminesil","image":{"@type":"ImageObject","inLanguage":"es","@id":"https:\/\/esildealba.com\/blog\/#\/schema\/person\/image\/","url":"https:\/\/secure.gravatar.com\/avatar\/8485c6d1488deb63c7cedfd6362bb58533258598131f893c5efc794326c616e2?s=96&d=mm&r=g","contentUrl":"https:\/\/secure.gravatar.com\/avatar\/8485c6d1488deb63c7cedfd6362bb58533258598131f893c5efc794326c616e2?s=96&d=mm&r=g","caption":"adminesil"},"url":"https:\/\/esildealba.com\/blog\/author\/adminesil\/"}]}},"_links":{"self":[{"href":"https:\/\/esildealba.com\/blog\/wp-json\/wp\/v2\/posts\/392","targetHints":{"allow":["GET"]}}],"collection":[{"href":"https:\/\/esildealba.com\/blog\/wp-json\/wp\/v2\/posts"}],"about":[{"href":"https:\/\/esildealba.com\/blog\/wp-json\/wp\/v2\/types\/post"}],"author":[{"embeddable":true,"href":"https:\/\/esildealba.com\/blog\/wp-json\/wp\/v2\/users\/1"}],"replies":[{"embeddable":true,"href":"https:\/\/esildealba.com\/blog\/wp-json\/wp\/v2\/comments?post=392"}],"version-history":[{"count":4,"href":"https:\/\/esildealba.com\/blog\/wp-json\/wp\/v2\/posts\/392\/revisions"}],"predecessor-version":[{"id":401,"href":"https:\/\/esildealba.com\/blog\/wp-json\/wp\/v2\/posts\/392\/revisions\/401"}],"wp:featuredmedia":[{"embeddable":true,"href":"https:\/\/esildealba.com\/blog\/wp-json\/wp\/v2\/media\/398"}],"wp:attachment":[{"href":"https:\/\/esildealba.com\/blog\/wp-json\/wp\/v2\/media?parent=392"}],"wp:term":[{"taxonomy":"category","embeddable":true,"href":"https:\/\/esildealba.com\/blog\/wp-json\/wp\/v2\/categories?post=392"},{"taxonomy":"post_tag","embeddable":true,"href":"https:\/\/esildealba.com\/blog\/wp-json\/wp\/v2\/tags?post=392"}],"curies":[{"name":"wp","href":"https:\/\/api.w.org\/{rel}","templated":true}]}}