{"id":461,"date":"2018-08-03T11:15:08","date_gmt":"2018-08-03T11:15:08","guid":{"rendered":"http:\/\/esildealba.com\/blog\/?p=461"},"modified":"2018-08-03T11:15:51","modified_gmt":"2018-08-03T11:15:51","slug":"azulejos-motivos-infantiles-bano-medida-los-mas-peques-2","status":"publish","type":"post","link":"https:\/\/esildealba.com\/blog\/azulejos-motivos-infantiles-bano-medida-los-mas-peques-2\/","title":{"rendered":"Azulejos con motivos infantiles. Un ba\u00f1o a medida de los m\u00e1s peques."},"content":{"rendered":"<h5><strong>Cuando en un hogar hay ni\u00f1os peque\u00f1os, ellos son los protagonistas de muchos de nuestros espacios. Por eso les encantar\u00e1 tener su propio cuarto de ba\u00f1o decorado con azulejos de motivos infantiles.<br \/>\n<\/strong><\/h5>\n<p>Adem\u00e1s del dormitorio infantil y del cuarto de juegos, un ba\u00f1o pensado para los m\u00e1s peque\u00f1os es una opci\u00f3n a tener en cuenta si el espacio en nuestra casa nos lo permite. As\u00ed con las ideas en <strong>azulejos<\/strong> que os planteamos en este post, se pueden crear <strong>ambientes llamativos e ideales<\/strong> para crear un estilo infantil en el cuarto de ba\u00f1o.<\/p>\n<p><strong>Los azulejos de nuestra serie Moonlight son un tipo de revestimiento en pasta blanca<\/strong>. Adem\u00e1s esta colecci\u00f3n est\u00e1 disponible en <strong>varios colores y acabados<\/strong>. Por lo que es perfecta para crear multiples y muy diferentes combinaciones. La gama de decorados de <strong>impresi\u00f3n digital de dibujos de la Warner<\/strong> es genial para crear decoraciones coloridas y muy divertidas.<\/p>\n<h6><strong>Amarillo y blanco. \u00a1Hola Pato Lucas!<\/strong><\/h6>\n<p>En esta propuesta se combinan los colores blanco y amarillo con <strong>azulejos decorados con motivos del Pato Lucas<\/strong>. Los azulejos amarillos con relieve en forma de ondas, crea un juego din\u00e1mico con los blancos lisos. Esta combinaci\u00f3n de colores y motivos har\u00e1 las delicias de los m\u00e1s peque\u00f1os y \u00a1tambi\u00e9n de los mayores!<\/p>\n<div id=\"attachment_447\" style=\"width: 810px\" class=\"wp-caption alignnone\"><img loading=\"lazy\" decoding=\"async\" aria-describedby=\"caption-attachment-447\" class=\"size-full wp-image-447\" src=\"https:\/\/esildealba.com\/blog\/wp-content\/uploads\/2018\/08\/Pato-Lucas.jpg\" alt=\"Azulejos. Pasta blanca.\" width=\"800\" height=\"431\" \/><p id=\"caption-attachment-447\" class=\"wp-caption-text\">Decoraci\u00f3n con motivos del Pato Lucas.<\/p><\/div>\n<h6>Ba\u00f1os de ternura. Piol\u00edn.<\/h6>\n<p><strong>Un lugar de ensue\u00f1o. Perfecto para el aseo de los m\u00e1s peque\u00f1os<\/strong>. La combinaci\u00f3n de tonos lila en el mobiliario del ba\u00f1o con los colores amarillos y blancos en el revestimiento de las paredes crea un ambiente infantil y tranquilo. <strong>Los motivos de Piol\u00edn recrean un ambiente desenfadado y divertido<\/strong>. Y queda genial combin\u00e1ndolo con accesorios, baldas y espejos infantiles.<\/p>\n<p><img loading=\"lazy\" decoding=\"async\" class=\"size-full wp-image-450\" src=\"https:\/\/esildealba.com\/blog\/wp-content\/uploads\/2018\/08\/WARNER-BROSS-GLOWING.jpg\" alt=\"Pasta blanca.\" width=\"800\" height=\"386\" \/>Decoraci\u00f3n con motivos de Piol\u00edn.<\/p>\n<h6><strong>Y para los no tan peque\u00f1os&#8230; Superman!<\/strong><\/h6>\n<p><strong>Esta propuesta en tonos rojos y blancos es perfecta para combinar con los azulejos impresos digitalmente con motivos de superman<\/strong>. Combin\u00e1ndolos con sanitarios de l\u00edneas rectas y actuales y con mobiliario de tipo moderno, conseguiremos un ambiente cosmopolita y \u00abfriki\u00bb.<\/p>\n<div id=\"attachment_449\" style=\"width: 810px\" class=\"wp-caption alignnone\"><img loading=\"lazy\" decoding=\"async\" aria-describedby=\"caption-attachment-449\" class=\"size-full wp-image-449\" src=\"https:\/\/esildealba.com\/blog\/wp-content\/uploads\/2018\/08\/Superman.jpg\" alt=\"Azulejos. Pasta blanca.\" width=\"800\" height=\"367\" \/><p id=\"caption-attachment-449\" class=\"wp-caption-text\">Azulejos con motivos de Superman.<\/p><\/div>\n<p><strong>En Esil de Alba somos especialistas en azulejos y pavimentos.<\/strong> En nuestra <a href=\"http:\/\/www.esildealba.com\/contacto.php\" target=\"_blank\" rel=\"noopener\">exposici\u00f3n<\/a> de Alpedrete, Madrid, podr\u00e1s encontrar las \u00faltimas novedades en azulejos y pavimentos, muebles y decoraci\u00f3n, cocinas y ba\u00f1os. Tambi\u00e9n puedes echarle un vistazo a nuestro <a href=\"http:\/\/www.esildealba.com\/categorias\/azulejos-y-pavimentos_1\/banos_7\">cat\u00e1logo online.\u00a0<\/a><\/p>\n","protected":false},"excerpt":{"rendered":"<p>Cuando en un hogar hay ni\u00f1os peque\u00f1os, ellos son los protagonistas de muchos de nuestros espacios. Por eso les encantar\u00e1 tener su propio cuarto de ba\u00f1o decorado con azulejos de motivos infantiles.<\/p>\n<p>Adem\u00e1s del dormitorio infantil y del cuarto de juegos, un ba\u00f1o pensado para los m\u00e1s peque\u00f1os es una opci\u00f3n a tener en cuenta si el espacio en nuestra casa nos lo permite. As\u00ed con las ideas en azulejos que os planteamos en este post, se pueden crear ambientes llamativos e ideales para crear un estilo infantil en el cuarto de ba\u00f1o.<\/p>\n","protected":false},"author":1,"featured_media":448,"comment_status":"open","ping_status":"open","sticky":false,"template":"","format":"standard","meta":{"footnotes":""},"categories":[4,7,18],"tags":[8,70,71,47,72],"class_list":["post-461","post","type-post","status-publish","format-standard","has-post-thumbnail","hentry","category-azulejos-pavimentos-madrid","category-banos-madrid","category-decoracion","tag-azulejos","tag-banos","tag-pasta-blanca","tag-reformas","tag-revestimieento"],"yoast_head":"<!-- This site is optimized with the Yoast SEO plugin v27.0 - https:\/\/yoast.com\/product\/yoast-seo-wordpress\/ -->\n<title>Azulejos con motivos infantiles. Un ba\u00f1o a la medida de los m\u00e1s peques.<\/title>\n<meta name=\"description\" content=\"Cuando en un hogar hay ni\u00f1os peque\u00f1os, ellos son los protagonistas de muchos de nuestros espacios. Los azulejos con motivos infantiles les encantar\u00e1n.\" \/>\n<meta name=\"robots\" content=\"index, follow, max-snippet:-1, max-image-preview:large, max-video-preview:-1\" \/>\n<link rel=\"canonical\" href=\"https:\/\/esildealba.com\/blog\/azulejos-motivos-infantiles-bano-medida-los-mas-peques-2\/\" \/>\n<meta property=\"og:locale\" content=\"es_ES\" \/>\n<meta property=\"og:type\" content=\"article\" \/>\n<meta property=\"og:title\" content=\"Azulejos con motivos infantiles. Un ba\u00f1o a la medida de los m\u00e1s peques.\" \/>\n<meta property=\"og:description\" content=\"Cuando en un hogar hay ni\u00f1os peque\u00f1os, ellos son los protagonistas de muchos de nuestros espacios. Los azulejos con motivos infantiles les encantar\u00e1n.\" \/>\n<meta property=\"og:url\" content=\"https:\/\/esildealba.com\/blog\/azulejos-motivos-infantiles-bano-medida-los-mas-peques-2\/\" \/>\n<meta property=\"og:site_name\" content=\"El blog de Esil de Alba\" \/>\n<meta property=\"article:published_time\" content=\"2018-08-03T11:15:08+00:00\" \/>\n<meta property=\"article:modified_time\" content=\"2018-08-03T11:15:51+00:00\" \/>\n<meta property=\"og:image\" content=\"https:\/\/esildealba.com\/blog\/wp-content\/uploads\/2018\/08\/WARNER-BROSS-FACE.jpg\" \/>\n\t<meta property=\"og:image:width\" content=\"800\" \/>\n\t<meta property=\"og:image:height\" content=\"420\" \/>\n\t<meta property=\"og:image:type\" content=\"image\/jpeg\" \/>\n<meta name=\"author\" content=\"adminesil\" \/>\n<meta name=\"twitter:card\" content=\"summary_large_image\" \/>\n<meta name=\"twitter:label1\" content=\"Escrito por\" \/>\n\t<meta name=\"twitter:data1\" content=\"adminesil\" \/>\n\t<meta name=\"twitter:label2\" content=\"Tiempo de lectura\" \/>\n\t<meta name=\"twitter:data2\" content=\"2 minutos\" \/>\n<script type=\"application\/ld+json\" class=\"yoast-schema-graph\">{\"@context\":\"https:\/\/schema.org\",\"@graph\":[{\"@type\":\"Article\",\"@id\":\"https:\/\/esildealba.com\/blog\/azulejos-motivos-infantiles-bano-medida-los-mas-peques-2\/#article\",\"isPartOf\":{\"@id\":\"https:\/\/esildealba.com\/blog\/azulejos-motivos-infantiles-bano-medida-los-mas-peques-2\/\"},\"author\":{\"name\":\"adminesil\",\"@id\":\"https:\/\/esildealba.com\/blog\/#\/schema\/person\/6119b6b1a205fafb9d8f78934e629201\"},\"headline\":\"Azulejos con motivos infantiles. Un ba\u00f1o a medida de los m\u00e1s peques.\",\"datePublished\":\"2018-08-03T11:15:08+00:00\",\"dateModified\":\"2018-08-03T11:15:51+00:00\",\"mainEntityOfPage\":{\"@id\":\"https:\/\/esildealba.com\/blog\/azulejos-motivos-infantiles-bano-medida-los-mas-peques-2\/\"},\"wordCount\":442,\"commentCount\":0,\"image\":{\"@id\":\"https:\/\/esildealba.com\/blog\/azulejos-motivos-infantiles-bano-medida-los-mas-peques-2\/#primaryimage\"},\"thumbnailUrl\":\"https:\/\/esildealba.com\/blog\/wp-content\/uploads\/2018\/08\/WARNER-BROSS-FACE.jpg\",\"keywords\":[\"azulejos\",\"ba\u00f1os\",\"pasta blanca\",\"reformas\",\"revestimieento\"],\"articleSection\":[\"Azulejos y pavimentos\",\"Ba\u00f1os\",\"Decoraci\u00f3n\"],\"inLanguage\":\"es\",\"potentialAction\":[{\"@type\":\"CommentAction\",\"name\":\"Comment\",\"target\":[\"https:\/\/esildealba.com\/blog\/azulejos-motivos-infantiles-bano-medida-los-mas-peques-2\/#respond\"]}]},{\"@type\":\"WebPage\",\"@id\":\"https:\/\/esildealba.com\/blog\/azulejos-motivos-infantiles-bano-medida-los-mas-peques-2\/\",\"url\":\"https:\/\/esildealba.com\/blog\/azulejos-motivos-infantiles-bano-medida-los-mas-peques-2\/\",\"name\":\"Azulejos con motivos infantiles. Un ba\u00f1o a la medida de los m\u00e1s peques.\",\"isPartOf\":{\"@id\":\"https:\/\/esildealba.com\/blog\/#website\"},\"primaryImageOfPage\":{\"@id\":\"https:\/\/esildealba.com\/blog\/azulejos-motivos-infantiles-bano-medida-los-mas-peques-2\/#primaryimage\"},\"image\":{\"@id\":\"https:\/\/esildealba.com\/blog\/azulejos-motivos-infantiles-bano-medida-los-mas-peques-2\/#primaryimage\"},\"thumbnailUrl\":\"https:\/\/esildealba.com\/blog\/wp-content\/uploads\/2018\/08\/WARNER-BROSS-FACE.jpg\",\"datePublished\":\"2018-08-03T11:15:08+00:00\",\"dateModified\":\"2018-08-03T11:15:51+00:00\",\"author\":{\"@id\":\"https:\/\/esildealba.com\/blog\/#\/schema\/person\/6119b6b1a205fafb9d8f78934e629201\"},\"description\":\"Cuando en un hogar hay ni\u00f1os peque\u00f1os, ellos son los protagonistas de muchos de nuestros espacios. Los azulejos con motivos infantiles les encantar\u00e1n.\",\"breadcrumb\":{\"@id\":\"https:\/\/esildealba.com\/blog\/azulejos-motivos-infantiles-bano-medida-los-mas-peques-2\/#breadcrumb\"},\"inLanguage\":\"es\",\"potentialAction\":[{\"@type\":\"ReadAction\",\"target\":[\"https:\/\/esildealba.com\/blog\/azulejos-motivos-infantiles-bano-medida-los-mas-peques-2\/\"]}]},{\"@type\":\"ImageObject\",\"inLanguage\":\"es\",\"@id\":\"https:\/\/esildealba.com\/blog\/azulejos-motivos-infantiles-bano-medida-los-mas-peques-2\/#primaryimage\",\"url\":\"https:\/\/esildealba.com\/blog\/wp-content\/uploads\/2018\/08\/WARNER-BROSS-FACE.jpg\",\"contentUrl\":\"https:\/\/esildealba.com\/blog\/wp-content\/uploads\/2018\/08\/WARNER-BROSS-FACE.jpg\",\"width\":800,\"height\":420,\"caption\":\"Azulejos. Pasta blanca.\"},{\"@type\":\"BreadcrumbList\",\"@id\":\"https:\/\/esildealba.com\/blog\/azulejos-motivos-infantiles-bano-medida-los-mas-peques-2\/#breadcrumb\",\"itemListElement\":[{\"@type\":\"ListItem\",\"position\":1,\"name\":\"Portada\",\"item\":\"https:\/\/esildealba.com\/blog\/\"},{\"@type\":\"ListItem\",\"position\":2,\"name\":\"Azulejos con motivos infantiles. Un ba\u00f1o a medida de los m\u00e1s peques.\"}]},{\"@type\":\"WebSite\",\"@id\":\"https:\/\/esildealba.com\/blog\/#website\",\"url\":\"https:\/\/esildealba.com\/blog\/\",\"name\":\"El blog de Esil de Alba\",\"description\":\"Pavimentos, gres, azulejos y mobiliario del hogar en Madrid\",\"potentialAction\":[{\"@type\":\"SearchAction\",\"target\":{\"@type\":\"EntryPoint\",\"urlTemplate\":\"https:\/\/esildealba.com\/blog\/?s={search_term_string}\"},\"query-input\":{\"@type\":\"PropertyValueSpecification\",\"valueRequired\":true,\"valueName\":\"search_term_string\"}}],\"inLanguage\":\"es\"},{\"@type\":\"Person\",\"@id\":\"https:\/\/esildealba.com\/blog\/#\/schema\/person\/6119b6b1a205fafb9d8f78934e629201\",\"name\":\"adminesil\",\"image\":{\"@type\":\"ImageObject\",\"inLanguage\":\"es\",\"@id\":\"https:\/\/esildealba.com\/blog\/#\/schema\/person\/image\/\",\"url\":\"https:\/\/secure.gravatar.com\/avatar\/8485c6d1488deb63c7cedfd6362bb58533258598131f893c5efc794326c616e2?s=96&d=mm&r=g\",\"contentUrl\":\"https:\/\/secure.gravatar.com\/avatar\/8485c6d1488deb63c7cedfd6362bb58533258598131f893c5efc794326c616e2?s=96&d=mm&r=g\",\"caption\":\"adminesil\"},\"url\":\"https:\/\/esildealba.com\/blog\/author\/adminesil\/\"}]}<\/script>\n<!-- \/ Yoast SEO plugin. -->","yoast_head_json":{"title":"Azulejos con motivos infantiles. Un ba\u00f1o a la medida de los m\u00e1s peques.","description":"Cuando en un hogar hay ni\u00f1os peque\u00f1os, ellos son los protagonistas de muchos de nuestros espacios. Los azulejos con motivos infantiles les encantar\u00e1n.","robots":{"index":"index","follow":"follow","max-snippet":"max-snippet:-1","max-image-preview":"max-image-preview:large","max-video-preview":"max-video-preview:-1"},"canonical":"https:\/\/esildealba.com\/blog\/azulejos-motivos-infantiles-bano-medida-los-mas-peques-2\/","og_locale":"es_ES","og_type":"article","og_title":"Azulejos con motivos infantiles. Un ba\u00f1o a la medida de los m\u00e1s peques.","og_description":"Cuando en un hogar hay ni\u00f1os peque\u00f1os, ellos son los protagonistas de muchos de nuestros espacios. Los azulejos con motivos infantiles les encantar\u00e1n.","og_url":"https:\/\/esildealba.com\/blog\/azulejos-motivos-infantiles-bano-medida-los-mas-peques-2\/","og_site_name":"El blog de Esil de Alba","article_published_time":"2018-08-03T11:15:08+00:00","article_modified_time":"2018-08-03T11:15:51+00:00","og_image":[{"width":800,"height":420,"url":"https:\/\/esildealba.com\/blog\/wp-content\/uploads\/2018\/08\/WARNER-BROSS-FACE.jpg","type":"image\/jpeg"}],"author":"adminesil","twitter_card":"summary_large_image","twitter_misc":{"Escrito por":"adminesil","Tiempo de lectura":"2 minutos"},"schema":{"@context":"https:\/\/schema.org","@graph":[{"@type":"Article","@id":"https:\/\/esildealba.com\/blog\/azulejos-motivos-infantiles-bano-medida-los-mas-peques-2\/#article","isPartOf":{"@id":"https:\/\/esildealba.com\/blog\/azulejos-motivos-infantiles-bano-medida-los-mas-peques-2\/"},"author":{"name":"adminesil","@id":"https:\/\/esildealba.com\/blog\/#\/schema\/person\/6119b6b1a205fafb9d8f78934e629201"},"headline":"Azulejos con motivos infantiles. Un ba\u00f1o a medida de los m\u00e1s peques.","datePublished":"2018-08-03T11:15:08+00:00","dateModified":"2018-08-03T11:15:51+00:00","mainEntityOfPage":{"@id":"https:\/\/esildealba.com\/blog\/azulejos-motivos-infantiles-bano-medida-los-mas-peques-2\/"},"wordCount":442,"commentCount":0,"image":{"@id":"https:\/\/esildealba.com\/blog\/azulejos-motivos-infantiles-bano-medida-los-mas-peques-2\/#primaryimage"},"thumbnailUrl":"https:\/\/esildealba.com\/blog\/wp-content\/uploads\/2018\/08\/WARNER-BROSS-FACE.jpg","keywords":["azulejos","ba\u00f1os","pasta blanca","reformas","revestimieento"],"articleSection":["Azulejos y pavimentos","Ba\u00f1os","Decoraci\u00f3n"],"inLanguage":"es","potentialAction":[{"@type":"CommentAction","name":"Comment","target":["https:\/\/esildealba.com\/blog\/azulejos-motivos-infantiles-bano-medida-los-mas-peques-2\/#respond"]}]},{"@type":"WebPage","@id":"https:\/\/esildealba.com\/blog\/azulejos-motivos-infantiles-bano-medida-los-mas-peques-2\/","url":"https:\/\/esildealba.com\/blog\/azulejos-motivos-infantiles-bano-medida-los-mas-peques-2\/","name":"Azulejos con motivos infantiles. Un ba\u00f1o a la medida de los m\u00e1s peques.","isPartOf":{"@id":"https:\/\/esildealba.com\/blog\/#website"},"primaryImageOfPage":{"@id":"https:\/\/esildealba.com\/blog\/azulejos-motivos-infantiles-bano-medida-los-mas-peques-2\/#primaryimage"},"image":{"@id":"https:\/\/esildealba.com\/blog\/azulejos-motivos-infantiles-bano-medida-los-mas-peques-2\/#primaryimage"},"thumbnailUrl":"https:\/\/esildealba.com\/blog\/wp-content\/uploads\/2018\/08\/WARNER-BROSS-FACE.jpg","datePublished":"2018-08-03T11:15:08+00:00","dateModified":"2018-08-03T11:15:51+00:00","author":{"@id":"https:\/\/esildealba.com\/blog\/#\/schema\/person\/6119b6b1a205fafb9d8f78934e629201"},"description":"Cuando en un hogar hay ni\u00f1os peque\u00f1os, ellos son los protagonistas de muchos de nuestros espacios. Los azulejos con motivos infantiles les encantar\u00e1n.","breadcrumb":{"@id":"https:\/\/esildealba.com\/blog\/azulejos-motivos-infantiles-bano-medida-los-mas-peques-2\/#breadcrumb"},"inLanguage":"es","potentialAction":[{"@type":"ReadAction","target":["https:\/\/esildealba.com\/blog\/azulejos-motivos-infantiles-bano-medida-los-mas-peques-2\/"]}]},{"@type":"ImageObject","inLanguage":"es","@id":"https:\/\/esildealba.com\/blog\/azulejos-motivos-infantiles-bano-medida-los-mas-peques-2\/#primaryimage","url":"https:\/\/esildealba.com\/blog\/wp-content\/uploads\/2018\/08\/WARNER-BROSS-FACE.jpg","contentUrl":"https:\/\/esildealba.com\/blog\/wp-content\/uploads\/2018\/08\/WARNER-BROSS-FACE.jpg","width":800,"height":420,"caption":"Azulejos. Pasta blanca."},{"@type":"BreadcrumbList","@id":"https:\/\/esildealba.com\/blog\/azulejos-motivos-infantiles-bano-medida-los-mas-peques-2\/#breadcrumb","itemListElement":[{"@type":"ListItem","position":1,"name":"Portada","item":"https:\/\/esildealba.com\/blog\/"},{"@type":"ListItem","position":2,"name":"Azulejos con motivos infantiles. Un ba\u00f1o a medida de los m\u00e1s peques."}]},{"@type":"WebSite","@id":"https:\/\/esildealba.com\/blog\/#website","url":"https:\/\/esildealba.com\/blog\/","name":"El blog de Esil de Alba","description":"Pavimentos, gres, azulejos y mobiliario del hogar en Madrid","potentialAction":[{"@type":"SearchAction","target":{"@type":"EntryPoint","urlTemplate":"https:\/\/esildealba.com\/blog\/?s={search_term_string}"},"query-input":{"@type":"PropertyValueSpecification","valueRequired":true,"valueName":"search_term_string"}}],"inLanguage":"es"},{"@type":"Person","@id":"https:\/\/esildealba.com\/blog\/#\/schema\/person\/6119b6b1a205fafb9d8f78934e629201","name":"adminesil","image":{"@type":"ImageObject","inLanguage":"es","@id":"https:\/\/esildealba.com\/blog\/#\/schema\/person\/image\/","url":"https:\/\/secure.gravatar.com\/avatar\/8485c6d1488deb63c7cedfd6362bb58533258598131f893c5efc794326c616e2?s=96&d=mm&r=g","contentUrl":"https:\/\/secure.gravatar.com\/avatar\/8485c6d1488deb63c7cedfd6362bb58533258598131f893c5efc794326c616e2?s=96&d=mm&r=g","caption":"adminesil"},"url":"https:\/\/esildealba.com\/blog\/author\/adminesil\/"}]}},"_links":{"self":[{"href":"https:\/\/esildealba.com\/blog\/wp-json\/wp\/v2\/posts\/461","targetHints":{"allow":["GET"]}}],"collection":[{"href":"https:\/\/esildealba.com\/blog\/wp-json\/wp\/v2\/posts"}],"about":[{"href":"https:\/\/esildealba.com\/blog\/wp-json\/wp\/v2\/types\/post"}],"author":[{"embeddable":true,"href":"https:\/\/esildealba.com\/blog\/wp-json\/wp\/v2\/users\/1"}],"replies":[{"embeddable":true,"href":"https:\/\/esildealba.com\/blog\/wp-json\/wp\/v2\/comments?post=461"}],"version-history":[{"count":2,"href":"https:\/\/esildealba.com\/blog\/wp-json\/wp\/v2\/posts\/461\/revisions"}],"predecessor-version":[{"id":463,"href":"https:\/\/esildealba.com\/blog\/wp-json\/wp\/v2\/posts\/461\/revisions\/463"}],"wp:featuredmedia":[{"embeddable":true,"href":"https:\/\/esildealba.com\/blog\/wp-json\/wp\/v2\/media\/448"}],"wp:attachment":[{"href":"https:\/\/esildealba.com\/blog\/wp-json\/wp\/v2\/media?parent=461"}],"wp:term":[{"taxonomy":"category","embeddable":true,"href":"https:\/\/esildealba.com\/blog\/wp-json\/wp\/v2\/categories?post=461"},{"taxonomy":"post_tag","embeddable":true,"href":"https:\/\/esildealba.com\/blog\/wp-json\/wp\/v2\/tags?post=461"}],"curies":[{"name":"wp","href":"https:\/\/api.w.org\/{rel}","templated":true}]}}