{"id":471,"date":"2018-08-20T10:01:08","date_gmt":"2018-08-20T10:01:08","guid":{"rendered":"http:\/\/esildealba.com\/blog\/?p=471"},"modified":"2018-08-20T10:03:28","modified_gmt":"2018-08-20T10:03:28","slug":"azulejos-bano-gris-esta-moda","status":"publish","type":"post","link":"https:\/\/esildealba.com\/blog\/azulejos-bano-gris-esta-moda\/","title":{"rendered":"Azulejos para el ba\u00f1o. El gris est\u00e1 de moda."},"content":{"rendered":"<h5><strong>Hemos decidido renovar nuestro cuarto de ba\u00f1o y no tenemos claro qu\u00e9 colores combinar en los azulejos. El gris es un color neutro que nos permite muchas posibilidades. Podemos jugar con los matices: m\u00e1s claro, m\u00e1s oscuro&#8230; y tambien con los tonos: calidos, fr\u00edos&#8230;<\/strong><\/h5>\n<p>Hoy os traemos estas ideas de nuestro cat\u00e1logo de azulejos y pavimentos con un protagonista: el color gris como base para la decoraci\u00f3n.<\/p>\n<h6><strong>Serie Sirio 20&#215;60. Vanguardia y estilo.<\/strong><\/h6>\n<p>Est\u00e1 serie de azulejos est\u00e1 realizada en pasta roja. Aunque hoy nos centramos en el tono Antracita, la tenemos disponible en otros colores (crema, beige, blanco y perla). Gracias a los diferentes decorados: imitando gresite, l\u00edneas regulares, abstracto&#8230; se pueden crear gran variedad de combinaciones. Por lo cual, esta serie nos permite crear espacios en el ba\u00f1o con muucha personalidad, muy actuales y al mismo tiempo elegantes.<\/p>\n<div id=\"attachment_473\" style=\"width: 810px\" class=\"wp-caption alignnone\"><img loading=\"lazy\" decoding=\"async\" aria-describedby=\"caption-attachment-473\" class=\"size-full wp-image-473\" src=\"https:\/\/esildealba.com\/blog\/wp-content\/uploads\/2018\/08\/azulibersiriocopia.jpg\" alt=\"Azulejos en tonos grises.\" width=\"800\" height=\"516\" \/><p id=\"caption-attachment-473\" class=\"wp-caption-text\">Serie Sirio.<\/p><\/div>\n<h6><strong>Serie Varesse. Estilo moderno.<\/strong><\/h6>\n<p>La serie Varesse est\u00e1 realizada en gres porcel\u00e1nico de alta calidad. Adem\u00e1s de jugar con los tonos grises, la podemos encontrar tambi\u00e9n en marfil y perla. Adem\u00e1s, tiene diferentes posibilidades de acabado. Por lo que nos permite combinar aspecto diferentes en las paredes. Creando ambientes din\u00e1micos, modernos y elegantes.<\/p>\n<div id=\"attachment_474\" style=\"width: 810px\" class=\"wp-caption alignnone\"><img loading=\"lazy\" decoding=\"async\" aria-describedby=\"caption-attachment-474\" class=\"size-full wp-image-474\" src=\"https:\/\/esildealba.com\/blog\/wp-content\/uploads\/2018\/08\/AmbPlatoPlanic.jpg\" alt=\"Azulejos para el ba\u00f1o.\" width=\"800\" height=\"534\" \/><p id=\"caption-attachment-474\" class=\"wp-caption-text\">Serie Varesse.<\/p><\/div>\n<h6><strong>Serie Concrete 20&#215;50. Estilo loft.<\/strong><\/h6>\n<p>La serie Concrete es un revestimiento en pasta roja mate destonificado tipo cemento. Ademas de en color gris, lo podemos encontrar en blanco y en tono ceniza. Consta de varias piezas decoradas para crear diferentes efectos. Es ideal para crear estilos muy modernos y urbanitas.<\/p>\n<div id=\"attachment_475\" style=\"width: 810px\" class=\"wp-caption alignnone\"><img loading=\"lazy\" decoding=\"async\" aria-describedby=\"caption-attachment-475\" class=\"size-full wp-image-475\" src=\"https:\/\/esildealba.com\/blog\/wp-content\/uploads\/2018\/08\/CONCRETE-1-900x700.jpg\" alt=\"Azulejos y pavimentos en Madrid.\" width=\"800\" height=\"538\" \/><p id=\"caption-attachment-475\" class=\"wp-caption-text\">Serie Concrette.<\/p><\/div>\n<div class=\"wrapper\"><strong>En <a href=\"http:\/\/www.esildealba.com\/\">Esil de Alba<\/a> somos especialistas en azulejos y pavimentos.sanitarios. <\/strong>En nuestro <a href=\"http:\/\/www.esildealba.com\/categorias\/azulejos-y-pavimentos_1\">cat\u00e1logo<\/a> podr\u00e1s encontrar las \u00faltimas novedades. Tambi\u00e9n puedes visitarnos en nuestra <a href=\"http:\/\/www.esildealba.com\/contacto.php\">exposici\u00f3n<\/a> en Alpedrete, Madrid. <strong>Te esperamos!<\/strong><\/div>\n","protected":false},"excerpt":{"rendered":"<p>Hemos decidido renovar nuestro cuarto de ba\u00f1o y no tenemos claro que colores combinar en los azulejos. El gris es un color neutro que nos permite muchas posibilidades. Podemos jugar con los matices: m\u00e1s claro, m\u00e1s oscuro&#8230; y tambien con los tonos: calidos, fr\u00edos&#8230;<\/p>\n<p>Hoy os traemos estas ideas de nuestro cat\u00e1logo de azulejos y pavimentos con un protagonista: el color gris como base para la decoraci\u00f3n.<\/p>\n","protected":false},"author":1,"featured_media":472,"comment_status":"open","ping_status":"open","sticky":false,"template":"","format":"standard","meta":{"footnotes":""},"categories":[4,7,18,1],"tags":[13,75,47],"class_list":["post-471","post","type-post","status-publish","format-standard","has-post-thumbnail","hentry","category-azulejos-pavimentos-madrid","category-banos-madrid","category-decoracion","category-uncategorized","tag-azulejos-y-pavimentos","tag-ideas-para-el-bano","tag-reformas"],"yoast_head":"<!-- This site is optimized with the Yoast SEO plugin v27.0 - https:\/\/yoast.com\/product\/yoast-seo-wordpress\/ -->\n<title>Azulejos para el ba\u00f1o. El color gris est\u00e1 de moda. Ideas!<\/title>\n<meta name=\"description\" content=\"El gris es un color neutro para los azulejos que nos permite muchas posibilidades: matices m\u00e1s claros, m\u00e1s oscuros... tonos calidos, fr\u00edos...\" \/>\n<meta name=\"robots\" content=\"index, follow, max-snippet:-1, max-image-preview:large, max-video-preview:-1\" \/>\n<link rel=\"canonical\" href=\"https:\/\/esildealba.com\/blog\/azulejos-bano-gris-esta-moda\/\" \/>\n<meta property=\"og:locale\" content=\"es_ES\" \/>\n<meta property=\"og:type\" content=\"article\" \/>\n<meta property=\"og:title\" content=\"Azulejos para el ba\u00f1o. El color gris est\u00e1 de moda. Ideas!\" \/>\n<meta property=\"og:description\" content=\"El gris es un color neutro para los azulejos que nos permite muchas posibilidades: matices m\u00e1s claros, m\u00e1s oscuros... tonos calidos, fr\u00edos...\" \/>\n<meta property=\"og:url\" content=\"https:\/\/esildealba.com\/blog\/azulejos-bano-gris-esta-moda\/\" \/>\n<meta property=\"og:site_name\" content=\"El blog de Esil de Alba\" \/>\n<meta property=\"article:published_time\" content=\"2018-08-20T10:01:08+00:00\" \/>\n<meta property=\"article:modified_time\" content=\"2018-08-20T10:03:28+00:00\" \/>\n<meta property=\"og:image\" content=\"https:\/\/esildealba.com\/blog\/wp-content\/uploads\/2018\/08\/Amb-7503-gris-perla.jpg\" \/>\n\t<meta property=\"og:image:width\" content=\"800\" \/>\n\t<meta property=\"og:image:height\" content=\"584\" \/>\n\t<meta property=\"og:image:type\" content=\"image\/jpeg\" \/>\n<meta name=\"author\" content=\"adminesil\" \/>\n<meta name=\"twitter:card\" content=\"summary_large_image\" \/>\n<meta name=\"twitter:label1\" content=\"Escrito por\" \/>\n\t<meta name=\"twitter:data1\" content=\"adminesil\" \/>\n\t<meta name=\"twitter:label2\" content=\"Tiempo de lectura\" \/>\n\t<meta name=\"twitter:data2\" content=\"2 minutos\" \/>\n<script type=\"application\/ld+json\" class=\"yoast-schema-graph\">{\"@context\":\"https:\/\/schema.org\",\"@graph\":[{\"@type\":\"Article\",\"@id\":\"https:\/\/esildealba.com\/blog\/azulejos-bano-gris-esta-moda\/#article\",\"isPartOf\":{\"@id\":\"https:\/\/esildealba.com\/blog\/azulejos-bano-gris-esta-moda\/\"},\"author\":{\"name\":\"adminesil\",\"@id\":\"https:\/\/esildealba.com\/blog\/#\/schema\/person\/6119b6b1a205fafb9d8f78934e629201\"},\"headline\":\"Azulejos para el ba\u00f1o. El gris est\u00e1 de moda.\",\"datePublished\":\"2018-08-20T10:01:08+00:00\",\"dateModified\":\"2018-08-20T10:03:28+00:00\",\"mainEntityOfPage\":{\"@id\":\"https:\/\/esildealba.com\/blog\/azulejos-bano-gris-esta-moda\/\"},\"wordCount\":327,\"commentCount\":0,\"image\":{\"@id\":\"https:\/\/esildealba.com\/blog\/azulejos-bano-gris-esta-moda\/#primaryimage\"},\"thumbnailUrl\":\"https:\/\/esildealba.com\/blog\/wp-content\/uploads\/2018\/08\/Amb-7503-gris-perla.jpg\",\"keywords\":[\"azulejos y pavimentos\",\"ideas para el ba\u00f1o\",\"reformas\"],\"articleSection\":[\"Azulejos y pavimentos\",\"Ba\u00f1os\",\"Decoraci\u00f3n\",\"Uncategorized\"],\"inLanguage\":\"es\",\"potentialAction\":[{\"@type\":\"CommentAction\",\"name\":\"Comment\",\"target\":[\"https:\/\/esildealba.com\/blog\/azulejos-bano-gris-esta-moda\/#respond\"]}]},{\"@type\":\"WebPage\",\"@id\":\"https:\/\/esildealba.com\/blog\/azulejos-bano-gris-esta-moda\/\",\"url\":\"https:\/\/esildealba.com\/blog\/azulejos-bano-gris-esta-moda\/\",\"name\":\"Azulejos para el ba\u00f1o. El color gris est\u00e1 de moda. Ideas!\",\"isPartOf\":{\"@id\":\"https:\/\/esildealba.com\/blog\/#website\"},\"primaryImageOfPage\":{\"@id\":\"https:\/\/esildealba.com\/blog\/azulejos-bano-gris-esta-moda\/#primaryimage\"},\"image\":{\"@id\":\"https:\/\/esildealba.com\/blog\/azulejos-bano-gris-esta-moda\/#primaryimage\"},\"thumbnailUrl\":\"https:\/\/esildealba.com\/blog\/wp-content\/uploads\/2018\/08\/Amb-7503-gris-perla.jpg\",\"datePublished\":\"2018-08-20T10:01:08+00:00\",\"dateModified\":\"2018-08-20T10:03:28+00:00\",\"author\":{\"@id\":\"https:\/\/esildealba.com\/blog\/#\/schema\/person\/6119b6b1a205fafb9d8f78934e629201\"},\"description\":\"El gris es un color neutro para los azulejos que nos permite muchas posibilidades: matices m\u00e1s claros, m\u00e1s oscuros... tonos calidos, fr\u00edos...\",\"breadcrumb\":{\"@id\":\"https:\/\/esildealba.com\/blog\/azulejos-bano-gris-esta-moda\/#breadcrumb\"},\"inLanguage\":\"es\",\"potentialAction\":[{\"@type\":\"ReadAction\",\"target\":[\"https:\/\/esildealba.com\/blog\/azulejos-bano-gris-esta-moda\/\"]}]},{\"@type\":\"ImageObject\",\"inLanguage\":\"es\",\"@id\":\"https:\/\/esildealba.com\/blog\/azulejos-bano-gris-esta-moda\/#primaryimage\",\"url\":\"https:\/\/esildealba.com\/blog\/wp-content\/uploads\/2018\/08\/Amb-7503-gris-perla.jpg\",\"contentUrl\":\"https:\/\/esildealba.com\/blog\/wp-content\/uploads\/2018\/08\/Amb-7503-gris-perla.jpg\",\"width\":800,\"height\":584,\"caption\":\"Azulejos para el ba\u00f1o\"},{\"@type\":\"BreadcrumbList\",\"@id\":\"https:\/\/esildealba.com\/blog\/azulejos-bano-gris-esta-moda\/#breadcrumb\",\"itemListElement\":[{\"@type\":\"ListItem\",\"position\":1,\"name\":\"Portada\",\"item\":\"https:\/\/esildealba.com\/blog\/\"},{\"@type\":\"ListItem\",\"position\":2,\"name\":\"Azulejos para el ba\u00f1o. El gris est\u00e1 de moda.\"}]},{\"@type\":\"WebSite\",\"@id\":\"https:\/\/esildealba.com\/blog\/#website\",\"url\":\"https:\/\/esildealba.com\/blog\/\",\"name\":\"El blog de Esil de Alba\",\"description\":\"Pavimentos, gres, azulejos y mobiliario del hogar en Madrid\",\"potentialAction\":[{\"@type\":\"SearchAction\",\"target\":{\"@type\":\"EntryPoint\",\"urlTemplate\":\"https:\/\/esildealba.com\/blog\/?s={search_term_string}\"},\"query-input\":{\"@type\":\"PropertyValueSpecification\",\"valueRequired\":true,\"valueName\":\"search_term_string\"}}],\"inLanguage\":\"es\"},{\"@type\":\"Person\",\"@id\":\"https:\/\/esildealba.com\/blog\/#\/schema\/person\/6119b6b1a205fafb9d8f78934e629201\",\"name\":\"adminesil\",\"image\":{\"@type\":\"ImageObject\",\"inLanguage\":\"es\",\"@id\":\"https:\/\/esildealba.com\/blog\/#\/schema\/person\/image\/\",\"url\":\"https:\/\/secure.gravatar.com\/avatar\/8485c6d1488deb63c7cedfd6362bb58533258598131f893c5efc794326c616e2?s=96&d=mm&r=g\",\"contentUrl\":\"https:\/\/secure.gravatar.com\/avatar\/8485c6d1488deb63c7cedfd6362bb58533258598131f893c5efc794326c616e2?s=96&d=mm&r=g\",\"caption\":\"adminesil\"},\"url\":\"https:\/\/esildealba.com\/blog\/author\/adminesil\/\"}]}<\/script>\n<!-- \/ Yoast SEO plugin. -->","yoast_head_json":{"title":"Azulejos para el ba\u00f1o. El color gris est\u00e1 de moda. Ideas!","description":"El gris es un color neutro para los azulejos que nos permite muchas posibilidades: matices m\u00e1s claros, m\u00e1s oscuros... tonos calidos, fr\u00edos...","robots":{"index":"index","follow":"follow","max-snippet":"max-snippet:-1","max-image-preview":"max-image-preview:large","max-video-preview":"max-video-preview:-1"},"canonical":"https:\/\/esildealba.com\/blog\/azulejos-bano-gris-esta-moda\/","og_locale":"es_ES","og_type":"article","og_title":"Azulejos para el ba\u00f1o. El color gris est\u00e1 de moda. Ideas!","og_description":"El gris es un color neutro para los azulejos que nos permite muchas posibilidades: matices m\u00e1s claros, m\u00e1s oscuros... tonos calidos, fr\u00edos...","og_url":"https:\/\/esildealba.com\/blog\/azulejos-bano-gris-esta-moda\/","og_site_name":"El blog de Esil de Alba","article_published_time":"2018-08-20T10:01:08+00:00","article_modified_time":"2018-08-20T10:03:28+00:00","og_image":[{"width":800,"height":584,"url":"https:\/\/esildealba.com\/blog\/wp-content\/uploads\/2018\/08\/Amb-7503-gris-perla.jpg","type":"image\/jpeg"}],"author":"adminesil","twitter_card":"summary_large_image","twitter_misc":{"Escrito por":"adminesil","Tiempo de lectura":"2 minutos"},"schema":{"@context":"https:\/\/schema.org","@graph":[{"@type":"Article","@id":"https:\/\/esildealba.com\/blog\/azulejos-bano-gris-esta-moda\/#article","isPartOf":{"@id":"https:\/\/esildealba.com\/blog\/azulejos-bano-gris-esta-moda\/"},"author":{"name":"adminesil","@id":"https:\/\/esildealba.com\/blog\/#\/schema\/person\/6119b6b1a205fafb9d8f78934e629201"},"headline":"Azulejos para el ba\u00f1o. El gris est\u00e1 de moda.","datePublished":"2018-08-20T10:01:08+00:00","dateModified":"2018-08-20T10:03:28+00:00","mainEntityOfPage":{"@id":"https:\/\/esildealba.com\/blog\/azulejos-bano-gris-esta-moda\/"},"wordCount":327,"commentCount":0,"image":{"@id":"https:\/\/esildealba.com\/blog\/azulejos-bano-gris-esta-moda\/#primaryimage"},"thumbnailUrl":"https:\/\/esildealba.com\/blog\/wp-content\/uploads\/2018\/08\/Amb-7503-gris-perla.jpg","keywords":["azulejos y pavimentos","ideas para el ba\u00f1o","reformas"],"articleSection":["Azulejos y pavimentos","Ba\u00f1os","Decoraci\u00f3n","Uncategorized"],"inLanguage":"es","potentialAction":[{"@type":"CommentAction","name":"Comment","target":["https:\/\/esildealba.com\/blog\/azulejos-bano-gris-esta-moda\/#respond"]}]},{"@type":"WebPage","@id":"https:\/\/esildealba.com\/blog\/azulejos-bano-gris-esta-moda\/","url":"https:\/\/esildealba.com\/blog\/azulejos-bano-gris-esta-moda\/","name":"Azulejos para el ba\u00f1o. El color gris est\u00e1 de moda. Ideas!","isPartOf":{"@id":"https:\/\/esildealba.com\/blog\/#website"},"primaryImageOfPage":{"@id":"https:\/\/esildealba.com\/blog\/azulejos-bano-gris-esta-moda\/#primaryimage"},"image":{"@id":"https:\/\/esildealba.com\/blog\/azulejos-bano-gris-esta-moda\/#primaryimage"},"thumbnailUrl":"https:\/\/esildealba.com\/blog\/wp-content\/uploads\/2018\/08\/Amb-7503-gris-perla.jpg","datePublished":"2018-08-20T10:01:08+00:00","dateModified":"2018-08-20T10:03:28+00:00","author":{"@id":"https:\/\/esildealba.com\/blog\/#\/schema\/person\/6119b6b1a205fafb9d8f78934e629201"},"description":"El gris es un color neutro para los azulejos que nos permite muchas posibilidades: matices m\u00e1s claros, m\u00e1s oscuros... tonos calidos, fr\u00edos...","breadcrumb":{"@id":"https:\/\/esildealba.com\/blog\/azulejos-bano-gris-esta-moda\/#breadcrumb"},"inLanguage":"es","potentialAction":[{"@type":"ReadAction","target":["https:\/\/esildealba.com\/blog\/azulejos-bano-gris-esta-moda\/"]}]},{"@type":"ImageObject","inLanguage":"es","@id":"https:\/\/esildealba.com\/blog\/azulejos-bano-gris-esta-moda\/#primaryimage","url":"https:\/\/esildealba.com\/blog\/wp-content\/uploads\/2018\/08\/Amb-7503-gris-perla.jpg","contentUrl":"https:\/\/esildealba.com\/blog\/wp-content\/uploads\/2018\/08\/Amb-7503-gris-perla.jpg","width":800,"height":584,"caption":"Azulejos para el ba\u00f1o"},{"@type":"BreadcrumbList","@id":"https:\/\/esildealba.com\/blog\/azulejos-bano-gris-esta-moda\/#breadcrumb","itemListElement":[{"@type":"ListItem","position":1,"name":"Portada","item":"https:\/\/esildealba.com\/blog\/"},{"@type":"ListItem","position":2,"name":"Azulejos para el ba\u00f1o. El gris est\u00e1 de moda."}]},{"@type":"WebSite","@id":"https:\/\/esildealba.com\/blog\/#website","url":"https:\/\/esildealba.com\/blog\/","name":"El blog de Esil de Alba","description":"Pavimentos, gres, azulejos y mobiliario del hogar en Madrid","potentialAction":[{"@type":"SearchAction","target":{"@type":"EntryPoint","urlTemplate":"https:\/\/esildealba.com\/blog\/?s={search_term_string}"},"query-input":{"@type":"PropertyValueSpecification","valueRequired":true,"valueName":"search_term_string"}}],"inLanguage":"es"},{"@type":"Person","@id":"https:\/\/esildealba.com\/blog\/#\/schema\/person\/6119b6b1a205fafb9d8f78934e629201","name":"adminesil","image":{"@type":"ImageObject","inLanguage":"es","@id":"https:\/\/esildealba.com\/blog\/#\/schema\/person\/image\/","url":"https:\/\/secure.gravatar.com\/avatar\/8485c6d1488deb63c7cedfd6362bb58533258598131f893c5efc794326c616e2?s=96&d=mm&r=g","contentUrl":"https:\/\/secure.gravatar.com\/avatar\/8485c6d1488deb63c7cedfd6362bb58533258598131f893c5efc794326c616e2?s=96&d=mm&r=g","caption":"adminesil"},"url":"https:\/\/esildealba.com\/blog\/author\/adminesil\/"}]}},"_links":{"self":[{"href":"https:\/\/esildealba.com\/blog\/wp-json\/wp\/v2\/posts\/471","targetHints":{"allow":["GET"]}}],"collection":[{"href":"https:\/\/esildealba.com\/blog\/wp-json\/wp\/v2\/posts"}],"about":[{"href":"https:\/\/esildealba.com\/blog\/wp-json\/wp\/v2\/types\/post"}],"author":[{"embeddable":true,"href":"https:\/\/esildealba.com\/blog\/wp-json\/wp\/v2\/users\/1"}],"replies":[{"embeddable":true,"href":"https:\/\/esildealba.com\/blog\/wp-json\/wp\/v2\/comments?post=471"}],"version-history":[{"count":1,"href":"https:\/\/esildealba.com\/blog\/wp-json\/wp\/v2\/posts\/471\/revisions"}],"predecessor-version":[{"id":476,"href":"https:\/\/esildealba.com\/blog\/wp-json\/wp\/v2\/posts\/471\/revisions\/476"}],"wp:featuredmedia":[{"embeddable":true,"href":"https:\/\/esildealba.com\/blog\/wp-json\/wp\/v2\/media\/472"}],"wp:attachment":[{"href":"https:\/\/esildealba.com\/blog\/wp-json\/wp\/v2\/media?parent=471"}],"wp:term":[{"taxonomy":"category","embeddable":true,"href":"https:\/\/esildealba.com\/blog\/wp-json\/wp\/v2\/categories?post=471"},{"taxonomy":"post_tag","embeddable":true,"href":"https:\/\/esildealba.com\/blog\/wp-json\/wp\/v2\/tags?post=471"}],"curies":[{"name":"wp","href":"https:\/\/api.w.org\/{rel}","templated":true}]}}