{"id":542,"date":"2018-12-20T14:42:45","date_gmt":"2018-12-20T14:42:45","guid":{"rendered":"http:\/\/esildealba.com\/blog\/?p=542"},"modified":"2018-12-20T14:42:45","modified_gmt":"2018-12-20T14:42:45","slug":"decoracion-viste-mesa-gala-navidad","status":"publish","type":"post","link":"https:\/\/esildealba.com\/blog\/decoracion-viste-mesa-gala-navidad\/","title":{"rendered":"Decoraci\u00f3n: viste tu mesa con los colores de gala en Navidad."},"content":{"rendered":"<h6><strong>Se acercan las Fiestas Navide\u00f1as y este a\u00f1o se celebran en tu casa&#8230;<\/strong><\/h6>\n<p>Ya tienes todo previsto. El men\u00fa, los lugares que ocupar\u00e1n los comensales, los vinos a servir con cada plato, el postre&#8230; Ahora s\u00f3lo falta crear un <strong>ambiente ideal<\/strong> en torno a la mesa alrededor de la cual se sentar\u00e1n los invitados.<\/p>\n<p><strong>La decoraci\u00f3n para vestir la mesa en Navidad<\/strong> ir\u00e1 del todo unida al tipo de estilo navide\u00f1o que hayamos querido dar a nuestro hogar. Cl\u00e1sico, moderno, n\u00f3rdico, vanguardista, estilo eco&#8230; <strong>la decoraci\u00f3n navide\u00f1a es todo un mundo!<\/strong><\/p>\n<h5><strong>El rojo y el verde, decoraci\u00f3n con colores cl\u00e1sicos de la Navidad.<br \/>\n<\/strong><\/h5>\n<p>Ya sabemos que el rojo y el verde son colores <strong>t\u00edpcos para la Navidad<\/strong>. Podemos crear una <strong>decoraci\u00f3n de estilo m\u00e1s cl\u00e1sico<\/strong> con la combinaci\u00f3n de elementos de estos colores tanto en los testiles como en los bajo platos. Tambi\u00e9n podemos utilizar un \u00e1rbol navide\u00f1o en miniatura para crear un <strong>centro de mesa divertido y original<\/strong>.<\/p>\n<p><img loading=\"lazy\" decoding=\"async\" class=\"alignnone size-full wp-image-607\" src=\"https:\/\/esildealba.com\/blog\/wp-content\/uploads\/2018\/12\/christmas-table-1909797_1920.jpg\" alt=\"Decoraci\u00f3n, interiorismo\" width=\"850\" height=\"558\" \/><\/p>\n<h5><strong>Y el plata tambi\u00e9n nos encanta.<br \/>\n<\/strong><\/h5>\n<p><strong>El color gris plata es un tono sobrio y elegante<\/strong>. La combinaci\u00f3n en los textiles del color plata con el rojo t\u00edpico navide\u00f1o crea un <strong>bonito juego de contrastes<\/strong>. Podemos aprovechar la ocasi\u00f3n para utilizar <strong>cristaler\u00eda de estilo fantas\u00eda<\/strong>. Y rematar la decoraci\u00f3n de la mesa con peque\u00f1os detalles a juego con estos tonos.<\/p>\n<p><img loading=\"lazy\" decoding=\"async\" class=\"alignnone size-full wp-image-605\" src=\"https:\/\/esildealba.com\/blog\/wp-content\/uploads\/2018\/12\/table-1930862_1920.jpg\" alt=\"Esil de Alba especialistas en decoraci\u00f3n. Madrid, sierra noroeste, Majadahonda, Pozuelo de Alarc\u00f3n, Las Rozas.\" width=\"1920\" height=\"1280\" \/><\/p>\n<h5><strong>Y por supuesto, el dorado que no falte.<br \/>\n<\/strong><\/h5>\n<p><strong>El color oro es luminoso, brillante, festivo y bien utilizado, tambi\u00e9n muy elegante<\/strong>. Este color es otro de los cl\u00e1sicos para estas fiestas. Los tonos nude en los textiles combinados con el dorado crean un <strong>ambiente c\u00e1lido y agradable<\/strong>. Si utilizamos una vajilla con alg\u00fan detalle de color en contraste llamaremos la atenci\u00f3n sobre los platos. <strong>Es una bonita idea colocar peque\u00f1os detalles para los comensales.<\/strong><\/p>\n<p><img loading=\"lazy\" decoding=\"async\" class=\"alignnone size-full wp-image-606\" src=\"https:\/\/esildealba.com\/blog\/wp-content\/uploads\/2018\/12\/table-3815050_1920.jpg\" alt=\"Ideas para tu hogar.\" width=\"850\" height=\"567\" \/><\/p>\n<p><img loading=\"lazy\" decoding=\"async\" class=\"alignnone size-full wp-image-603\" src=\"https:\/\/esildealba.com\/blog\/wp-content\/uploads\/2018\/12\/dining-table-3838233_1920.jpg\" alt=\"\" width=\"850\" height=\"1132\" \/><\/p>\n<h5><strong>Luces y sombras. Colores que se esconden.<br \/>\n<\/strong><\/h5>\n<p><strong>Crear un efecto de contrastes con la iluminaci\u00f3n de la mesa nos ayudar\u00e1 a crear un ambiente \u00edntimo<\/strong>. Si adem\u00e1s utilizamos una decoraci\u00f3n original conseguiremos un estilo muy actual. <strong>Ideal para una cena m\u00e1s informal<\/strong>. De nuevo los detalles de los elementos de la decoraci\u00f3n navide\u00f1a nos ayudar\u00e1n a crear un ambiente festivo en torno a nuestra mesa.<\/p>\n<p><img loading=\"lazy\" decoding=\"async\" class=\"alignnone size-full wp-image-608\" src=\"https:\/\/esildealba.com\/blog\/wp-content\/uploads\/2018\/12\/table-decoration-1903848_1920.jpg\" alt=\"Material para reformas en Esil de Alba.\" width=\"637\" height=\"351\" \/><\/p>\n<p><strong>En <a href=\"http:\/\/www.esildealba.com\/\">Esil de Alba<\/a> somos especialistas en decoraci\u00f3n<\/strong>. Contamos con una <a href=\"http:\/\/www.esildealba.com\/contacto.php\"><strong>gran exposici\u00f3n<\/strong><\/a> en la que podr\u00e1s ver todas nuestras <strong>novedades en azulejos y pavimentos, cocinas y ba\u00f1os<\/strong>. Estamos en plena sierra noroeste de Madrid, en Alpedrete, muy cera de Majadahonda, Pozuelo de Alarc\u00f3n, Las Rozas, Boadilla del Monte, Villalba y El Escorial. <strong>Ven a Esil de Alba, te esperamos!<\/strong><\/p>\n","protected":false},"excerpt":{"rendered":"<p>Se acercan las Fiestas Navide\u00f1as y este a\u00f1o se celebran en tu casa&#8230;<\/p>\n<p>Ya tienes todo previsto. El men\u00fa, los lugares que ocupar\u00e1n los comensales, los vinos a servir con cada plato, el postre&#8230; Ahora s\u00f3lo falta crear un ambiente ideal en torno a la mesa alrededor de la cual se sentar\u00e1n los invitados.<\/p>\n<p>La decoraci\u00f3n para vestir la mesa en Navidad ir\u00e1 del todo unida al tipo de estilo navide\u00f1o que hayamos querido dar a nuestro hogar. Cl\u00e1sico, moderno, n\u00f3rdico, vanguardista, estilo eco&#8230; la decoraci\u00f3n navide\u00f1a es todo un mundo!<\/p>\n","protected":false},"author":1,"featured_media":604,"comment_status":"open","ping_status":"open","sticky":false,"template":"","format":"standard","meta":{"footnotes":""},"categories":[18],"tags":[10,102,101],"class_list":["post-542","post","type-post","status-publish","format-standard","has-post-thumbnail","hentry","category-decoracion","tag-decoracion","tag-ideas","tag-navidad"],"yoast_head":"<!-- This site is optimized with the Yoast SEO plugin v27.0 - https:\/\/yoast.com\/product\/yoast-seo-wordpress\/ -->\n<title>Decoraci\u00f3n: viste tu mesa de gala en Navidad con estas ideas.<\/title>\n<meta name=\"description\" content=\"Se acercan las Fiestas Navide\u00f1as y este a\u00f1o se celebran en tu casa... mira estas ideas para la decoraci\u00f3n de tu mesa en estas celebraciones.\" \/>\n<meta name=\"robots\" content=\"index, follow, max-snippet:-1, max-image-preview:large, max-video-preview:-1\" \/>\n<link rel=\"canonical\" href=\"https:\/\/esildealba.com\/blog\/decoracion-viste-mesa-gala-navidad\/\" \/>\n<meta property=\"og:locale\" content=\"es_ES\" \/>\n<meta property=\"og:type\" content=\"article\" \/>\n<meta property=\"og:title\" content=\"Decoraci\u00f3n: viste tu mesa de gala en Navidad con estas ideas.\" \/>\n<meta property=\"og:description\" content=\"Se acercan las Fiestas Navide\u00f1as y este a\u00f1o se celebran en tu casa... mira estas ideas para la decoraci\u00f3n de tu mesa en estas celebraciones.\" \/>\n<meta property=\"og:url\" content=\"https:\/\/esildealba.com\/blog\/decoracion-viste-mesa-gala-navidad\/\" \/>\n<meta property=\"og:site_name\" content=\"El blog de Esil de Alba\" \/>\n<meta property=\"article:published_time\" content=\"2018-12-20T14:42:45+00:00\" \/>\n<meta property=\"og:image\" content=\"https:\/\/esildealba.com\/blog\/wp-content\/uploads\/2018\/12\/Fotolia_232290333_Subscription_Monthly_M.jpg\" \/>\n\t<meta property=\"og:image:width\" content=\"850\" \/>\n\t<meta property=\"og:image:height\" content=\"567\" \/>\n\t<meta property=\"og:image:type\" content=\"image\/jpeg\" \/>\n<meta name=\"author\" content=\"adminesil\" \/>\n<meta name=\"twitter:card\" content=\"summary_large_image\" \/>\n<meta name=\"twitter:label1\" content=\"Escrito por\" \/>\n\t<meta name=\"twitter:data1\" content=\"adminesil\" \/>\n\t<meta name=\"twitter:label2\" content=\"Tiempo de lectura\" \/>\n\t<meta name=\"twitter:data2\" content=\"2 minutos\" \/>\n<script type=\"application\/ld+json\" class=\"yoast-schema-graph\">{\"@context\":\"https:\/\/schema.org\",\"@graph\":[{\"@type\":\"Article\",\"@id\":\"https:\/\/esildealba.com\/blog\/decoracion-viste-mesa-gala-navidad\/#article\",\"isPartOf\":{\"@id\":\"https:\/\/esildealba.com\/blog\/decoracion-viste-mesa-gala-navidad\/\"},\"author\":{\"name\":\"adminesil\",\"@id\":\"https:\/\/esildealba.com\/blog\/#\/schema\/person\/6119b6b1a205fafb9d8f78934e629201\"},\"headline\":\"Decoraci\u00f3n: viste tu mesa con los colores de gala en Navidad.\",\"datePublished\":\"2018-12-20T14:42:45+00:00\",\"mainEntityOfPage\":{\"@id\":\"https:\/\/esildealba.com\/blog\/decoracion-viste-mesa-gala-navidad\/\"},\"wordCount\":477,\"commentCount\":0,\"image\":{\"@id\":\"https:\/\/esildealba.com\/blog\/decoracion-viste-mesa-gala-navidad\/#primaryimage\"},\"thumbnailUrl\":\"https:\/\/esildealba.com\/blog\/wp-content\/uploads\/2018\/12\/Fotolia_232290333_Subscription_Monthly_M.jpg\",\"keywords\":[\"decoraci\u00f3n\",\"ideas\",\"navidad\"],\"articleSection\":[\"Decoraci\u00f3n\"],\"inLanguage\":\"es\",\"potentialAction\":[{\"@type\":\"CommentAction\",\"name\":\"Comment\",\"target\":[\"https:\/\/esildealba.com\/blog\/decoracion-viste-mesa-gala-navidad\/#respond\"]}]},{\"@type\":\"WebPage\",\"@id\":\"https:\/\/esildealba.com\/blog\/decoracion-viste-mesa-gala-navidad\/\",\"url\":\"https:\/\/esildealba.com\/blog\/decoracion-viste-mesa-gala-navidad\/\",\"name\":\"Decoraci\u00f3n: viste tu mesa de gala en Navidad con estas ideas.\",\"isPartOf\":{\"@id\":\"https:\/\/esildealba.com\/blog\/#website\"},\"primaryImageOfPage\":{\"@id\":\"https:\/\/esildealba.com\/blog\/decoracion-viste-mesa-gala-navidad\/#primaryimage\"},\"image\":{\"@id\":\"https:\/\/esildealba.com\/blog\/decoracion-viste-mesa-gala-navidad\/#primaryimage\"},\"thumbnailUrl\":\"https:\/\/esildealba.com\/blog\/wp-content\/uploads\/2018\/12\/Fotolia_232290333_Subscription_Monthly_M.jpg\",\"datePublished\":\"2018-12-20T14:42:45+00:00\",\"author\":{\"@id\":\"https:\/\/esildealba.com\/blog\/#\/schema\/person\/6119b6b1a205fafb9d8f78934e629201\"},\"description\":\"Se acercan las Fiestas Navide\u00f1as y este a\u00f1o se celebran en tu casa... mira estas ideas para la decoraci\u00f3n de tu mesa en estas celebraciones.\",\"breadcrumb\":{\"@id\":\"https:\/\/esildealba.com\/blog\/decoracion-viste-mesa-gala-navidad\/#breadcrumb\"},\"inLanguage\":\"es\",\"potentialAction\":[{\"@type\":\"ReadAction\",\"target\":[\"https:\/\/esildealba.com\/blog\/decoracion-viste-mesa-gala-navidad\/\"]}]},{\"@type\":\"ImageObject\",\"inLanguage\":\"es\",\"@id\":\"https:\/\/esildealba.com\/blog\/decoracion-viste-mesa-gala-navidad\/#primaryimage\",\"url\":\"https:\/\/esildealba.com\/blog\/wp-content\/uploads\/2018\/12\/Fotolia_232290333_Subscription_Monthly_M.jpg\",\"contentUrl\":\"https:\/\/esildealba.com\/blog\/wp-content\/uploads\/2018\/12\/Fotolia_232290333_Subscription_Monthly_M.jpg\",\"width\":850,\"height\":567,\"caption\":\"Decoraci\u00f3n Esil de Alba\"},{\"@type\":\"BreadcrumbList\",\"@id\":\"https:\/\/esildealba.com\/blog\/decoracion-viste-mesa-gala-navidad\/#breadcrumb\",\"itemListElement\":[{\"@type\":\"ListItem\",\"position\":1,\"name\":\"Portada\",\"item\":\"https:\/\/esildealba.com\/blog\/\"},{\"@type\":\"ListItem\",\"position\":2,\"name\":\"Decoraci\u00f3n: viste tu mesa con los colores de gala en Navidad.\"}]},{\"@type\":\"WebSite\",\"@id\":\"https:\/\/esildealba.com\/blog\/#website\",\"url\":\"https:\/\/esildealba.com\/blog\/\",\"name\":\"El blog de Esil de Alba\",\"description\":\"Pavimentos, gres, azulejos y mobiliario del hogar en Madrid\",\"potentialAction\":[{\"@type\":\"SearchAction\",\"target\":{\"@type\":\"EntryPoint\",\"urlTemplate\":\"https:\/\/esildealba.com\/blog\/?s={search_term_string}\"},\"query-input\":{\"@type\":\"PropertyValueSpecification\",\"valueRequired\":true,\"valueName\":\"search_term_string\"}}],\"inLanguage\":\"es\"},{\"@type\":\"Person\",\"@id\":\"https:\/\/esildealba.com\/blog\/#\/schema\/person\/6119b6b1a205fafb9d8f78934e629201\",\"name\":\"adminesil\",\"image\":{\"@type\":\"ImageObject\",\"inLanguage\":\"es\",\"@id\":\"https:\/\/esildealba.com\/blog\/#\/schema\/person\/image\/\",\"url\":\"https:\/\/secure.gravatar.com\/avatar\/8485c6d1488deb63c7cedfd6362bb58533258598131f893c5efc794326c616e2?s=96&d=mm&r=g\",\"contentUrl\":\"https:\/\/secure.gravatar.com\/avatar\/8485c6d1488deb63c7cedfd6362bb58533258598131f893c5efc794326c616e2?s=96&d=mm&r=g\",\"caption\":\"adminesil\"},\"url\":\"https:\/\/esildealba.com\/blog\/author\/adminesil\/\"}]}<\/script>\n<!-- \/ Yoast SEO plugin. -->","yoast_head_json":{"title":"Decoraci\u00f3n: viste tu mesa de gala en Navidad con estas ideas.","description":"Se acercan las Fiestas Navide\u00f1as y este a\u00f1o se celebran en tu casa... mira estas ideas para la decoraci\u00f3n de tu mesa en estas celebraciones.","robots":{"index":"index","follow":"follow","max-snippet":"max-snippet:-1","max-image-preview":"max-image-preview:large","max-video-preview":"max-video-preview:-1"},"canonical":"https:\/\/esildealba.com\/blog\/decoracion-viste-mesa-gala-navidad\/","og_locale":"es_ES","og_type":"article","og_title":"Decoraci\u00f3n: viste tu mesa de gala en Navidad con estas ideas.","og_description":"Se acercan las Fiestas Navide\u00f1as y este a\u00f1o se celebran en tu casa... mira estas ideas para la decoraci\u00f3n de tu mesa en estas celebraciones.","og_url":"https:\/\/esildealba.com\/blog\/decoracion-viste-mesa-gala-navidad\/","og_site_name":"El blog de Esil de Alba","article_published_time":"2018-12-20T14:42:45+00:00","og_image":[{"width":850,"height":567,"url":"https:\/\/esildealba.com\/blog\/wp-content\/uploads\/2018\/12\/Fotolia_232290333_Subscription_Monthly_M.jpg","type":"image\/jpeg"}],"author":"adminesil","twitter_card":"summary_large_image","twitter_misc":{"Escrito por":"adminesil","Tiempo de lectura":"2 minutos"},"schema":{"@context":"https:\/\/schema.org","@graph":[{"@type":"Article","@id":"https:\/\/esildealba.com\/blog\/decoracion-viste-mesa-gala-navidad\/#article","isPartOf":{"@id":"https:\/\/esildealba.com\/blog\/decoracion-viste-mesa-gala-navidad\/"},"author":{"name":"adminesil","@id":"https:\/\/esildealba.com\/blog\/#\/schema\/person\/6119b6b1a205fafb9d8f78934e629201"},"headline":"Decoraci\u00f3n: viste tu mesa con los colores de gala en Navidad.","datePublished":"2018-12-20T14:42:45+00:00","mainEntityOfPage":{"@id":"https:\/\/esildealba.com\/blog\/decoracion-viste-mesa-gala-navidad\/"},"wordCount":477,"commentCount":0,"image":{"@id":"https:\/\/esildealba.com\/blog\/decoracion-viste-mesa-gala-navidad\/#primaryimage"},"thumbnailUrl":"https:\/\/esildealba.com\/blog\/wp-content\/uploads\/2018\/12\/Fotolia_232290333_Subscription_Monthly_M.jpg","keywords":["decoraci\u00f3n","ideas","navidad"],"articleSection":["Decoraci\u00f3n"],"inLanguage":"es","potentialAction":[{"@type":"CommentAction","name":"Comment","target":["https:\/\/esildealba.com\/blog\/decoracion-viste-mesa-gala-navidad\/#respond"]}]},{"@type":"WebPage","@id":"https:\/\/esildealba.com\/blog\/decoracion-viste-mesa-gala-navidad\/","url":"https:\/\/esildealba.com\/blog\/decoracion-viste-mesa-gala-navidad\/","name":"Decoraci\u00f3n: viste tu mesa de gala en Navidad con estas ideas.","isPartOf":{"@id":"https:\/\/esildealba.com\/blog\/#website"},"primaryImageOfPage":{"@id":"https:\/\/esildealba.com\/blog\/decoracion-viste-mesa-gala-navidad\/#primaryimage"},"image":{"@id":"https:\/\/esildealba.com\/blog\/decoracion-viste-mesa-gala-navidad\/#primaryimage"},"thumbnailUrl":"https:\/\/esildealba.com\/blog\/wp-content\/uploads\/2018\/12\/Fotolia_232290333_Subscription_Monthly_M.jpg","datePublished":"2018-12-20T14:42:45+00:00","author":{"@id":"https:\/\/esildealba.com\/blog\/#\/schema\/person\/6119b6b1a205fafb9d8f78934e629201"},"description":"Se acercan las Fiestas Navide\u00f1as y este a\u00f1o se celebran en tu casa... mira estas ideas para la decoraci\u00f3n de tu mesa en estas celebraciones.","breadcrumb":{"@id":"https:\/\/esildealba.com\/blog\/decoracion-viste-mesa-gala-navidad\/#breadcrumb"},"inLanguage":"es","potentialAction":[{"@type":"ReadAction","target":["https:\/\/esildealba.com\/blog\/decoracion-viste-mesa-gala-navidad\/"]}]},{"@type":"ImageObject","inLanguage":"es","@id":"https:\/\/esildealba.com\/blog\/decoracion-viste-mesa-gala-navidad\/#primaryimage","url":"https:\/\/esildealba.com\/blog\/wp-content\/uploads\/2018\/12\/Fotolia_232290333_Subscription_Monthly_M.jpg","contentUrl":"https:\/\/esildealba.com\/blog\/wp-content\/uploads\/2018\/12\/Fotolia_232290333_Subscription_Monthly_M.jpg","width":850,"height":567,"caption":"Decoraci\u00f3n Esil de Alba"},{"@type":"BreadcrumbList","@id":"https:\/\/esildealba.com\/blog\/decoracion-viste-mesa-gala-navidad\/#breadcrumb","itemListElement":[{"@type":"ListItem","position":1,"name":"Portada","item":"https:\/\/esildealba.com\/blog\/"},{"@type":"ListItem","position":2,"name":"Decoraci\u00f3n: viste tu mesa con los colores de gala en Navidad."}]},{"@type":"WebSite","@id":"https:\/\/esildealba.com\/blog\/#website","url":"https:\/\/esildealba.com\/blog\/","name":"El blog de Esil de Alba","description":"Pavimentos, gres, azulejos y mobiliario del hogar en Madrid","potentialAction":[{"@type":"SearchAction","target":{"@type":"EntryPoint","urlTemplate":"https:\/\/esildealba.com\/blog\/?s={search_term_string}"},"query-input":{"@type":"PropertyValueSpecification","valueRequired":true,"valueName":"search_term_string"}}],"inLanguage":"es"},{"@type":"Person","@id":"https:\/\/esildealba.com\/blog\/#\/schema\/person\/6119b6b1a205fafb9d8f78934e629201","name":"adminesil","image":{"@type":"ImageObject","inLanguage":"es","@id":"https:\/\/esildealba.com\/blog\/#\/schema\/person\/image\/","url":"https:\/\/secure.gravatar.com\/avatar\/8485c6d1488deb63c7cedfd6362bb58533258598131f893c5efc794326c616e2?s=96&d=mm&r=g","contentUrl":"https:\/\/secure.gravatar.com\/avatar\/8485c6d1488deb63c7cedfd6362bb58533258598131f893c5efc794326c616e2?s=96&d=mm&r=g","caption":"adminesil"},"url":"https:\/\/esildealba.com\/blog\/author\/adminesil\/"}]}},"_links":{"self":[{"href":"https:\/\/esildealba.com\/blog\/wp-json\/wp\/v2\/posts\/542","targetHints":{"allow":["GET"]}}],"collection":[{"href":"https:\/\/esildealba.com\/blog\/wp-json\/wp\/v2\/posts"}],"about":[{"href":"https:\/\/esildealba.com\/blog\/wp-json\/wp\/v2\/types\/post"}],"author":[{"embeddable":true,"href":"https:\/\/esildealba.com\/blog\/wp-json\/wp\/v2\/users\/1"}],"replies":[{"embeddable":true,"href":"https:\/\/esildealba.com\/blog\/wp-json\/wp\/v2\/comments?post=542"}],"version-history":[{"count":2,"href":"https:\/\/esildealba.com\/blog\/wp-json\/wp\/v2\/posts\/542\/revisions"}],"predecessor-version":[{"id":609,"href":"https:\/\/esildealba.com\/blog\/wp-json\/wp\/v2\/posts\/542\/revisions\/609"}],"wp:featuredmedia":[{"embeddable":true,"href":"https:\/\/esildealba.com\/blog\/wp-json\/wp\/v2\/media\/604"}],"wp:attachment":[{"href":"https:\/\/esildealba.com\/blog\/wp-json\/wp\/v2\/media?parent=542"}],"wp:term":[{"taxonomy":"category","embeddable":true,"href":"https:\/\/esildealba.com\/blog\/wp-json\/wp\/v2\/categories?post=542"},{"taxonomy":"post_tag","embeddable":true,"href":"https:\/\/esildealba.com\/blog\/wp-json\/wp\/v2\/tags?post=542"}],"curies":[{"name":"wp","href":"https:\/\/api.w.org\/{rel}","templated":true}]}}