{"id":554,"date":"2018-10-29T14:20:03","date_gmt":"2018-10-29T14:20:03","guid":{"rendered":"http:\/\/esildealba.com\/blog\/?p=554"},"modified":"2018-10-29T14:20:48","modified_gmt":"2018-10-29T14:20:48","slug":"muebles-dormitorio-contrastes-estilos","status":"publish","type":"post","link":"https:\/\/esildealba.com\/blog\/muebles-dormitorio-contrastes-estilos\/","title":{"rendered":"Muebles para el dormitorio. Contrastes y estilos."},"content":{"rendered":"<h6><strong>Los muebles para el dormitorio van a definir el estilo que queremos darle a este espacio de nuestro hogar. Las combinaciones adecuadas en las telas, los colores de las paredes y los accesorios conseguir\u00e1n el efecto deseado.<\/strong><\/h6>\n<p><strong>Los muebles para el dormitorio son una elecci\u00f3n importante<\/strong>. Si los compramos de buena calidad est\u00e1n destinados a durarnos mucho tiempo. Por eso, debemos tener en cuenta por tanto el estilo que queremos darle a la habitaci\u00f3n.<\/p>\n<p>En el post de hoy te hablaremos de colores y contrastes para crear espacios agradables y elegantes. Y por tanto, ideales para pasar nuestras horas de descanso y tambi\u00e9n momentos de ocio y de relax.<\/p>\n<h6><strong>Blanco y negro. El contraste por excelencia.<\/strong><\/h6>\n<p><strong>El juego de contraste con los colores blanco y negro es un cl\u00e1sico<\/strong>. El blanco representa la <strong>pureza<\/strong> y <strong>la luz<\/strong>, el negro es la <strong>elegancia<\/strong>, la <strong>noche<\/strong>&#8230; <strong>Un dormitorio en tonos blancos aportar\u00e1 luz y minimalismo al espacio<\/strong>. Es ideal combinarlo con el negro en los textiles y en los accesorios. L\u00e1mparas elegantes o una alfombra moderna en rayas aportar\u00e1n <strong>toques sofisticados<\/strong> al conjunto de la decoraci\u00f3n, como en el ejemplo de la imagen.<\/p>\n<div class=\"wrapper\"><\/div>\n<div id=\"attachment_556\" style=\"width: 810px\" class=\"wp-caption alignnone\"><img loading=\"lazy\" decoding=\"async\" aria-describedby=\"caption-attachment-556\" class=\"size-full wp-image-556\" src=\"https:\/\/esildealba.com\/blog\/wp-content\/uploads\/2018\/10\/AMB10026.jpg\" alt=\"Muebles para el dormitorio en Majadahonda, Las Rozas, Villalba, Alpedrete.\" width=\"800\" height=\"494\" \/><p id=\"caption-attachment-556\" class=\"wp-caption-text\">Colecci\u00f3n Sybil.<\/p><\/div>\n<h6><strong>Madera y tono c\u00e1lidos para un espacio atemporal.<br \/>\n<\/strong><\/h6>\n<p><strong>La madera es un material natural que aporta calidez y elegancia<\/strong>. Por eso es una muy buena opci\u00f3n para el dormitorio. En la imagen te proponemos el contraste entre la madera de roble y la laca gris. Queda ideal combiado con textiles en tonos neutros y plateados. Adem\u00e1s, la combinaci\u00f3n del tono c\u00e1lido de la madera con colores m\u00e1s frios en los diferentes accesorios le aporta <strong>estilo y personalidad<\/strong>.<\/p>\n<div class=\"wrapper\"><\/div>\n<div id=\"attachment_558\" style=\"width: 810px\" class=\"wp-caption alignnone\"><img loading=\"lazy\" decoding=\"async\" aria-describedby=\"caption-attachment-558\" class=\"size-full wp-image-558\" src=\"https:\/\/esildealba.com\/blog\/wp-content\/uploads\/2018\/10\/DormitorioRomantic.jpg\" alt=\"Azulejos y pavimentos en la sierra de Madrid.\" width=\"800\" height=\"600\" \/><p id=\"caption-attachment-558\" class=\"wp-caption-text\">Colecci\u00f3n Majestic.<\/p><\/div>\n<h6><strong>Dorados, nacarados&#8230; Estilo cl\u00e1sico contempor\u00e1neo.<\/strong><\/h6>\n<p>De nuevo hablamos de contrastes en nuestra siguiente propuesta. Pero <strong>en esta ocasi\u00f3n medimos la fuerza de los tonos tierra y madera de nogal c\u00e1lidos con la sutileza de los bl\u00e1ncos y nacarados<\/strong>. En la imagen proponemos la combinaci\u00f3n de materiales diferentes entre s\u00ed en las diferentes piezas del dormitorio. El cabecero tapizado en piel blanca crea contraste con las mesitas en madera en madera de nogal. Los textiles en tonos nacarados y tierra aportan <strong>elegancia y sofisticaci\u00f3n<\/strong> al conjunto.<\/p>\n<div class=\"wrapper\"><\/div>\n<div id=\"attachment_557\" style=\"width: 810px\" class=\"wp-caption alignnone\"><img loading=\"lazy\" decoding=\"async\" aria-describedby=\"caption-attachment-557\" class=\"size-full wp-image-557\" src=\"https:\/\/esildealba.com\/blog\/wp-content\/uploads\/2018\/10\/CamaEsmeraldaMesa.jpg\" alt=\"Todo lo que necesitas para tu reforma en Madrid.\" width=\"800\" height=\"655\" \/><p id=\"caption-attachment-557\" class=\"wp-caption-text\">Colecci\u00f3n Esmeralda.<\/p><\/div>\n<p><strong>En Esil de Alba somos especialistas en decoraci\u00f3n. <\/strong>En nuestro <a href=\"http:\/\/www.esildealba.com\/categorias.php\"><strong>cat\u00e1logo<\/strong><\/a> y en <strong><a href=\"http:\/\/www.esildealba.com\/contacto.php\" target=\"_blank\" rel=\"noopener\">nuestra exposici\u00f3n<\/a><\/strong> en Alpedrete, Madrid, encontrar\u00e1s todo lo que necesitas para darle <strong>estilo a tu hogar<\/strong>. <strong>Te esperamos!<\/strong><\/p>\n","protected":false},"excerpt":{"rendered":"<p>Los muebles para el dormitorio van a definir el estilo que queremos darle a este espacio de nuestro hogar. Las combinaciones adecuadas en las telas, los colores de las paredes y los accesorios conseguir\u00e1n el efecto deseado.<\/p>\n<p>Los muebles para el dormitorio son una elecci\u00f3n importante. Si los compramos de buena calidad est\u00e1n destinados a durarnos mucho tiempo. Por eso, debemos tener en cuenta por tanto el estilo que queremos darle a la habitaci\u00f3n.<\/p>\n","protected":false},"author":1,"featured_media":555,"comment_status":"open","ping_status":"open","sticky":false,"template":"","format":"standard","meta":{"footnotes":""},"categories":[18,5,40],"tags":[10,96,22],"class_list":["post-554","post","type-post","status-publish","format-standard","has-post-thumbnail","hentry","category-decoracion","category-mobiliario-hogar-madrid","category-muebles-auxiliares","tag-decoracion","tag-dormitorios","tag-espacios-con-estilo"],"yoast_head":"<!-- This site is optimized with the Yoast SEO plugin v27.0 - https:\/\/yoast.com\/product\/yoast-seo-wordpress\/ -->\n<title>Muebles para el dormitorio. Contrastes y estilos para tu hogar.<\/title>\n<meta name=\"description\" content=\"Los muebles para el dormitorio van a definir el estilo que queremos darle a este espacio de nuestro hogar, por eso su elecci\u00f3n es muy importante.\" \/>\n<meta name=\"robots\" content=\"index, follow, max-snippet:-1, max-image-preview:large, max-video-preview:-1\" \/>\n<link rel=\"canonical\" href=\"https:\/\/esildealba.com\/blog\/muebles-dormitorio-contrastes-estilos\/\" \/>\n<meta property=\"og:locale\" content=\"es_ES\" \/>\n<meta property=\"og:type\" content=\"article\" \/>\n<meta property=\"og:title\" content=\"Muebles para el dormitorio. Contrastes y estilos para tu hogar.\" \/>\n<meta property=\"og:description\" content=\"Los muebles para el dormitorio van a definir el estilo que queremos darle a este espacio de nuestro hogar, por eso su elecci\u00f3n es muy importante.\" \/>\n<meta property=\"og:url\" content=\"https:\/\/esildealba.com\/blog\/muebles-dormitorio-contrastes-estilos\/\" \/>\n<meta property=\"og:site_name\" content=\"El blog de Esil de Alba\" \/>\n<meta property=\"article:published_time\" content=\"2018-10-29T14:20:03+00:00\" \/>\n<meta property=\"article:modified_time\" content=\"2018-10-29T14:20:48+00:00\" \/>\n<meta property=\"og:image\" content=\"https:\/\/esildealba.com\/blog\/wp-content\/uploads\/2018\/10\/bedroom-416062_1280.jpg\" \/>\n\t<meta property=\"og:image:width\" content=\"1280\" \/>\n\t<meta property=\"og:image:height\" content=\"720\" \/>\n\t<meta property=\"og:image:type\" content=\"image\/jpeg\" \/>\n<meta name=\"author\" content=\"adminesil\" \/>\n<meta name=\"twitter:card\" content=\"summary_large_image\" \/>\n<meta name=\"twitter:label1\" content=\"Escrito por\" \/>\n\t<meta name=\"twitter:data1\" content=\"adminesil\" \/>\n\t<meta name=\"twitter:label2\" content=\"Tiempo de lectura\" \/>\n\t<meta name=\"twitter:data2\" content=\"2 minutos\" \/>\n<script type=\"application\/ld+json\" class=\"yoast-schema-graph\">{\"@context\":\"https:\/\/schema.org\",\"@graph\":[{\"@type\":\"Article\",\"@id\":\"https:\/\/esildealba.com\/blog\/muebles-dormitorio-contrastes-estilos\/#article\",\"isPartOf\":{\"@id\":\"https:\/\/esildealba.com\/blog\/muebles-dormitorio-contrastes-estilos\/\"},\"author\":{\"name\":\"adminesil\",\"@id\":\"https:\/\/esildealba.com\/blog\/#\/schema\/person\/6119b6b1a205fafb9d8f78934e629201\"},\"headline\":\"Muebles para el dormitorio. Contrastes y estilos.\",\"datePublished\":\"2018-10-29T14:20:03+00:00\",\"dateModified\":\"2018-10-29T14:20:48+00:00\",\"mainEntityOfPage\":{\"@id\":\"https:\/\/esildealba.com\/blog\/muebles-dormitorio-contrastes-estilos\/\"},\"wordCount\":447,\"commentCount\":0,\"image\":{\"@id\":\"https:\/\/esildealba.com\/blog\/muebles-dormitorio-contrastes-estilos\/#primaryimage\"},\"thumbnailUrl\":\"https:\/\/esildealba.com\/blog\/wp-content\/uploads\/2018\/10\/bedroom-416062_1280.jpg\",\"keywords\":[\"decoraci\u00f3n\",\"dormitorios\",\"espacios con estilo\"],\"articleSection\":[\"Decoraci\u00f3n\",\"Mobiliario del hogar\",\"Muebles auxiliares\"],\"inLanguage\":\"es\",\"potentialAction\":[{\"@type\":\"CommentAction\",\"name\":\"Comment\",\"target\":[\"https:\/\/esildealba.com\/blog\/muebles-dormitorio-contrastes-estilos\/#respond\"]}]},{\"@type\":\"WebPage\",\"@id\":\"https:\/\/esildealba.com\/blog\/muebles-dormitorio-contrastes-estilos\/\",\"url\":\"https:\/\/esildealba.com\/blog\/muebles-dormitorio-contrastes-estilos\/\",\"name\":\"Muebles para el dormitorio. Contrastes y estilos para tu hogar.\",\"isPartOf\":{\"@id\":\"https:\/\/esildealba.com\/blog\/#website\"},\"primaryImageOfPage\":{\"@id\":\"https:\/\/esildealba.com\/blog\/muebles-dormitorio-contrastes-estilos\/#primaryimage\"},\"image\":{\"@id\":\"https:\/\/esildealba.com\/blog\/muebles-dormitorio-contrastes-estilos\/#primaryimage\"},\"thumbnailUrl\":\"https:\/\/esildealba.com\/blog\/wp-content\/uploads\/2018\/10\/bedroom-416062_1280.jpg\",\"datePublished\":\"2018-10-29T14:20:03+00:00\",\"dateModified\":\"2018-10-29T14:20:48+00:00\",\"author\":{\"@id\":\"https:\/\/esildealba.com\/blog\/#\/schema\/person\/6119b6b1a205fafb9d8f78934e629201\"},\"description\":\"Los muebles para el dormitorio van a definir el estilo que queremos darle a este espacio de nuestro hogar, por eso su elecci\u00f3n es muy importante.\",\"breadcrumb\":{\"@id\":\"https:\/\/esildealba.com\/blog\/muebles-dormitorio-contrastes-estilos\/#breadcrumb\"},\"inLanguage\":\"es\",\"potentialAction\":[{\"@type\":\"ReadAction\",\"target\":[\"https:\/\/esildealba.com\/blog\/muebles-dormitorio-contrastes-estilos\/\"]}]},{\"@type\":\"ImageObject\",\"inLanguage\":\"es\",\"@id\":\"https:\/\/esildealba.com\/blog\/muebles-dormitorio-contrastes-estilos\/#primaryimage\",\"url\":\"https:\/\/esildealba.com\/blog\/wp-content\/uploads\/2018\/10\/bedroom-416062_1280.jpg\",\"contentUrl\":\"https:\/\/esildealba.com\/blog\/wp-content\/uploads\/2018\/10\/bedroom-416062_1280.jpg\",\"width\":1280,\"height\":720,\"caption\":\"Muebles para el dormitorio en madrid\"},{\"@type\":\"BreadcrumbList\",\"@id\":\"https:\/\/esildealba.com\/blog\/muebles-dormitorio-contrastes-estilos\/#breadcrumb\",\"itemListElement\":[{\"@type\":\"ListItem\",\"position\":1,\"name\":\"Portada\",\"item\":\"https:\/\/esildealba.com\/blog\/\"},{\"@type\":\"ListItem\",\"position\":2,\"name\":\"Muebles para el dormitorio. Contrastes y estilos.\"}]},{\"@type\":\"WebSite\",\"@id\":\"https:\/\/esildealba.com\/blog\/#website\",\"url\":\"https:\/\/esildealba.com\/blog\/\",\"name\":\"El blog de Esil de Alba\",\"description\":\"Pavimentos, gres, azulejos y mobiliario del hogar en Madrid\",\"potentialAction\":[{\"@type\":\"SearchAction\",\"target\":{\"@type\":\"EntryPoint\",\"urlTemplate\":\"https:\/\/esildealba.com\/blog\/?s={search_term_string}\"},\"query-input\":{\"@type\":\"PropertyValueSpecification\",\"valueRequired\":true,\"valueName\":\"search_term_string\"}}],\"inLanguage\":\"es\"},{\"@type\":\"Person\",\"@id\":\"https:\/\/esildealba.com\/blog\/#\/schema\/person\/6119b6b1a205fafb9d8f78934e629201\",\"name\":\"adminesil\",\"image\":{\"@type\":\"ImageObject\",\"inLanguage\":\"es\",\"@id\":\"https:\/\/esildealba.com\/blog\/#\/schema\/person\/image\/\",\"url\":\"https:\/\/secure.gravatar.com\/avatar\/8485c6d1488deb63c7cedfd6362bb58533258598131f893c5efc794326c616e2?s=96&d=mm&r=g\",\"contentUrl\":\"https:\/\/secure.gravatar.com\/avatar\/8485c6d1488deb63c7cedfd6362bb58533258598131f893c5efc794326c616e2?s=96&d=mm&r=g\",\"caption\":\"adminesil\"},\"url\":\"https:\/\/esildealba.com\/blog\/author\/adminesil\/\"}]}<\/script>\n<!-- \/ Yoast SEO plugin. -->","yoast_head_json":{"title":"Muebles para el dormitorio. Contrastes y estilos para tu hogar.","description":"Los muebles para el dormitorio van a definir el estilo que queremos darle a este espacio de nuestro hogar, por eso su elecci\u00f3n es muy importante.","robots":{"index":"index","follow":"follow","max-snippet":"max-snippet:-1","max-image-preview":"max-image-preview:large","max-video-preview":"max-video-preview:-1"},"canonical":"https:\/\/esildealba.com\/blog\/muebles-dormitorio-contrastes-estilos\/","og_locale":"es_ES","og_type":"article","og_title":"Muebles para el dormitorio. Contrastes y estilos para tu hogar.","og_description":"Los muebles para el dormitorio van a definir el estilo que queremos darle a este espacio de nuestro hogar, por eso su elecci\u00f3n es muy importante.","og_url":"https:\/\/esildealba.com\/blog\/muebles-dormitorio-contrastes-estilos\/","og_site_name":"El blog de Esil de Alba","article_published_time":"2018-10-29T14:20:03+00:00","article_modified_time":"2018-10-29T14:20:48+00:00","og_image":[{"width":1280,"height":720,"url":"https:\/\/esildealba.com\/blog\/wp-content\/uploads\/2018\/10\/bedroom-416062_1280.jpg","type":"image\/jpeg"}],"author":"adminesil","twitter_card":"summary_large_image","twitter_misc":{"Escrito por":"adminesil","Tiempo de lectura":"2 minutos"},"schema":{"@context":"https:\/\/schema.org","@graph":[{"@type":"Article","@id":"https:\/\/esildealba.com\/blog\/muebles-dormitorio-contrastes-estilos\/#article","isPartOf":{"@id":"https:\/\/esildealba.com\/blog\/muebles-dormitorio-contrastes-estilos\/"},"author":{"name":"adminesil","@id":"https:\/\/esildealba.com\/blog\/#\/schema\/person\/6119b6b1a205fafb9d8f78934e629201"},"headline":"Muebles para el dormitorio. Contrastes y estilos.","datePublished":"2018-10-29T14:20:03+00:00","dateModified":"2018-10-29T14:20:48+00:00","mainEntityOfPage":{"@id":"https:\/\/esildealba.com\/blog\/muebles-dormitorio-contrastes-estilos\/"},"wordCount":447,"commentCount":0,"image":{"@id":"https:\/\/esildealba.com\/blog\/muebles-dormitorio-contrastes-estilos\/#primaryimage"},"thumbnailUrl":"https:\/\/esildealba.com\/blog\/wp-content\/uploads\/2018\/10\/bedroom-416062_1280.jpg","keywords":["decoraci\u00f3n","dormitorios","espacios con estilo"],"articleSection":["Decoraci\u00f3n","Mobiliario del hogar","Muebles auxiliares"],"inLanguage":"es","potentialAction":[{"@type":"CommentAction","name":"Comment","target":["https:\/\/esildealba.com\/blog\/muebles-dormitorio-contrastes-estilos\/#respond"]}]},{"@type":"WebPage","@id":"https:\/\/esildealba.com\/blog\/muebles-dormitorio-contrastes-estilos\/","url":"https:\/\/esildealba.com\/blog\/muebles-dormitorio-contrastes-estilos\/","name":"Muebles para el dormitorio. Contrastes y estilos para tu hogar.","isPartOf":{"@id":"https:\/\/esildealba.com\/blog\/#website"},"primaryImageOfPage":{"@id":"https:\/\/esildealba.com\/blog\/muebles-dormitorio-contrastes-estilos\/#primaryimage"},"image":{"@id":"https:\/\/esildealba.com\/blog\/muebles-dormitorio-contrastes-estilos\/#primaryimage"},"thumbnailUrl":"https:\/\/esildealba.com\/blog\/wp-content\/uploads\/2018\/10\/bedroom-416062_1280.jpg","datePublished":"2018-10-29T14:20:03+00:00","dateModified":"2018-10-29T14:20:48+00:00","author":{"@id":"https:\/\/esildealba.com\/blog\/#\/schema\/person\/6119b6b1a205fafb9d8f78934e629201"},"description":"Los muebles para el dormitorio van a definir el estilo que queremos darle a este espacio de nuestro hogar, por eso su elecci\u00f3n es muy importante.","breadcrumb":{"@id":"https:\/\/esildealba.com\/blog\/muebles-dormitorio-contrastes-estilos\/#breadcrumb"},"inLanguage":"es","potentialAction":[{"@type":"ReadAction","target":["https:\/\/esildealba.com\/blog\/muebles-dormitorio-contrastes-estilos\/"]}]},{"@type":"ImageObject","inLanguage":"es","@id":"https:\/\/esildealba.com\/blog\/muebles-dormitorio-contrastes-estilos\/#primaryimage","url":"https:\/\/esildealba.com\/blog\/wp-content\/uploads\/2018\/10\/bedroom-416062_1280.jpg","contentUrl":"https:\/\/esildealba.com\/blog\/wp-content\/uploads\/2018\/10\/bedroom-416062_1280.jpg","width":1280,"height":720,"caption":"Muebles para el dormitorio en madrid"},{"@type":"BreadcrumbList","@id":"https:\/\/esildealba.com\/blog\/muebles-dormitorio-contrastes-estilos\/#breadcrumb","itemListElement":[{"@type":"ListItem","position":1,"name":"Portada","item":"https:\/\/esildealba.com\/blog\/"},{"@type":"ListItem","position":2,"name":"Muebles para el dormitorio. Contrastes y estilos."}]},{"@type":"WebSite","@id":"https:\/\/esildealba.com\/blog\/#website","url":"https:\/\/esildealba.com\/blog\/","name":"El blog de Esil de Alba","description":"Pavimentos, gres, azulejos y mobiliario del hogar en Madrid","potentialAction":[{"@type":"SearchAction","target":{"@type":"EntryPoint","urlTemplate":"https:\/\/esildealba.com\/blog\/?s={search_term_string}"},"query-input":{"@type":"PropertyValueSpecification","valueRequired":true,"valueName":"search_term_string"}}],"inLanguage":"es"},{"@type":"Person","@id":"https:\/\/esildealba.com\/blog\/#\/schema\/person\/6119b6b1a205fafb9d8f78934e629201","name":"adminesil","image":{"@type":"ImageObject","inLanguage":"es","@id":"https:\/\/esildealba.com\/blog\/#\/schema\/person\/image\/","url":"https:\/\/secure.gravatar.com\/avatar\/8485c6d1488deb63c7cedfd6362bb58533258598131f893c5efc794326c616e2?s=96&d=mm&r=g","contentUrl":"https:\/\/secure.gravatar.com\/avatar\/8485c6d1488deb63c7cedfd6362bb58533258598131f893c5efc794326c616e2?s=96&d=mm&r=g","caption":"adminesil"},"url":"https:\/\/esildealba.com\/blog\/author\/adminesil\/"}]}},"_links":{"self":[{"href":"https:\/\/esildealba.com\/blog\/wp-json\/wp\/v2\/posts\/554","targetHints":{"allow":["GET"]}}],"collection":[{"href":"https:\/\/esildealba.com\/blog\/wp-json\/wp\/v2\/posts"}],"about":[{"href":"https:\/\/esildealba.com\/blog\/wp-json\/wp\/v2\/types\/post"}],"author":[{"embeddable":true,"href":"https:\/\/esildealba.com\/blog\/wp-json\/wp\/v2\/users\/1"}],"replies":[{"embeddable":true,"href":"https:\/\/esildealba.com\/blog\/wp-json\/wp\/v2\/comments?post=554"}],"version-history":[{"count":5,"href":"https:\/\/esildealba.com\/blog\/wp-json\/wp\/v2\/posts\/554\/revisions"}],"predecessor-version":[{"id":563,"href":"https:\/\/esildealba.com\/blog\/wp-json\/wp\/v2\/posts\/554\/revisions\/563"}],"wp:featuredmedia":[{"embeddable":true,"href":"https:\/\/esildealba.com\/blog\/wp-json\/wp\/v2\/media\/555"}],"wp:attachment":[{"href":"https:\/\/esildealba.com\/blog\/wp-json\/wp\/v2\/media?parent=554"}],"wp:term":[{"taxonomy":"category","embeddable":true,"href":"https:\/\/esildealba.com\/blog\/wp-json\/wp\/v2\/categories?post=554"},{"taxonomy":"post_tag","embeddable":true,"href":"https:\/\/esildealba.com\/blog\/wp-json\/wp\/v2\/tags?post=554"}],"curies":[{"name":"wp","href":"https:\/\/api.w.org\/{rel}","templated":true}]}}