{"id":666,"date":"2019-03-12T18:05:13","date_gmt":"2019-03-12T18:05:13","guid":{"rendered":"http:\/\/esildealba.com\/blog\/?p=666"},"modified":"2019-03-12T18:05:13","modified_gmt":"2019-03-12T18:05:13","slug":"azulejos-texturas-paredes-mucha-vida","status":"publish","type":"post","link":"https:\/\/esildealba.com\/blog\/azulejos-texturas-paredes-mucha-vida\/","title":{"rendered":"Azulejos con texturas. Paredes con mucha vida."},"content":{"rendered":"<h5><strong>La combinaci\u00f3n de diferentes colores, acabados y texturas es todo un must en decoraci\u00f3n.<\/strong><\/h5>\n<p>Los azulejos con texturas son una muy buena opci\u00f3n para <strong>crear espacios diferentes<\/strong>. <strong>Adem\u00e1s de aportar estilo y crear efectos visuales atractivos<\/strong>. En nuestra propuesta de hoy os traemos unas ideas de decoraci\u00f3n de nuestras colecciones de <strong>azulejos y pavimentos<\/strong>. Descubre las mejores ideas para para distintos espacios del hogar.<\/p>\n<h6>Azulejos con texturas geom\u00e9tricas en el ba\u00f1o.<\/h6>\n<p>De nuestra <strong>Colecci\u00f3n Heritage<\/strong> os traemos esta propuesta tan interesante. As\u00ed, la combinaci\u00f3n de los colores lisos con la geometr\u00eda crea dos ambientes diferenciados en un mismo espacio. Gracias a la combinaci\u00f3n con el mobiliario de <strong>l\u00edneas minimalistas<\/strong> se crea un espacio muy actual.<\/p>\n<div id=\"attachment_667\" style=\"width: 2007px\" class=\"wp-caption alignnone\"><img loading=\"lazy\" decoding=\"async\" aria-describedby=\"caption-attachment-667\" class=\"wp-image-667 size-full\" src=\"https:\/\/esildealba.com\/blog\/wp-content\/uploads\/2019\/03\/AZULEV-HERITAGE-BLANCO-40x120.jpg\" alt=\"Azulejkos y pavimentos en Madrid. Cer\u00e1mica de la mejor calidad.\" width=\"1997\" height=\"1557\" \/><p id=\"caption-attachment-667\" class=\"wp-caption-text\">Colecci\u00f3n Heritage.<\/p><\/div>\n<h6>Texturas y colores para la cocina.<\/h6>\n<p>La <strong>combinaci\u00f3n de texturas y colores diferentes<\/strong> tambi\u00e9n es una muy buena opci\u00f3n para decorar la cocina. Gracias a los distintos acabados y motivos de nuestra colecci\u00f3n podemos crear interesantes combinaciones.<\/p>\n<div id=\"attachment_668\" style=\"width: 2510px\" class=\"wp-caption alignnone\"><img loading=\"lazy\" decoding=\"async\" aria-describedby=\"caption-attachment-668\" class=\"size-full wp-image-668\" src=\"https:\/\/esildealba.com\/blog\/wp-content\/uploads\/2019\/03\/SANCHIS-EVEREST-DECOR-KEFREN.jpg\" alt=\"Madria, Majadahonda, Pozuelo, Las Rozas, Villalba, El Escorial, Boadilla, Sierra Noroeste\" width=\"2500\" height=\"1750\" \/><p id=\"caption-attachment-668\" class=\"wp-caption-text\">Colecci\u00f3n Everest.<\/p><\/div>\n<h6>Office-comedor limpio y actual.<\/h6>\n<p>Un espacio agradable y acogedor es lo que proponemos con la propuesta de nuestra <strong>Colecci\u00f3n Logic<\/strong>. Que se consigue gracias a la combinaci\u00f3n de azulejos en color tierra en una pared con los <strong>azulejos sutilmente texturizados<\/strong> en la otra pared.<\/p>\n<div id=\"attachment_669\" style=\"width: 810px\" class=\"wp-caption alignnone\"><img loading=\"lazy\" decoding=\"async\" aria-describedby=\"caption-attachment-669\" class=\"wp-image-669 size-full\" src=\"https:\/\/esildealba.com\/blog\/wp-content\/uploads\/2019\/03\/Logic.jpg\" alt=\"Mobiliario cocinas. Mobiliario Ba\u00f1os. Azulejos con texturas.\" width=\"800\" height=\"868\" \/><p id=\"caption-attachment-669\" class=\"wp-caption-text\">Colecci\u00f3n Logic.<\/p><\/div>\n<p><strong>En <a href=\"http:\/\/www.esildealba.com\/\">Esil de Alba<\/a> somos un referente en la venta de azulejos y pavimentos en la Sierra Noroeste de Madrid.<\/strong> Adem\u00e1s en <a href=\"http:\/\/www.esildealba.com\/categorias\/azulejos-y-pavimentos_1\"><strong>nuestro cat\u00e1logo<\/strong><\/a> podr\u00e1s encontrar todo lo que necesitas para renovar tu hogar. Cocinas, ba\u00f1os y mucho m\u00e1s. Ven a visitarnos a <a href=\"http:\/\/www.esildealba.com\/contacto.php\"><strong>nuestra exposici\u00f3n<\/strong><\/a> de Alpedrete. Te esperamos!<\/p>\n","protected":false},"excerpt":{"rendered":"<p>La combinaci\u00f3n de diferentes colores, acabados y texturas es todo un must en decoraci\u00f3n.<\/p>\n<p>Los azulejos con texturas son una muy buena opci\u00f3n para crear espacios diferentes. Adem\u00e1s de aportar estilo y crear efectos visuales atractivos. En nuestra propuesta de hoy os traemos unas ideas de decoraci\u00f3n de nuestras colecciones de azulejos y pavimentos. Descubre las mejores ideas para para distintos espacios del hogar.<\/p>\n","protected":false},"author":1,"featured_media":670,"comment_status":"open","ping_status":"open","sticky":false,"template":"","format":"standard","meta":{"footnotes":""},"categories":[4,7,6,18,3,67],"tags":[13,17,10,12,112],"class_list":["post-666","post","type-post","status-publish","format-standard","has-post-thumbnail","hentry","category-azulejos-pavimentos-madrid","category-banos-madrid","category-cocinas-madrid","category-decoracion","category-noticias","category-reformas","tag-azulejos-y-pavimentos","tag-ceramica","tag-decoracion","tag-gres-porcelanico","tag-revestimientos"],"yoast_head":"<!-- This site is optimized with the Yoast SEO plugin v27.0 - https:\/\/yoast.com\/product\/yoast-seo-wordpress\/ -->\n<title>Azulejos con texturas para crear paredes con mucha vida.<\/title>\n<meta name=\"description\" content=\"Los azulejos con texturas son una muy buena opci\u00f3n para crear espacios diferentes. Adem\u00e1s de aprotar estilo y crear efectos visuales atractivos.\" \/>\n<meta name=\"robots\" content=\"index, follow, max-snippet:-1, max-image-preview:large, max-video-preview:-1\" \/>\n<link rel=\"canonical\" href=\"https:\/\/esildealba.com\/blog\/azulejos-texturas-paredes-mucha-vida\/\" \/>\n<meta property=\"og:locale\" content=\"es_ES\" \/>\n<meta property=\"og:type\" content=\"article\" \/>\n<meta property=\"og:title\" content=\"Azulejos con texturas para crear paredes con mucha vida.\" \/>\n<meta property=\"og:description\" content=\"Los azulejos con texturas son una muy buena opci\u00f3n para crear espacios diferentes. Adem\u00e1s de aprotar estilo y crear efectos visuales atractivos.\" \/>\n<meta property=\"og:url\" content=\"https:\/\/esildealba.com\/blog\/azulejos-texturas-paredes-mucha-vida\/\" \/>\n<meta property=\"og:site_name\" content=\"El blog de Esil de Alba\" \/>\n<meta property=\"article:published_time\" content=\"2019-03-12T18:05:13+00:00\" \/>\n<meta property=\"og:image\" content=\"https:\/\/esildealba.com\/blog\/wp-content\/uploads\/2019\/03\/CRISTACER-vertix1.jpg\" \/>\n\t<meta property=\"og:image:width\" content=\"1200\" \/>\n\t<meta property=\"og:image:height\" content=\"800\" \/>\n\t<meta property=\"og:image:type\" content=\"image\/jpeg\" \/>\n<meta name=\"author\" content=\"adminesil\" \/>\n<meta name=\"twitter:card\" content=\"summary_large_image\" \/>\n<meta name=\"twitter:label1\" content=\"Escrito por\" \/>\n\t<meta name=\"twitter:data1\" content=\"adminesil\" \/>\n\t<meta name=\"twitter:label2\" content=\"Tiempo de lectura\" \/>\n\t<meta name=\"twitter:data2\" content=\"1 minuto\" \/>\n<script type=\"application\/ld+json\" class=\"yoast-schema-graph\">{\"@context\":\"https:\/\/schema.org\",\"@graph\":[{\"@type\":\"Article\",\"@id\":\"https:\/\/esildealba.com\/blog\/azulejos-texturas-paredes-mucha-vida\/#article\",\"isPartOf\":{\"@id\":\"https:\/\/esildealba.com\/blog\/azulejos-texturas-paredes-mucha-vida\/\"},\"author\":{\"name\":\"adminesil\",\"@id\":\"https:\/\/esildealba.com\/blog\/#\/schema\/person\/6119b6b1a205fafb9d8f78934e629201\"},\"headline\":\"Azulejos con texturas. Paredes con mucha vida.\",\"datePublished\":\"2019-03-12T18:05:13+00:00\",\"mainEntityOfPage\":{\"@id\":\"https:\/\/esildealba.com\/blog\/azulejos-texturas-paredes-mucha-vida\/\"},\"wordCount\":306,\"commentCount\":0,\"image\":{\"@id\":\"https:\/\/esildealba.com\/blog\/azulejos-texturas-paredes-mucha-vida\/#primaryimage\"},\"thumbnailUrl\":\"https:\/\/esildealba.com\/blog\/wp-content\/uploads\/2019\/03\/CRISTACER-vertix1.jpg\",\"keywords\":[\"azulejos y pavimentos\",\"cer\u00e1mica\",\"decoraci\u00f3n\",\"gres porcel\u00e1nico\",\"revestimientos\"],\"articleSection\":[\"Azulejos y pavimentos\",\"Ba\u00f1os\",\"Cocinas\",\"Decoraci\u00f3n\",\"Noticias\",\"Reformas\"],\"inLanguage\":\"es\",\"potentialAction\":[{\"@type\":\"CommentAction\",\"name\":\"Comment\",\"target\":[\"https:\/\/esildealba.com\/blog\/azulejos-texturas-paredes-mucha-vida\/#respond\"]}]},{\"@type\":\"WebPage\",\"@id\":\"https:\/\/esildealba.com\/blog\/azulejos-texturas-paredes-mucha-vida\/\",\"url\":\"https:\/\/esildealba.com\/blog\/azulejos-texturas-paredes-mucha-vida\/\",\"name\":\"Azulejos con texturas para crear paredes con mucha vida.\",\"isPartOf\":{\"@id\":\"https:\/\/esildealba.com\/blog\/#website\"},\"primaryImageOfPage\":{\"@id\":\"https:\/\/esildealba.com\/blog\/azulejos-texturas-paredes-mucha-vida\/#primaryimage\"},\"image\":{\"@id\":\"https:\/\/esildealba.com\/blog\/azulejos-texturas-paredes-mucha-vida\/#primaryimage\"},\"thumbnailUrl\":\"https:\/\/esildealba.com\/blog\/wp-content\/uploads\/2019\/03\/CRISTACER-vertix1.jpg\",\"datePublished\":\"2019-03-12T18:05:13+00:00\",\"author\":{\"@id\":\"https:\/\/esildealba.com\/blog\/#\/schema\/person\/6119b6b1a205fafb9d8f78934e629201\"},\"description\":\"Los azulejos con texturas son una muy buena opci\u00f3n para crear espacios diferentes. Adem\u00e1s de aprotar estilo y crear efectos visuales atractivos.\",\"breadcrumb\":{\"@id\":\"https:\/\/esildealba.com\/blog\/azulejos-texturas-paredes-mucha-vida\/#breadcrumb\"},\"inLanguage\":\"es\",\"potentialAction\":[{\"@type\":\"ReadAction\",\"target\":[\"https:\/\/esildealba.com\/blog\/azulejos-texturas-paredes-mucha-vida\/\"]}]},{\"@type\":\"ImageObject\",\"inLanguage\":\"es\",\"@id\":\"https:\/\/esildealba.com\/blog\/azulejos-texturas-paredes-mucha-vida\/#primaryimage\",\"url\":\"https:\/\/esildealba.com\/blog\/wp-content\/uploads\/2019\/03\/CRISTACER-vertix1.jpg\",\"contentUrl\":\"https:\/\/esildealba.com\/blog\/wp-content\/uploads\/2019\/03\/CRISTACER-vertix1.jpg\",\"width\":1200,\"height\":800,\"caption\":\"Decoraci\u00f3n. Reformas.\"},{\"@type\":\"BreadcrumbList\",\"@id\":\"https:\/\/esildealba.com\/blog\/azulejos-texturas-paredes-mucha-vida\/#breadcrumb\",\"itemListElement\":[{\"@type\":\"ListItem\",\"position\":1,\"name\":\"Portada\",\"item\":\"https:\/\/esildealba.com\/blog\/\"},{\"@type\":\"ListItem\",\"position\":2,\"name\":\"Azulejos con texturas. Paredes con mucha vida.\"}]},{\"@type\":\"WebSite\",\"@id\":\"https:\/\/esildealba.com\/blog\/#website\",\"url\":\"https:\/\/esildealba.com\/blog\/\",\"name\":\"El blog de Esil de Alba\",\"description\":\"Pavimentos, gres, azulejos y mobiliario del hogar en Madrid\",\"potentialAction\":[{\"@type\":\"SearchAction\",\"target\":{\"@type\":\"EntryPoint\",\"urlTemplate\":\"https:\/\/esildealba.com\/blog\/?s={search_term_string}\"},\"query-input\":{\"@type\":\"PropertyValueSpecification\",\"valueRequired\":true,\"valueName\":\"search_term_string\"}}],\"inLanguage\":\"es\"},{\"@type\":\"Person\",\"@id\":\"https:\/\/esildealba.com\/blog\/#\/schema\/person\/6119b6b1a205fafb9d8f78934e629201\",\"name\":\"adminesil\",\"image\":{\"@type\":\"ImageObject\",\"inLanguage\":\"es\",\"@id\":\"https:\/\/esildealba.com\/blog\/#\/schema\/person\/image\/\",\"url\":\"https:\/\/secure.gravatar.com\/avatar\/8485c6d1488deb63c7cedfd6362bb58533258598131f893c5efc794326c616e2?s=96&d=mm&r=g\",\"contentUrl\":\"https:\/\/secure.gravatar.com\/avatar\/8485c6d1488deb63c7cedfd6362bb58533258598131f893c5efc794326c616e2?s=96&d=mm&r=g\",\"caption\":\"adminesil\"},\"url\":\"https:\/\/esildealba.com\/blog\/author\/adminesil\/\"}]}<\/script>\n<!-- \/ Yoast SEO plugin. -->","yoast_head_json":{"title":"Azulejos con texturas para crear paredes con mucha vida.","description":"Los azulejos con texturas son una muy buena opci\u00f3n para crear espacios diferentes. Adem\u00e1s de aprotar estilo y crear efectos visuales atractivos.","robots":{"index":"index","follow":"follow","max-snippet":"max-snippet:-1","max-image-preview":"max-image-preview:large","max-video-preview":"max-video-preview:-1"},"canonical":"https:\/\/esildealba.com\/blog\/azulejos-texturas-paredes-mucha-vida\/","og_locale":"es_ES","og_type":"article","og_title":"Azulejos con texturas para crear paredes con mucha vida.","og_description":"Los azulejos con texturas son una muy buena opci\u00f3n para crear espacios diferentes. Adem\u00e1s de aprotar estilo y crear efectos visuales atractivos.","og_url":"https:\/\/esildealba.com\/blog\/azulejos-texturas-paredes-mucha-vida\/","og_site_name":"El blog de Esil de Alba","article_published_time":"2019-03-12T18:05:13+00:00","og_image":[{"width":1200,"height":800,"url":"https:\/\/esildealba.com\/blog\/wp-content\/uploads\/2019\/03\/CRISTACER-vertix1.jpg","type":"image\/jpeg"}],"author":"adminesil","twitter_card":"summary_large_image","twitter_misc":{"Escrito por":"adminesil","Tiempo de lectura":"1 minuto"},"schema":{"@context":"https:\/\/schema.org","@graph":[{"@type":"Article","@id":"https:\/\/esildealba.com\/blog\/azulejos-texturas-paredes-mucha-vida\/#article","isPartOf":{"@id":"https:\/\/esildealba.com\/blog\/azulejos-texturas-paredes-mucha-vida\/"},"author":{"name":"adminesil","@id":"https:\/\/esildealba.com\/blog\/#\/schema\/person\/6119b6b1a205fafb9d8f78934e629201"},"headline":"Azulejos con texturas. Paredes con mucha vida.","datePublished":"2019-03-12T18:05:13+00:00","mainEntityOfPage":{"@id":"https:\/\/esildealba.com\/blog\/azulejos-texturas-paredes-mucha-vida\/"},"wordCount":306,"commentCount":0,"image":{"@id":"https:\/\/esildealba.com\/blog\/azulejos-texturas-paredes-mucha-vida\/#primaryimage"},"thumbnailUrl":"https:\/\/esildealba.com\/blog\/wp-content\/uploads\/2019\/03\/CRISTACER-vertix1.jpg","keywords":["azulejos y pavimentos","cer\u00e1mica","decoraci\u00f3n","gres porcel\u00e1nico","revestimientos"],"articleSection":["Azulejos y pavimentos","Ba\u00f1os","Cocinas","Decoraci\u00f3n","Noticias","Reformas"],"inLanguage":"es","potentialAction":[{"@type":"CommentAction","name":"Comment","target":["https:\/\/esildealba.com\/blog\/azulejos-texturas-paredes-mucha-vida\/#respond"]}]},{"@type":"WebPage","@id":"https:\/\/esildealba.com\/blog\/azulejos-texturas-paredes-mucha-vida\/","url":"https:\/\/esildealba.com\/blog\/azulejos-texturas-paredes-mucha-vida\/","name":"Azulejos con texturas para crear paredes con mucha vida.","isPartOf":{"@id":"https:\/\/esildealba.com\/blog\/#website"},"primaryImageOfPage":{"@id":"https:\/\/esildealba.com\/blog\/azulejos-texturas-paredes-mucha-vida\/#primaryimage"},"image":{"@id":"https:\/\/esildealba.com\/blog\/azulejos-texturas-paredes-mucha-vida\/#primaryimage"},"thumbnailUrl":"https:\/\/esildealba.com\/blog\/wp-content\/uploads\/2019\/03\/CRISTACER-vertix1.jpg","datePublished":"2019-03-12T18:05:13+00:00","author":{"@id":"https:\/\/esildealba.com\/blog\/#\/schema\/person\/6119b6b1a205fafb9d8f78934e629201"},"description":"Los azulejos con texturas son una muy buena opci\u00f3n para crear espacios diferentes. Adem\u00e1s de aprotar estilo y crear efectos visuales atractivos.","breadcrumb":{"@id":"https:\/\/esildealba.com\/blog\/azulejos-texturas-paredes-mucha-vida\/#breadcrumb"},"inLanguage":"es","potentialAction":[{"@type":"ReadAction","target":["https:\/\/esildealba.com\/blog\/azulejos-texturas-paredes-mucha-vida\/"]}]},{"@type":"ImageObject","inLanguage":"es","@id":"https:\/\/esildealba.com\/blog\/azulejos-texturas-paredes-mucha-vida\/#primaryimage","url":"https:\/\/esildealba.com\/blog\/wp-content\/uploads\/2019\/03\/CRISTACER-vertix1.jpg","contentUrl":"https:\/\/esildealba.com\/blog\/wp-content\/uploads\/2019\/03\/CRISTACER-vertix1.jpg","width":1200,"height":800,"caption":"Decoraci\u00f3n. Reformas."},{"@type":"BreadcrumbList","@id":"https:\/\/esildealba.com\/blog\/azulejos-texturas-paredes-mucha-vida\/#breadcrumb","itemListElement":[{"@type":"ListItem","position":1,"name":"Portada","item":"https:\/\/esildealba.com\/blog\/"},{"@type":"ListItem","position":2,"name":"Azulejos con texturas. Paredes con mucha vida."}]},{"@type":"WebSite","@id":"https:\/\/esildealba.com\/blog\/#website","url":"https:\/\/esildealba.com\/blog\/","name":"El blog de Esil de Alba","description":"Pavimentos, gres, azulejos y mobiliario del hogar en Madrid","potentialAction":[{"@type":"SearchAction","target":{"@type":"EntryPoint","urlTemplate":"https:\/\/esildealba.com\/blog\/?s={search_term_string}"},"query-input":{"@type":"PropertyValueSpecification","valueRequired":true,"valueName":"search_term_string"}}],"inLanguage":"es"},{"@type":"Person","@id":"https:\/\/esildealba.com\/blog\/#\/schema\/person\/6119b6b1a205fafb9d8f78934e629201","name":"adminesil","image":{"@type":"ImageObject","inLanguage":"es","@id":"https:\/\/esildealba.com\/blog\/#\/schema\/person\/image\/","url":"https:\/\/secure.gravatar.com\/avatar\/8485c6d1488deb63c7cedfd6362bb58533258598131f893c5efc794326c616e2?s=96&d=mm&r=g","contentUrl":"https:\/\/secure.gravatar.com\/avatar\/8485c6d1488deb63c7cedfd6362bb58533258598131f893c5efc794326c616e2?s=96&d=mm&r=g","caption":"adminesil"},"url":"https:\/\/esildealba.com\/blog\/author\/adminesil\/"}]}},"_links":{"self":[{"href":"https:\/\/esildealba.com\/blog\/wp-json\/wp\/v2\/posts\/666","targetHints":{"allow":["GET"]}}],"collection":[{"href":"https:\/\/esildealba.com\/blog\/wp-json\/wp\/v2\/posts"}],"about":[{"href":"https:\/\/esildealba.com\/blog\/wp-json\/wp\/v2\/types\/post"}],"author":[{"embeddable":true,"href":"https:\/\/esildealba.com\/blog\/wp-json\/wp\/v2\/users\/1"}],"replies":[{"embeddable":true,"href":"https:\/\/esildealba.com\/blog\/wp-json\/wp\/v2\/comments?post=666"}],"version-history":[{"count":1,"href":"https:\/\/esildealba.com\/blog\/wp-json\/wp\/v2\/posts\/666\/revisions"}],"predecessor-version":[{"id":671,"href":"https:\/\/esildealba.com\/blog\/wp-json\/wp\/v2\/posts\/666\/revisions\/671"}],"wp:featuredmedia":[{"embeddable":true,"href":"https:\/\/esildealba.com\/blog\/wp-json\/wp\/v2\/media\/670"}],"wp:attachment":[{"href":"https:\/\/esildealba.com\/blog\/wp-json\/wp\/v2\/media?parent=666"}],"wp:term":[{"taxonomy":"category","embeddable":true,"href":"https:\/\/esildealba.com\/blog\/wp-json\/wp\/v2\/categories?post=666"},{"taxonomy":"post_tag","embeddable":true,"href":"https:\/\/esildealba.com\/blog\/wp-json\/wp\/v2\/tags?post=666"}],"curies":[{"name":"wp","href":"https:\/\/api.w.org\/{rel}","templated":true}]}}