{"id":721,"date":"2019-05-24T11:09:43","date_gmt":"2019-05-24T11:09:43","guid":{"rendered":"http:\/\/esildealba.com\/blog\/?p=721"},"modified":"2019-05-24T11:10:12","modified_gmt":"2019-05-24T11:10:12","slug":"elije-fregadero-perfecto-cocina","status":"publish","type":"post","link":"https:\/\/esildealba.com\/blog\/elije-fregadero-perfecto-cocina\/","title":{"rendered":"Elije el fregadero perfecto para que tu cocina sea perfecta."},"content":{"rendered":"<h6><strong>El fregadero es uno de los protagonistas de la cocina. Elemento clave en el \u00e1rea de lavado y fundamental para muchas otras cosas.<\/strong><\/h6>\n<p>A la hora de elegir un <strong>fregadero para nuestra cocina<\/strong> debemos tener en cuenta varias cosas. Por supuesto, lo primero y principal, el espacio del que disponemos, que definir\u00e1 en gran medida su tama\u00f1o. Y a continuaci\u00f3n, <strong>el estilo que nos gusta, el material, la colocaci\u00f3n, el tipo de encimera sobre la que se va a colocar&#8230;<\/strong><\/p>\n<p>Podemos encontrar dos tipos de fregaderos. <strong>Fregaderos de bajo encimera y fregaderos para encastrar<\/strong>. Y tambi\u00e9n encontraremos <strong>diferentes formas<\/strong>, <strong>funcionales<\/strong>, con disitntos <strong>accesorios<\/strong>, con o sin <strong>escurridor<\/strong> y con <strong>uno o dos senos<\/strong>.<\/p>\n<h5><strong>Una cubeta, acero inoxidable. Elegancia minimalista.<\/strong><\/h5>\n<p>Nuestro modelo <strong>Uragano Inset<\/strong> es perfecto para <strong>cocinas de estilo minimalista<\/strong>. Elegante y funcional tiene una amplia cubeta de 91 cm. Adem\u00e1s es personalizable con m\u00faltiples accesorios opcionales.<\/p>\n<div id=\"attachment_722\" style=\"width: 810px\" class=\"wp-caption alignnone\"><img loading=\"lazy\" decoding=\"async\" aria-describedby=\"caption-attachment-722\" class=\"size-full wp-image-722\" src=\"https:\/\/esildealba.com\/blog\/wp-content\/uploads\/2019\/05\/FICHAS-FREGADERO-FRECAM-URAGANO.jpg\" alt=\"Fregaderos, accesorios cocina. Reformas.\" width=\"800\" height=\"502\" \/><p id=\"caption-attachment-722\" class=\"wp-caption-text\">Modelo Uragano Inset.<\/p><\/div>\n<h5 class=\"fs_big second_font m_bottom_17\"><strong>Funcionalidad y sofisticaci\u00f3n.<\/strong><\/h5>\n<div class=\"product_options\">\n<footer class=\"bg_grey_light_2\">\n<div class=\"clearfix\">Nuestro modelo <strong>Kinga 20<\/strong> es lo opuesto a la propuesta anterior. Gracias a su l\u00ednea de dise\u00f1o y a su acabado en <strong>Metal Quartz color blanco<\/strong>, este fregadero es <strong>elegante y funcional<\/strong>. As\u00ed, consta de <strong>dos cubetas<\/strong>, <strong>v\u00e1lvula autom\u00e1tica<\/strong> y <strong>tapas de crital<\/strong>. Ideal para una cocina <strong>moderna y cosmopolita<\/strong>.<\/div>\n<div><\/div>\n<\/footer>\n<\/div>\n<div>\n<div id=\"attachment_725\" style=\"width: 810px\" class=\"wp-caption alignnone\"><img loading=\"lazy\" decoding=\"async\" aria-describedby=\"caption-attachment-725\" class=\"size-full wp-image-725\" src=\"https:\/\/esildealba.com\/blog\/wp-content\/uploads\/2019\/05\/FICHAS-FREGADERO-FRECAM-KINGA-20.jpg\" alt=\"Cocinas, muebeles de cocina, fregaderos, electrodom\u00e9sticos sierra noroeste madrid\" width=\"800\" height=\"558\" \/><p id=\"caption-attachment-725\" class=\"wp-caption-text\">Modelo Kinga 20.<\/p><\/div>\n<\/div>\n<h6><strong>L\u00edneas rectas, funcionales, minimalistas, orden.<\/strong><\/h6>\n<p>Y por \u00faltimo nuestro modelo <strong>Blancometra 9E<\/strong>. Este fregadero de una cubeta est\u00e1 acabado en una mezcla de <strong>acero inoxidable y Silgranit<\/strong>. Est\u00e1 especialmente recomendado para <strong>encimeras laminadas<\/strong> y consta de <strong>tabla de corte de madera<\/strong> y <strong>cubeta multifuncional<\/strong>. Es ideal para espacios pequeos y amantes del <strong>orden y la funcionalidad<\/strong>.<\/p>\n<div class=\"wrapper\"><\/div>\n<div>\n<div id=\"attachment_723\" style=\"width: 810px\" class=\"wp-caption alignnone\"><img loading=\"lazy\" decoding=\"async\" aria-describedby=\"caption-attachment-723\" class=\"size-full wp-image-723\" src=\"https:\/\/esildealba.com\/blog\/wp-content\/uploads\/2019\/05\/FICHAS-FREGADERO-BLANCOSUBLIME-500IF.jpg\" alt=\"villalba, el escorial, las rozas, pozuelo, majadahonda, alpedrete\" width=\"800\" height=\"557\" \/><p id=\"caption-attachment-723\" class=\"wp-caption-text\">Modelo Blancometra 9E<\/p><\/div>\n<\/div>\n<div class=\"product_description f_left f_xs_none\">\n<div class=\"clearfix\">\n<div class=\"wrapper\"><\/div>\n<p class=\"fw_light m_bottom_14 color_grey\">En <a href=\"http:\/\/www.esildealba.com\/\"><strong>Esil de Alba<\/strong><\/a> te ayudamos a que la reforma de tu cocina sea un \u00e9xito. Nuestros profesionales te ayudar\u00e1n a planificar la cocina de tus sue\u00f1os. En nuestro <a href=\"http:\/\/www.esildealba.com\/categorias\/cocinas_3\"><strong>cat\u00e1logo<\/strong><\/a> y en nuestra <a href=\"http:\/\/www.esildealba.com\/contacto.php\"><strong>exposici\u00f3n<\/strong><\/a> permanente encontrar\u00e1s muebles para la cocina, fregaderos, electrodom\u00e9sticos, grifer\u00edas y accesorios.<\/p>\n<\/div>\n<\/div>\n","protected":false},"excerpt":{"rendered":"<p>El fregadero es uno de los protagonistas de la cocina. Elemento clave en el \u00e1rea de lavado y fundamental para muchas otras cosas.<\/p>\n<p>A la hora de elegir un fregadero para nuestra cocina debemos tener en cuenta varias cosas. Por supuesto, lo primero y principal, el espacio del que disponemos, que definir\u00e1 en gran medida su tama\u00f1o. Y a continuaci\u00f3n, el estilo que nos gusta, el material, la colocaci\u00f3n, el tipo de encimera sobre la que se va a colocar&#8230;<\/p>\n","protected":false},"author":1,"featured_media":726,"comment_status":"open","ping_status":"open","sticky":false,"template":"","format":"standard","meta":{"footnotes":""},"categories":[1],"tags":[],"class_list":["post-721","post","type-post","status-publish","format-standard","has-post-thumbnail","hentry","category-uncategorized"],"yoast_head":"<!-- This site is optimized with the Yoast SEO plugin v27.0 - https:\/\/yoast.com\/product\/yoast-seo-wordpress\/ -->\n<title>Elije el fregadero perfecto para que tu cocina sea perfecta.<\/title>\n<meta name=\"description\" content=\"Para elegir el fregadero debemos tener en cuenta varias cosas. El espacio del que disponemos, el tama\u00f1o, el estilo, el material, el tipo de encimera...\" \/>\n<meta name=\"robots\" content=\"index, follow, max-snippet:-1, max-image-preview:large, max-video-preview:-1\" \/>\n<link rel=\"canonical\" href=\"https:\/\/esildealba.com\/blog\/elije-fregadero-perfecto-cocina\/\" \/>\n<meta property=\"og:locale\" content=\"es_ES\" \/>\n<meta property=\"og:type\" content=\"article\" \/>\n<meta property=\"og:title\" content=\"Elije el fregadero perfecto para que tu cocina sea perfecta.\" \/>\n<meta property=\"og:description\" content=\"Para elegir el fregadero debemos tener en cuenta varias cosas. El espacio del que disponemos, el tama\u00f1o, el estilo, el material, el tipo de encimera...\" \/>\n<meta property=\"og:url\" content=\"https:\/\/esildealba.com\/blog\/elije-fregadero-perfecto-cocina\/\" \/>\n<meta property=\"og:site_name\" content=\"El blog de Esil de Alba\" \/>\n<meta property=\"article:published_time\" content=\"2019-05-24T11:09:43+00:00\" \/>\n<meta property=\"article:modified_time\" content=\"2019-05-24T11:10:12+00:00\" \/>\n<meta property=\"og:image\" content=\"https:\/\/esildealba.com\/blog\/wp-content\/uploads\/2019\/05\/FICHAS-FREGADERO-BLANCOMETRA-9E1.jpg\" \/>\n\t<meta property=\"og:image:width\" content=\"800\" \/>\n\t<meta property=\"og:image:height\" content=\"565\" \/>\n\t<meta property=\"og:image:type\" content=\"image\/jpeg\" \/>\n<meta name=\"author\" content=\"adminesil\" \/>\n<meta name=\"twitter:card\" content=\"summary_large_image\" \/>\n<meta name=\"twitter:label1\" content=\"Escrito por\" \/>\n\t<meta name=\"twitter:data1\" content=\"adminesil\" \/>\n\t<meta name=\"twitter:label2\" content=\"Tiempo de lectura\" \/>\n\t<meta name=\"twitter:data2\" content=\"2 minutos\" \/>\n<script type=\"application\/ld+json\" class=\"yoast-schema-graph\">{\"@context\":\"https:\/\/schema.org\",\"@graph\":[{\"@type\":\"Article\",\"@id\":\"https:\/\/esildealba.com\/blog\/elije-fregadero-perfecto-cocina\/#article\",\"isPartOf\":{\"@id\":\"https:\/\/esildealba.com\/blog\/elije-fregadero-perfecto-cocina\/\"},\"author\":{\"name\":\"adminesil\",\"@id\":\"https:\/\/esildealba.com\/blog\/#\/schema\/person\/6119b6b1a205fafb9d8f78934e629201\"},\"headline\":\"Elije el fregadero perfecto para que tu cocina sea perfecta.\",\"datePublished\":\"2019-05-24T11:09:43+00:00\",\"dateModified\":\"2019-05-24T11:10:12+00:00\",\"mainEntityOfPage\":{\"@id\":\"https:\/\/esildealba.com\/blog\/elije-fregadero-perfecto-cocina\/\"},\"wordCount\":357,\"commentCount\":0,\"image\":{\"@id\":\"https:\/\/esildealba.com\/blog\/elije-fregadero-perfecto-cocina\/#primaryimage\"},\"thumbnailUrl\":\"https:\/\/esildealba.com\/blog\/wp-content\/uploads\/2019\/05\/FICHAS-FREGADERO-BLANCOMETRA-9E1.jpg\",\"articleSection\":[\"Uncategorized\"],\"inLanguage\":\"es\",\"potentialAction\":[{\"@type\":\"CommentAction\",\"name\":\"Comment\",\"target\":[\"https:\/\/esildealba.com\/blog\/elije-fregadero-perfecto-cocina\/#respond\"]}]},{\"@type\":\"WebPage\",\"@id\":\"https:\/\/esildealba.com\/blog\/elije-fregadero-perfecto-cocina\/\",\"url\":\"https:\/\/esildealba.com\/blog\/elije-fregadero-perfecto-cocina\/\",\"name\":\"Elije el fregadero perfecto para que tu cocina sea perfecta.\",\"isPartOf\":{\"@id\":\"https:\/\/esildealba.com\/blog\/#website\"},\"primaryImageOfPage\":{\"@id\":\"https:\/\/esildealba.com\/blog\/elije-fregadero-perfecto-cocina\/#primaryimage\"},\"image\":{\"@id\":\"https:\/\/esildealba.com\/blog\/elije-fregadero-perfecto-cocina\/#primaryimage\"},\"thumbnailUrl\":\"https:\/\/esildealba.com\/blog\/wp-content\/uploads\/2019\/05\/FICHAS-FREGADERO-BLANCOMETRA-9E1.jpg\",\"datePublished\":\"2019-05-24T11:09:43+00:00\",\"dateModified\":\"2019-05-24T11:10:12+00:00\",\"author\":{\"@id\":\"https:\/\/esildealba.com\/blog\/#\/schema\/person\/6119b6b1a205fafb9d8f78934e629201\"},\"description\":\"Para elegir el fregadero debemos tener en cuenta varias cosas. El espacio del que disponemos, el tama\u00f1o, el estilo, el material, el tipo de encimera...\",\"breadcrumb\":{\"@id\":\"https:\/\/esildealba.com\/blog\/elije-fregadero-perfecto-cocina\/#breadcrumb\"},\"inLanguage\":\"es\",\"potentialAction\":[{\"@type\":\"ReadAction\",\"target\":[\"https:\/\/esildealba.com\/blog\/elije-fregadero-perfecto-cocina\/\"]}]},{\"@type\":\"ImageObject\",\"inLanguage\":\"es\",\"@id\":\"https:\/\/esildealba.com\/blog\/elije-fregadero-perfecto-cocina\/#primaryimage\",\"url\":\"https:\/\/esildealba.com\/blog\/wp-content\/uploads\/2019\/05\/FICHAS-FREGADERO-BLANCOMETRA-9E1.jpg\",\"contentUrl\":\"https:\/\/esildealba.com\/blog\/wp-content\/uploads\/2019\/05\/FICHAS-FREGADERO-BLANCOMETRA-9E1.jpg\",\"width\":800,\"height\":565},{\"@type\":\"BreadcrumbList\",\"@id\":\"https:\/\/esildealba.com\/blog\/elije-fregadero-perfecto-cocina\/#breadcrumb\",\"itemListElement\":[{\"@type\":\"ListItem\",\"position\":1,\"name\":\"Portada\",\"item\":\"https:\/\/esildealba.com\/blog\/\"},{\"@type\":\"ListItem\",\"position\":2,\"name\":\"Elije el fregadero perfecto para que tu cocina sea perfecta.\"}]},{\"@type\":\"WebSite\",\"@id\":\"https:\/\/esildealba.com\/blog\/#website\",\"url\":\"https:\/\/esildealba.com\/blog\/\",\"name\":\"El blog de Esil de Alba\",\"description\":\"Pavimentos, gres, azulejos y mobiliario del hogar en Madrid\",\"potentialAction\":[{\"@type\":\"SearchAction\",\"target\":{\"@type\":\"EntryPoint\",\"urlTemplate\":\"https:\/\/esildealba.com\/blog\/?s={search_term_string}\"},\"query-input\":{\"@type\":\"PropertyValueSpecification\",\"valueRequired\":true,\"valueName\":\"search_term_string\"}}],\"inLanguage\":\"es\"},{\"@type\":\"Person\",\"@id\":\"https:\/\/esildealba.com\/blog\/#\/schema\/person\/6119b6b1a205fafb9d8f78934e629201\",\"name\":\"adminesil\",\"image\":{\"@type\":\"ImageObject\",\"inLanguage\":\"es\",\"@id\":\"https:\/\/esildealba.com\/blog\/#\/schema\/person\/image\/\",\"url\":\"https:\/\/secure.gravatar.com\/avatar\/8485c6d1488deb63c7cedfd6362bb58533258598131f893c5efc794326c616e2?s=96&d=mm&r=g\",\"contentUrl\":\"https:\/\/secure.gravatar.com\/avatar\/8485c6d1488deb63c7cedfd6362bb58533258598131f893c5efc794326c616e2?s=96&d=mm&r=g\",\"caption\":\"adminesil\"},\"url\":\"https:\/\/esildealba.com\/blog\/author\/adminesil\/\"}]}<\/script>\n<!-- \/ Yoast SEO plugin. -->","yoast_head_json":{"title":"Elije el fregadero perfecto para que tu cocina sea perfecta.","description":"Para elegir el fregadero debemos tener en cuenta varias cosas. El espacio del que disponemos, el tama\u00f1o, el estilo, el material, el tipo de encimera...","robots":{"index":"index","follow":"follow","max-snippet":"max-snippet:-1","max-image-preview":"max-image-preview:large","max-video-preview":"max-video-preview:-1"},"canonical":"https:\/\/esildealba.com\/blog\/elije-fregadero-perfecto-cocina\/","og_locale":"es_ES","og_type":"article","og_title":"Elije el fregadero perfecto para que tu cocina sea perfecta.","og_description":"Para elegir el fregadero debemos tener en cuenta varias cosas. El espacio del que disponemos, el tama\u00f1o, el estilo, el material, el tipo de encimera...","og_url":"https:\/\/esildealba.com\/blog\/elije-fregadero-perfecto-cocina\/","og_site_name":"El blog de Esil de Alba","article_published_time":"2019-05-24T11:09:43+00:00","article_modified_time":"2019-05-24T11:10:12+00:00","og_image":[{"width":800,"height":565,"url":"https:\/\/esildealba.com\/blog\/wp-content\/uploads\/2019\/05\/FICHAS-FREGADERO-BLANCOMETRA-9E1.jpg","type":"image\/jpeg"}],"author":"adminesil","twitter_card":"summary_large_image","twitter_misc":{"Escrito por":"adminesil","Tiempo de lectura":"2 minutos"},"schema":{"@context":"https:\/\/schema.org","@graph":[{"@type":"Article","@id":"https:\/\/esildealba.com\/blog\/elije-fregadero-perfecto-cocina\/#article","isPartOf":{"@id":"https:\/\/esildealba.com\/blog\/elije-fregadero-perfecto-cocina\/"},"author":{"name":"adminesil","@id":"https:\/\/esildealba.com\/blog\/#\/schema\/person\/6119b6b1a205fafb9d8f78934e629201"},"headline":"Elije el fregadero perfecto para que tu cocina sea perfecta.","datePublished":"2019-05-24T11:09:43+00:00","dateModified":"2019-05-24T11:10:12+00:00","mainEntityOfPage":{"@id":"https:\/\/esildealba.com\/blog\/elije-fregadero-perfecto-cocina\/"},"wordCount":357,"commentCount":0,"image":{"@id":"https:\/\/esildealba.com\/blog\/elije-fregadero-perfecto-cocina\/#primaryimage"},"thumbnailUrl":"https:\/\/esildealba.com\/blog\/wp-content\/uploads\/2019\/05\/FICHAS-FREGADERO-BLANCOMETRA-9E1.jpg","articleSection":["Uncategorized"],"inLanguage":"es","potentialAction":[{"@type":"CommentAction","name":"Comment","target":["https:\/\/esildealba.com\/blog\/elije-fregadero-perfecto-cocina\/#respond"]}]},{"@type":"WebPage","@id":"https:\/\/esildealba.com\/blog\/elije-fregadero-perfecto-cocina\/","url":"https:\/\/esildealba.com\/blog\/elije-fregadero-perfecto-cocina\/","name":"Elije el fregadero perfecto para que tu cocina sea perfecta.","isPartOf":{"@id":"https:\/\/esildealba.com\/blog\/#website"},"primaryImageOfPage":{"@id":"https:\/\/esildealba.com\/blog\/elije-fregadero-perfecto-cocina\/#primaryimage"},"image":{"@id":"https:\/\/esildealba.com\/blog\/elije-fregadero-perfecto-cocina\/#primaryimage"},"thumbnailUrl":"https:\/\/esildealba.com\/blog\/wp-content\/uploads\/2019\/05\/FICHAS-FREGADERO-BLANCOMETRA-9E1.jpg","datePublished":"2019-05-24T11:09:43+00:00","dateModified":"2019-05-24T11:10:12+00:00","author":{"@id":"https:\/\/esildealba.com\/blog\/#\/schema\/person\/6119b6b1a205fafb9d8f78934e629201"},"description":"Para elegir el fregadero debemos tener en cuenta varias cosas. El espacio del que disponemos, el tama\u00f1o, el estilo, el material, el tipo de encimera...","breadcrumb":{"@id":"https:\/\/esildealba.com\/blog\/elije-fregadero-perfecto-cocina\/#breadcrumb"},"inLanguage":"es","potentialAction":[{"@type":"ReadAction","target":["https:\/\/esildealba.com\/blog\/elije-fregadero-perfecto-cocina\/"]}]},{"@type":"ImageObject","inLanguage":"es","@id":"https:\/\/esildealba.com\/blog\/elije-fregadero-perfecto-cocina\/#primaryimage","url":"https:\/\/esildealba.com\/blog\/wp-content\/uploads\/2019\/05\/FICHAS-FREGADERO-BLANCOMETRA-9E1.jpg","contentUrl":"https:\/\/esildealba.com\/blog\/wp-content\/uploads\/2019\/05\/FICHAS-FREGADERO-BLANCOMETRA-9E1.jpg","width":800,"height":565},{"@type":"BreadcrumbList","@id":"https:\/\/esildealba.com\/blog\/elije-fregadero-perfecto-cocina\/#breadcrumb","itemListElement":[{"@type":"ListItem","position":1,"name":"Portada","item":"https:\/\/esildealba.com\/blog\/"},{"@type":"ListItem","position":2,"name":"Elije el fregadero perfecto para que tu cocina sea perfecta."}]},{"@type":"WebSite","@id":"https:\/\/esildealba.com\/blog\/#website","url":"https:\/\/esildealba.com\/blog\/","name":"El blog de Esil de Alba","description":"Pavimentos, gres, azulejos y mobiliario del hogar en Madrid","potentialAction":[{"@type":"SearchAction","target":{"@type":"EntryPoint","urlTemplate":"https:\/\/esildealba.com\/blog\/?s={search_term_string}"},"query-input":{"@type":"PropertyValueSpecification","valueRequired":true,"valueName":"search_term_string"}}],"inLanguage":"es"},{"@type":"Person","@id":"https:\/\/esildealba.com\/blog\/#\/schema\/person\/6119b6b1a205fafb9d8f78934e629201","name":"adminesil","image":{"@type":"ImageObject","inLanguage":"es","@id":"https:\/\/esildealba.com\/blog\/#\/schema\/person\/image\/","url":"https:\/\/secure.gravatar.com\/avatar\/8485c6d1488deb63c7cedfd6362bb58533258598131f893c5efc794326c616e2?s=96&d=mm&r=g","contentUrl":"https:\/\/secure.gravatar.com\/avatar\/8485c6d1488deb63c7cedfd6362bb58533258598131f893c5efc794326c616e2?s=96&d=mm&r=g","caption":"adminesil"},"url":"https:\/\/esildealba.com\/blog\/author\/adminesil\/"}]}},"_links":{"self":[{"href":"https:\/\/esildealba.com\/blog\/wp-json\/wp\/v2\/posts\/721","targetHints":{"allow":["GET"]}}],"collection":[{"href":"https:\/\/esildealba.com\/blog\/wp-json\/wp\/v2\/posts"}],"about":[{"href":"https:\/\/esildealba.com\/blog\/wp-json\/wp\/v2\/types\/post"}],"author":[{"embeddable":true,"href":"https:\/\/esildealba.com\/blog\/wp-json\/wp\/v2\/users\/1"}],"replies":[{"embeddable":true,"href":"https:\/\/esildealba.com\/blog\/wp-json\/wp\/v2\/comments?post=721"}],"version-history":[{"count":1,"href":"https:\/\/esildealba.com\/blog\/wp-json\/wp\/v2\/posts\/721\/revisions"}],"predecessor-version":[{"id":728,"href":"https:\/\/esildealba.com\/blog\/wp-json\/wp\/v2\/posts\/721\/revisions\/728"}],"wp:featuredmedia":[{"embeddable":true,"href":"https:\/\/esildealba.com\/blog\/wp-json\/wp\/v2\/media\/726"}],"wp:attachment":[{"href":"https:\/\/esildealba.com\/blog\/wp-json\/wp\/v2\/media?parent=721"}],"wp:term":[{"taxonomy":"category","embeddable":true,"href":"https:\/\/esildealba.com\/blog\/wp-json\/wp\/v2\/categories?post=721"},{"taxonomy":"post_tag","embeddable":true,"href":"https:\/\/esildealba.com\/blog\/wp-json\/wp\/v2\/tags?post=721"}],"curies":[{"name":"wp","href":"https:\/\/api.w.org\/{rel}","templated":true}]}}