{"id":977,"date":"2020-04-23T10:46:33","date_gmt":"2020-04-23T10:46:33","guid":{"rendered":"http:\/\/esildealba.com\/blog\/?p=977"},"modified":"2020-04-23T10:46:33","modified_gmt":"2020-04-23T10:46:33","slug":"mueblesysanitarios-cuarto-bano-ideas","status":"publish","type":"post","link":"https:\/\/esildealba.com\/blog\/mueblesysanitarios-cuarto-bano-ideas\/","title":{"rendered":"Muebles y sanitarios para el cuarto de ba\u00f1o: ideas!"},"content":{"rendered":"<h3>Los muebles y sanitarios para el cuarto de ba\u00f1o ser\u00e1n los absolutos protagonistas de este espacio de tu hogar.<\/h3>\n<p><strong>Si eres una de esas personas apasionadas de la decoraci\u00f3n buscar\u00e1s crear un espacio de aseo personal \u00fanico<\/strong>. Por eso no solo prima la funcionalidad. Adem\u00e1s accesorios, textiles y grifer\u00eda ser\u00e1n el aliado perfecto.<\/p>\n<h6>S\u00ed, s\u00ed, como lo oyes, el cuarto de ba\u00f1o ser\u00e1 un espacio con personalidad y estilo propios.<\/h6>\n<p><strong>Los mejores muebles y sanitarios para el ba\u00f1o en Madrid los encontrar\u00e1s en Esil de Alba<\/strong>. Porque somos especialistas en la venta y planificaci\u00f3n de mobiliario para el ba\u00f1o. Adem\u00e1s, tambi\u00e9n encontrar\u00e1s los mejores sanitarios en Madrid, mamparas en Madrid y cabinas de ducha en Madrid tambi\u00e9n los encontrar\u00e1s en Esil de Alba.<\/p>\n<p>Descubre cual es el estilo que m\u00e1s va contigo para reformar tu cuarto de ba\u00f1o con nuestros muebles y sanitarios. Insp\u00edrate en las tres propuestas que te planteamos a continuaci\u00f3n. Y no te quedes sin visitar nuestra exposici\u00f3n de <strong>Azulejos y Pavimentos<\/strong>, <strong>Muebles de Cocina<\/strong> y <strong>Ba\u00f1o en Madrid<\/strong>.<\/p>\n<div class=\"wrapper\">\n<h3 class=\"second_font m_bottom_3 f_left product_title\"><a class=\"sc_hover\" href=\"https:\/\/www.esildealba.com\/categorias\/banos_4\/mobiliario_24\/arco_191\"> Modelo ARCO. Para los amantes de lo diferente.<\/a><\/h3>\n<\/div>\n<p><strong>Elegante y atemporal<\/strong>. As\u00ed es nuestro conjunto para ba\u00f1o <strong>modelo Arco<\/strong>. Esta compuesto por un mueble compacto disponible en diferentes medidas. Por lo que se adapta al espacio disponible. Y con espejo y aplique. Tiene adem\u00e1s una elegante encimera con acabado en porcelana, cristal, compac o resina. <strong>Es un conjunto de ba\u00f1o con el que sin duda crear\u00e1s un espacio diferente y original<\/strong>.<\/p>\n<div id=\"attachment_980\" style=\"width: 810px\" class=\"wp-caption alignnone\"><img loading=\"lazy\" decoding=\"async\" aria-describedby=\"caption-attachment-980\" class=\"size-full wp-image-980\" src=\"https:\/\/esildealba.com\/blog\/wp-content\/uploads\/2020\/04\/ELJUISA-ARCO.jpg\" alt=\"muebels ba\u00f1o madrid, muebles ba\u00f1o las rozas, muebles ba\u00f1o majadahonda, muebles ba\u00f1o villalba, muebles ba\u00f1o el escorial\" width=\"800\" height=\"818\" \/><p id=\"caption-attachment-980\" class=\"wp-caption-text\">Mueble compacto con espejo y aplique modelo Arco.<\/p><\/div>\n<div class=\"wrapper\">\n<h3 class=\"second_font m_bottom_3 f_left product_title\"><a class=\"sc_hover\" href=\"https:\/\/www.esildealba.com\/categorias\/banos_4\/sanitario_25\/universal_203\"> Colecci\u00f3n Universal: sanitarios vanguardistas en porcelana blanca.<\/a><\/h3>\n<\/div>\n<p><strong>La porcelana sanitaria blancaes un cl\u00e1sico que nunca pasa de moda<\/strong>. Nuestra <strong>colecci\u00f3n de sanitaros Universal<\/strong> son muy elegantes y al mismo tiempo muy funcionales. El conjunto de inodoro y bid\u00e9 con tapa suspendidos hacen que la limpieza y mantenimiento resulte m\u00e1s f\u00e1cil. Adem\u00e1s, si lo prefieres, tambi\u00e9n est\u00e1 disponible con inodoro pegado a pared y mecanismo de doble pulsador. Y adem\u00e1s en la propuesta tambi\u00e9n te mostramos nuestro lavabo de 2 senos modelo Fles. Que es perfecto para combinar con un mueble de lineas rectas y minimalistas.<\/p>\n<div id=\"attachment_981\" style=\"width: 810px\" class=\"wp-caption alignnone\"><img loading=\"lazy\" decoding=\"async\" aria-describedby=\"caption-attachment-981\" class=\"size-full wp-image-981\" src=\"https:\/\/esildealba.com\/blog\/wp-content\/uploads\/2020\/04\/FICHAS-SANITARIO-GALA-UNIVERSAL.jpg\" alt=\"sanitarios madrid, sanitarios las rozas, snitarios majadahonda, sanitarios pozuelo, sanitarios villalba, sanitarios el escorial\" width=\"800\" height=\"528\" \/><p id=\"caption-attachment-981\" class=\"wp-caption-text\">Colecci\u00f3n de sanitarios (v\u00e1ter y bid\u00e9) en porcelana blanca Universal y lavabo modelo Flex.<\/p><\/div>\n<div class=\"wrapper\">\n<h3 class=\"second_font m_bottom_3 f_left product_title\"><a class=\"sc_hover\" href=\"https:\/\/www.esildealba.com\/categorias\/banos_4\/baneras-cabinas-y-platos-de-ducha_26\/cala_208\">Ba\u00f1era Cala:\u00a0<\/a><a class=\"sc_hover\" href=\"https:\/\/www.esildealba.com\/categorias\/banos_4\/baneras-cabinas-y-platos-de-ducha_26\/cala_208\">Elegancia para los momentos de relax.<\/a><\/h3>\n<\/div>\n<p><strong>Disfrutar de un buen ba\u00f1o relajante en un entorno elegante es posible con nuestra ba\u00f1era modelo Cala<\/strong>. Esta ba\u00f1era exenta est\u00e1 acabada en acr\u00edlico. Su elegante l\u00ednea de dise\u00f1o se basa en curvas suaves y redondeadas. Con un estilo sumamente elegante y minimalista. Aportar\u00e1 originalidad y atemporalidad en tu cuarto de ba\u00f1o.<\/p>\n<div id=\"attachment_984\" style=\"width: 810px\" class=\"wp-caption alignnone\"><img loading=\"lazy\" decoding=\"async\" aria-describedby=\"caption-attachment-984\" class=\"size-full wp-image-984\" src=\"https:\/\/esildealba.com\/blog\/wp-content\/uploads\/2020\/04\/BANERA-CALA.jpg\" alt=\"azulejos y pavimentos madrid\" width=\"800\" height=\"803\" \/><p id=\"caption-attachment-984\" class=\"wp-caption-text\">Ba\u00f1era acr\u00edlica exenta modelo Cala.<\/p><\/div>\n<p>En <a href=\"https:\/\/www.esildealba.com\/index.php\"><strong>Esil de Alba<\/strong><\/a> te ayudamos a hacer realidad tus proyectos. Visita nuestro <a href=\"https:\/\/www.esildealba.com\/categorias.php\"><strong>cat\u00e1logo online<\/strong> <\/a>e insp\u00edrate con nuestras colecciones. Y s\u00edguenos en nuestras redes sociales <a href=\"https:\/\/www.facebook.com\/EsildeAlba\/\"><strong>Facebook<\/strong><\/a> e <strong><a href=\"https:\/\/www.instagram.com\/esildealba\/\">Instagram<\/a><\/strong> para enterarte de todas nuestras novedades.<\/p>\n<p>&nbsp;<\/p>\n","protected":false},"excerpt":{"rendered":"<p>Los muebles y sanitarios para el cuarto ser\u00e1n los absolutos protagonistas de este espacio de tu hogar.<\/p>\n<p>Si eres una de esas personas apasionadas de la decoraci\u00f3n buscar\u00e1s crear un espacio de aseo personal \u00fanico. Por eso no solo prima la funcionalidad. Adem\u00e1s accesorios, textiles y grifer\u00eda ser\u00e1n el aliado perfecto.<br \/>\nS\u00ed, s\u00ed, como lo oyes, el cuarto de ba\u00f1o ser\u00e1 un espacio con personalidad y estilo propios.<\/p>\n<p>Los mejores muebles y sanitarios para el ba\u00f1o en Madrid los encontrar\u00e1s en Esil de Alba. Porque somos especialistas en la venta y planificaci\u00f3n de mobiliario para el ba\u00f1o. Adem\u00e1s, tambi\u00e9n encontrar\u00e1s los mejores sanitarios en Madrid, mamparas en Madrid y cabinas de ducha en Madrid tambi\u00e9n los encontrar\u00e1s en Esil de Alba.<\/p>\n<p>Descubre cual es el estilo que m\u00e1s va contigo para reformar tu cuarto de ba\u00f1o con nuestros muebles y sanitarios. Insp\u00edrate en las tres propuestas que te planteamos a continuaci\u00f3n. Y no te quedes sin visitar nuestra exposici\u00f3n de Azulejos y Pavimentos, Muebles de Cocina y Ba\u00f1o en Madrid.<\/p>\n","protected":false},"author":1,"featured_media":979,"comment_status":"open","ping_status":"open","sticky":false,"template":"","format":"standard","meta":{"footnotes":""},"categories":[4,7,18,40,67,1],"tags":[162,198,185],"class_list":["post-977","post","type-post","status-publish","format-standard","has-post-thumbnail","hentry","category-azulejos-pavimentos-madrid","category-banos-madrid","category-decoracion","category-muebles-auxiliares","category-reformas","category-uncategorized","tag-muebles-bano-madrid","tag-muebles-y-sanitarios","tag-sanitarios-madrid"],"yoast_head":"<!-- This site is optimized with the Yoast SEO plugin v27.0 - https:\/\/yoast.com\/product\/yoast-seo-wordpress\/ -->\n<title>Muebles y sanitarios para el cuarto de ba\u00f1o: ideas!<\/title>\n<meta name=\"description\" content=\"Descublre los mejores muebles y sanitarios para tu cuarto de ba\u00f1o en Madrid. Ser\u00e1n los absolutos protagonistas de este espacio de tu hogar.\" \/>\n<meta name=\"robots\" content=\"index, follow, max-snippet:-1, max-image-preview:large, max-video-preview:-1\" \/>\n<link rel=\"canonical\" href=\"https:\/\/esildealba.com\/blog\/mueblesysanitarios-cuarto-bano-ideas\/\" \/>\n<meta property=\"og:locale\" content=\"es_ES\" \/>\n<meta property=\"og:type\" content=\"article\" \/>\n<meta property=\"og:title\" content=\"Muebles y sanitarios para el cuarto de ba\u00f1o: ideas!\" \/>\n<meta property=\"og:description\" content=\"Descublre los mejores muebles y sanitarios para tu cuarto de ba\u00f1o en Madrid. Ser\u00e1n los absolutos protagonistas de este espacio de tu hogar.\" \/>\n<meta property=\"og:url\" content=\"https:\/\/esildealba.com\/blog\/mueblesysanitarios-cuarto-bano-ideas\/\" \/>\n<meta property=\"og:site_name\" content=\"El blog de Esil de Alba\" \/>\n<meta property=\"article:published_time\" content=\"2020-04-23T10:46:33+00:00\" \/>\n<meta property=\"og:image\" content=\"https:\/\/esildealba.com\/blog\/wp-content\/uploads\/2020\/04\/AVILA-2-klassic1.jpg\" \/>\n\t<meta property=\"og:image:width\" content=\"800\" \/>\n\t<meta property=\"og:image:height\" content=\"580\" \/>\n\t<meta property=\"og:image:type\" content=\"image\/jpeg\" \/>\n<meta name=\"author\" content=\"adminesil\" \/>\n<meta name=\"twitter:card\" content=\"summary_large_image\" \/>\n<meta name=\"twitter:label1\" content=\"Escrito por\" \/>\n\t<meta name=\"twitter:data1\" content=\"adminesil\" \/>\n\t<meta name=\"twitter:label2\" content=\"Tiempo de lectura\" \/>\n\t<meta name=\"twitter:data2\" content=\"3 minutos\" \/>\n<script type=\"application\/ld+json\" class=\"yoast-schema-graph\">{\"@context\":\"https:\/\/schema.org\",\"@graph\":[{\"@type\":\"Article\",\"@id\":\"https:\/\/esildealba.com\/blog\/mueblesysanitarios-cuarto-bano-ideas\/#article\",\"isPartOf\":{\"@id\":\"https:\/\/esildealba.com\/blog\/mueblesysanitarios-cuarto-bano-ideas\/\"},\"author\":{\"name\":\"adminesil\",\"@id\":\"https:\/\/esildealba.com\/blog\/#\/schema\/person\/6119b6b1a205fafb9d8f78934e629201\"},\"headline\":\"Muebles y sanitarios para el cuarto de ba\u00f1o: ideas!\",\"datePublished\":\"2020-04-23T10:46:33+00:00\",\"mainEntityOfPage\":{\"@id\":\"https:\/\/esildealba.com\/blog\/mueblesysanitarios-cuarto-bano-ideas\/\"},\"wordCount\":542,\"commentCount\":0,\"image\":{\"@id\":\"https:\/\/esildealba.com\/blog\/mueblesysanitarios-cuarto-bano-ideas\/#primaryimage\"},\"thumbnailUrl\":\"https:\/\/esildealba.com\/blog\/wp-content\/uploads\/2020\/04\/AVILA-2-klassic1.jpg\",\"keywords\":[\"muebles ba\u00f1o madrid\",\"muebles y sanitarios\",\"sanitarios madrid\"],\"articleSection\":[\"Azulejos y pavimentos\",\"Ba\u00f1os\",\"Decoraci\u00f3n\",\"Muebles auxiliares\",\"Reformas\",\"Uncategorized\"],\"inLanguage\":\"es\",\"potentialAction\":[{\"@type\":\"CommentAction\",\"name\":\"Comment\",\"target\":[\"https:\/\/esildealba.com\/blog\/mueblesysanitarios-cuarto-bano-ideas\/#respond\"]}]},{\"@type\":\"WebPage\",\"@id\":\"https:\/\/esildealba.com\/blog\/mueblesysanitarios-cuarto-bano-ideas\/\",\"url\":\"https:\/\/esildealba.com\/blog\/mueblesysanitarios-cuarto-bano-ideas\/\",\"name\":\"Muebles y sanitarios para el cuarto de ba\u00f1o: ideas!\",\"isPartOf\":{\"@id\":\"https:\/\/esildealba.com\/blog\/#website\"},\"primaryImageOfPage\":{\"@id\":\"https:\/\/esildealba.com\/blog\/mueblesysanitarios-cuarto-bano-ideas\/#primaryimage\"},\"image\":{\"@id\":\"https:\/\/esildealba.com\/blog\/mueblesysanitarios-cuarto-bano-ideas\/#primaryimage\"},\"thumbnailUrl\":\"https:\/\/esildealba.com\/blog\/wp-content\/uploads\/2020\/04\/AVILA-2-klassic1.jpg\",\"datePublished\":\"2020-04-23T10:46:33+00:00\",\"author\":{\"@id\":\"https:\/\/esildealba.com\/blog\/#\/schema\/person\/6119b6b1a205fafb9d8f78934e629201\"},\"description\":\"Descublre los mejores muebles y sanitarios para tu cuarto de ba\u00f1o en Madrid. Ser\u00e1n los absolutos protagonistas de este espacio de tu hogar.\",\"breadcrumb\":{\"@id\":\"https:\/\/esildealba.com\/blog\/mueblesysanitarios-cuarto-bano-ideas\/#breadcrumb\"},\"inLanguage\":\"es\",\"potentialAction\":[{\"@type\":\"ReadAction\",\"target\":[\"https:\/\/esildealba.com\/blog\/mueblesysanitarios-cuarto-bano-ideas\/\"]}]},{\"@type\":\"ImageObject\",\"inLanguage\":\"es\",\"@id\":\"https:\/\/esildealba.com\/blog\/mueblesysanitarios-cuarto-bano-ideas\/#primaryimage\",\"url\":\"https:\/\/esildealba.com\/blog\/wp-content\/uploads\/2020\/04\/AVILA-2-klassic1.jpg\",\"contentUrl\":\"https:\/\/esildealba.com\/blog\/wp-content\/uploads\/2020\/04\/AVILA-2-klassic1.jpg\",\"width\":800,\"height\":580,\"caption\":\"muebles y sanitarios ba\u00f1o madrid\"},{\"@type\":\"BreadcrumbList\",\"@id\":\"https:\/\/esildealba.com\/blog\/mueblesysanitarios-cuarto-bano-ideas\/#breadcrumb\",\"itemListElement\":[{\"@type\":\"ListItem\",\"position\":1,\"name\":\"Portada\",\"item\":\"https:\/\/esildealba.com\/blog\/\"},{\"@type\":\"ListItem\",\"position\":2,\"name\":\"Muebles y sanitarios para el cuarto de ba\u00f1o: ideas!\"}]},{\"@type\":\"WebSite\",\"@id\":\"https:\/\/esildealba.com\/blog\/#website\",\"url\":\"https:\/\/esildealba.com\/blog\/\",\"name\":\"El blog de Esil de Alba\",\"description\":\"Pavimentos, gres, azulejos y mobiliario del hogar en Madrid\",\"potentialAction\":[{\"@type\":\"SearchAction\",\"target\":{\"@type\":\"EntryPoint\",\"urlTemplate\":\"https:\/\/esildealba.com\/blog\/?s={search_term_string}\"},\"query-input\":{\"@type\":\"PropertyValueSpecification\",\"valueRequired\":true,\"valueName\":\"search_term_string\"}}],\"inLanguage\":\"es\"},{\"@type\":\"Person\",\"@id\":\"https:\/\/esildealba.com\/blog\/#\/schema\/person\/6119b6b1a205fafb9d8f78934e629201\",\"name\":\"adminesil\",\"image\":{\"@type\":\"ImageObject\",\"inLanguage\":\"es\",\"@id\":\"https:\/\/esildealba.com\/blog\/#\/schema\/person\/image\/\",\"url\":\"https:\/\/secure.gravatar.com\/avatar\/8485c6d1488deb63c7cedfd6362bb58533258598131f893c5efc794326c616e2?s=96&d=mm&r=g\",\"contentUrl\":\"https:\/\/secure.gravatar.com\/avatar\/8485c6d1488deb63c7cedfd6362bb58533258598131f893c5efc794326c616e2?s=96&d=mm&r=g\",\"caption\":\"adminesil\"},\"url\":\"https:\/\/esildealba.com\/blog\/author\/adminesil\/\"}]}<\/script>\n<!-- \/ Yoast SEO plugin. -->","yoast_head_json":{"title":"Muebles y sanitarios para el cuarto de ba\u00f1o: ideas!","description":"Descublre los mejores muebles y sanitarios para tu cuarto de ba\u00f1o en Madrid. Ser\u00e1n los absolutos protagonistas de este espacio de tu hogar.","robots":{"index":"index","follow":"follow","max-snippet":"max-snippet:-1","max-image-preview":"max-image-preview:large","max-video-preview":"max-video-preview:-1"},"canonical":"https:\/\/esildealba.com\/blog\/mueblesysanitarios-cuarto-bano-ideas\/","og_locale":"es_ES","og_type":"article","og_title":"Muebles y sanitarios para el cuarto de ba\u00f1o: ideas!","og_description":"Descublre los mejores muebles y sanitarios para tu cuarto de ba\u00f1o en Madrid. Ser\u00e1n los absolutos protagonistas de este espacio de tu hogar.","og_url":"https:\/\/esildealba.com\/blog\/mueblesysanitarios-cuarto-bano-ideas\/","og_site_name":"El blog de Esil de Alba","article_published_time":"2020-04-23T10:46:33+00:00","og_image":[{"width":800,"height":580,"url":"https:\/\/esildealba.com\/blog\/wp-content\/uploads\/2020\/04\/AVILA-2-klassic1.jpg","type":"image\/jpeg"}],"author":"adminesil","twitter_card":"summary_large_image","twitter_misc":{"Escrito por":"adminesil","Tiempo de lectura":"3 minutos"},"schema":{"@context":"https:\/\/schema.org","@graph":[{"@type":"Article","@id":"https:\/\/esildealba.com\/blog\/mueblesysanitarios-cuarto-bano-ideas\/#article","isPartOf":{"@id":"https:\/\/esildealba.com\/blog\/mueblesysanitarios-cuarto-bano-ideas\/"},"author":{"name":"adminesil","@id":"https:\/\/esildealba.com\/blog\/#\/schema\/person\/6119b6b1a205fafb9d8f78934e629201"},"headline":"Muebles y sanitarios para el cuarto de ba\u00f1o: ideas!","datePublished":"2020-04-23T10:46:33+00:00","mainEntityOfPage":{"@id":"https:\/\/esildealba.com\/blog\/mueblesysanitarios-cuarto-bano-ideas\/"},"wordCount":542,"commentCount":0,"image":{"@id":"https:\/\/esildealba.com\/blog\/mueblesysanitarios-cuarto-bano-ideas\/#primaryimage"},"thumbnailUrl":"https:\/\/esildealba.com\/blog\/wp-content\/uploads\/2020\/04\/AVILA-2-klassic1.jpg","keywords":["muebles ba\u00f1o madrid","muebles y sanitarios","sanitarios madrid"],"articleSection":["Azulejos y pavimentos","Ba\u00f1os","Decoraci\u00f3n","Muebles auxiliares","Reformas","Uncategorized"],"inLanguage":"es","potentialAction":[{"@type":"CommentAction","name":"Comment","target":["https:\/\/esildealba.com\/blog\/mueblesysanitarios-cuarto-bano-ideas\/#respond"]}]},{"@type":"WebPage","@id":"https:\/\/esildealba.com\/blog\/mueblesysanitarios-cuarto-bano-ideas\/","url":"https:\/\/esildealba.com\/blog\/mueblesysanitarios-cuarto-bano-ideas\/","name":"Muebles y sanitarios para el cuarto de ba\u00f1o: ideas!","isPartOf":{"@id":"https:\/\/esildealba.com\/blog\/#website"},"primaryImageOfPage":{"@id":"https:\/\/esildealba.com\/blog\/mueblesysanitarios-cuarto-bano-ideas\/#primaryimage"},"image":{"@id":"https:\/\/esildealba.com\/blog\/mueblesysanitarios-cuarto-bano-ideas\/#primaryimage"},"thumbnailUrl":"https:\/\/esildealba.com\/blog\/wp-content\/uploads\/2020\/04\/AVILA-2-klassic1.jpg","datePublished":"2020-04-23T10:46:33+00:00","author":{"@id":"https:\/\/esildealba.com\/blog\/#\/schema\/person\/6119b6b1a205fafb9d8f78934e629201"},"description":"Descublre los mejores muebles y sanitarios para tu cuarto de ba\u00f1o en Madrid. Ser\u00e1n los absolutos protagonistas de este espacio de tu hogar.","breadcrumb":{"@id":"https:\/\/esildealba.com\/blog\/mueblesysanitarios-cuarto-bano-ideas\/#breadcrumb"},"inLanguage":"es","potentialAction":[{"@type":"ReadAction","target":["https:\/\/esildealba.com\/blog\/mueblesysanitarios-cuarto-bano-ideas\/"]}]},{"@type":"ImageObject","inLanguage":"es","@id":"https:\/\/esildealba.com\/blog\/mueblesysanitarios-cuarto-bano-ideas\/#primaryimage","url":"https:\/\/esildealba.com\/blog\/wp-content\/uploads\/2020\/04\/AVILA-2-klassic1.jpg","contentUrl":"https:\/\/esildealba.com\/blog\/wp-content\/uploads\/2020\/04\/AVILA-2-klassic1.jpg","width":800,"height":580,"caption":"muebles y sanitarios ba\u00f1o madrid"},{"@type":"BreadcrumbList","@id":"https:\/\/esildealba.com\/blog\/mueblesysanitarios-cuarto-bano-ideas\/#breadcrumb","itemListElement":[{"@type":"ListItem","position":1,"name":"Portada","item":"https:\/\/esildealba.com\/blog\/"},{"@type":"ListItem","position":2,"name":"Muebles y sanitarios para el cuarto de ba\u00f1o: ideas!"}]},{"@type":"WebSite","@id":"https:\/\/esildealba.com\/blog\/#website","url":"https:\/\/esildealba.com\/blog\/","name":"El blog de Esil de Alba","description":"Pavimentos, gres, azulejos y mobiliario del hogar en Madrid","potentialAction":[{"@type":"SearchAction","target":{"@type":"EntryPoint","urlTemplate":"https:\/\/esildealba.com\/blog\/?s={search_term_string}"},"query-input":{"@type":"PropertyValueSpecification","valueRequired":true,"valueName":"search_term_string"}}],"inLanguage":"es"},{"@type":"Person","@id":"https:\/\/esildealba.com\/blog\/#\/schema\/person\/6119b6b1a205fafb9d8f78934e629201","name":"adminesil","image":{"@type":"ImageObject","inLanguage":"es","@id":"https:\/\/esildealba.com\/blog\/#\/schema\/person\/image\/","url":"https:\/\/secure.gravatar.com\/avatar\/8485c6d1488deb63c7cedfd6362bb58533258598131f893c5efc794326c616e2?s=96&d=mm&r=g","contentUrl":"https:\/\/secure.gravatar.com\/avatar\/8485c6d1488deb63c7cedfd6362bb58533258598131f893c5efc794326c616e2?s=96&d=mm&r=g","caption":"adminesil"},"url":"https:\/\/esildealba.com\/blog\/author\/adminesil\/"}]}},"_links":{"self":[{"href":"https:\/\/esildealba.com\/blog\/wp-json\/wp\/v2\/posts\/977","targetHints":{"allow":["GET"]}}],"collection":[{"href":"https:\/\/esildealba.com\/blog\/wp-json\/wp\/v2\/posts"}],"about":[{"href":"https:\/\/esildealba.com\/blog\/wp-json\/wp\/v2\/types\/post"}],"author":[{"embeddable":true,"href":"https:\/\/esildealba.com\/blog\/wp-json\/wp\/v2\/users\/1"}],"replies":[{"embeddable":true,"href":"https:\/\/esildealba.com\/blog\/wp-json\/wp\/v2\/comments?post=977"}],"version-history":[{"count":5,"href":"https:\/\/esildealba.com\/blog\/wp-json\/wp\/v2\/posts\/977\/revisions"}],"predecessor-version":[{"id":986,"href":"https:\/\/esildealba.com\/blog\/wp-json\/wp\/v2\/posts\/977\/revisions\/986"}],"wp:featuredmedia":[{"embeddable":true,"href":"https:\/\/esildealba.com\/blog\/wp-json\/wp\/v2\/media\/979"}],"wp:attachment":[{"href":"https:\/\/esildealba.com\/blog\/wp-json\/wp\/v2\/media?parent=977"}],"wp:term":[{"taxonomy":"category","embeddable":true,"href":"https:\/\/esildealba.com\/blog\/wp-json\/wp\/v2\/categories?post=977"},{"taxonomy":"post_tag","embeddable":true,"href":"https:\/\/esildealba.com\/blog\/wp-json\/wp\/v2\/tags?post=977"}],"curies":[{"name":"wp","href":"https:\/\/api.w.org\/{rel}","templated":true}]}}